{"id":91,"date":"2019-06-06T21:18:34","date_gmt":"2019-06-06T19:18:34","guid":{"rendered":"https:\/\/hausdeserinnerns.wordpress.com\/?p=91"},"modified":"2019-09-23T11:42:01","modified_gmt":"2019-09-23T09:42:01","slug":"frank-vorpahl-der-welterkunder-auf-der-suche-nach-georg-forster","status":"publish","type":"post","link":"https:\/\/www.haus-des-erinnerns-mainz.de\/index.php\/2019\/06\/06\/frank-vorpahl-der-welterkunder-auf-der-suche-nach-georg-forster\/","title":{"rendered":"Frank Vorpahl: Der Welterkunder. Auf der Suche nach Georg Forster"},"content":{"rendered":"\n<div class=\"wp-block-image\"><figure class=\"alignright\"><img decoding=\"async\" src=\"https:\/\/hausdeserinnerns.files.wordpress.com\/2019\/06\/csm_cover_vorpahl_der_welterkunder_galiani_berlin_46b9b6200c.jpg\" alt=\"(c) Verlag Galiani Berlin\" class=\"wp-image-92\"\/><figcaption> <strong>(c) Verlag Galiani Berlin<\/strong> <\/figcaption><\/figure><\/div>\n\n\n\n<p>Zu einer Filmvorf\u00fchrung und Buchvorstellung mit anschlie\u00dfendem Gespr\u00e4ch mit Frank Vorpahl l\u00e4dt das Haus des Erinnerns &#8211; f\u00fcr Demokratie und Akzeptanz Mainz am 24. Mai 2019 ein.<\/p>\n\n\n\n<p>Der Weltumsegler, Schriftsteller, Aufkl\u00e4rer und Revolution\u00e4r Georg Forster ist der geheime, der verdr\u00e4ngte, der unterschlagene Klassiker der deutschen Literatur. \u201eDer hellste Stern meiner Jugend. Durch ihn begann eine neue \u00c4ra wissenschaftlicher Reisen &#8230;\u201c Alexander von Humboldt \u00fcber Georg Forster. Georg Forster, 1754 im Nest Nassenhuben bei Danzig geboren, z\u00e4hlte gerade&nbsp; achtzehn&nbsp; Jahre,&nbsp; als er die Chance bekam mit seinem Vater James Cook auf seiner zweiten Weltreise zu begleiten. Die Eindr\u00fccke und Beobachtungen, die er in seiner&nbsp; Reise um die Welt zusammenfasste, begr\u00fcndeten seinen Ruf als herausragender Naturforscher und brillanter Schriftsteller. Er pflegte regen Austausch mit Goethe, Herder und Wieland und sympathisierte mit den Idealen der Franz\u00f6sischen Revolution, die er am Ende einer dreimonatigen Reise mit dem jungen Alexander von Humboldt in Paris aus unmittelbarer N\u00e4he erlebte. Forster war einer der Gr\u00fcnder der ersten deutschen Republik in Mainz, ein \u00fcberzeugter Jakobiner, der zum Deputierten in die Pariser Nationalversammlung gew\u00e4hlt wurde. In Deutschland vom Kerker bedroht, starb er 1794 vereinsamt und mittellos in Paris im Alter von nur 39 Jahren an den Folgen einer Tropenkrankheit.<\/p>\n\n\n\n<p><br>Dr. Frank Vorpahl, Historiker und Journalist (ZDF Aspekte) drehte zahlreiche Filme \u00fcber Forster, initiierte und benachwortete die gro\u00dfe&nbsp; Reise um die Welt, gab den Band &#8222;Georg Forster: James Cook, der Entdecker&#8220; mit den von ihm entdeckten Forster-Zeichnungen heraus und ist Kurator der ersten gesamtdeutschen Georg-Forster-Dauerausstellung in der UNESCO-Welterbest\u00e4tte Schloss W\u00f6rlitz, die am 5. Mai er\u00f6ffnet wird.&nbsp;<\/p>\n\n\n\n<p><em>Beginn: Freitag, 24. Mai 2019, 19:00 Uhr<br>Veranstaltungsort: Haus des Erinnerns &#8211; F\u00fcr Demokratie und Akzeptanz Mainz, Flachsmarktstr.36, Mainz.<br>Die Veranstaltung findet in Kooperation mit\u00a0 dem<a rel=\"noreferrer noopener\" aria-label=\" (\u00f6ffnet in neuem Tab)\" href=\"https:\/\/www.igl.uni-mainz.de\/aktuell\/nachrichten\/?no_cache=1\" target=\"_blank\">\u00a0Institut f\u00fcr Geschichtliche Landeskunde an der Universit\u00e4t Mainz e.V.,\u00a0<\/a>dem\u00a0<a rel=\"noreferrer noopener\" aria-label=\" (\u00f6ffnet in neuem Tab)\" href=\"https:\/\/www.landtag.rlp.de\/Startseite\/\" target=\"_blank\">Landtag Rheinland-Pfalz<\/a>\u00a0und dem\u00a0<a rel=\"noreferrer noopener\" aria-label=\" (\u00f6ffnet in neuem Tab)\" href=\"http:\/\/www.galiani.de\/\" target=\"_blank\">Verlag Galiani, Berlin<\/a>\u00a0statt.<br>Den Veranstaltungsflyer finden Sie\u00a0<a href=\"https:\/\/www.haus-des-erinnerns-mainz.de\/wp-content\/uploads\/2019\/09\/HDE_Veranstaltungsflyer_LAY05_2019.pdf\" target=\"_blank\" rel=\"noreferrer noopener\" aria-label=\" (\u00f6ffnet in neuem Tab)\">hier.<\/a><\/em><\/p>\n","protected":false},"excerpt":{"rendered":"<p>Zu einer Filmvorf\u00fchrung und Buchvorstellung mit anschlie\u00dfendem Gespr\u00e4ch mit Frank Vorpahl l\u00e4dt das Haus des Erinnerns &#8211; f\u00fcr Demokratie und Akzeptanz Mainz am 24. Mai 2019 ein.<\/p>\n<p> <a class=\"continue-reading-link\" href=\"https:\/\/www.haus-des-erinnerns-mainz.de\/index.php\/2019\/06\/06\/frank-vorpahl-der-welterkunder-auf-der-suche-nach-georg-forster\/\"><span>Weiterlesen<\/span><i class=\"crycon-right-dir\"><\/i><\/a> <\/p>\n","protected":false},"author":1,"featured_media":0,"comment_status":"closed","ping_status":"closed","sticky":false,"template":"","format":"standard","meta":{"episode_type":"","audio_file":"","podmotor_file_id":"","podmotor_episode_id":"","cover_image":"","cover_image_id":"","duration":"","filesize":"","filesize_raw":"","date_recorded":"","explicit":"","block":"","ngg_post_thumbnail":0,"_price":"","_stock":"","_tribe_ticket_header":"","_tribe_default_ticket_provider":"","_tribe_ticket_capacity":"0","_ticket_start_date":"","_ticket_end_date":"","_tribe_ticket_show_description":"","_tribe_ticket_show_not_going":false,"_tribe_ticket_use_global_stock":"","_tribe_ticket_global_stock_level":"","_global_stock_mode":"","_global_stock_cap":"","_tribe_rsvp_for_event":"","_tribe_ticket_going_count":"","_tribe_ticket_not_going_count":"","_tribe_tickets_list":"[]","_tribe_ticket_has_attendee_info_fields":false,"footnotes":""},"categories":[1,86,9],"tags":[5,6,7,8],"series":[547],"class_list":["post-91","post","type-post","status-publish","format-standard","hentry","category-allgemein","category-archiv","category-termin-2019","tag-buchvorstellung","tag-filmvorfuehrung","tag-frank-vorpahl","tag-georg-forster","series-haus-des-erinnerns"],"episode_featured_image":false,"episode_player_image":"https:\/\/www.haus-des-erinnerns-mainz.de\/wp-content\/plugins\/seriously-simple-podcasting\/assets\/images\/no-album-art.png","download_link":"","player_link":"","audio_player":false,"episode_data":{"playerMode":"dark","subscribeUrls":[],"rssFeedUrl":"https:\/\/www.haus-des-erinnerns-mainz.de\/feed\/podcast\/haus-des-erinnerns","embedCode":"<blockquote class=\"wp-embedded-content\" data-secret=\"wu4hXioEkQ\"><a href=\"https:\/\/www.haus-des-erinnerns-mainz.de\/index.php\/2019\/06\/06\/frank-vorpahl-der-welterkunder-auf-der-suche-nach-georg-forster\/\">Frank Vorpahl: Der Welterkunder. Auf der Suche nach Georg Forster<\/a><\/blockquote><iframe sandbox=\"allow-scripts\" security=\"restricted\" src=\"https:\/\/www.haus-des-erinnerns-mainz.de\/index.php\/2019\/06\/06\/frank-vorpahl-der-welterkunder-auf-der-suche-nach-georg-forster\/embed\/#?secret=wu4hXioEkQ\" width=\"500\" height=\"350\" title=\"&#8222;Frank Vorpahl: Der Welterkunder. Auf der Suche nach Georg Forster&#8220; &#8211; Haus des Erinnerns\" data-secret=\"wu4hXioEkQ\" frameborder=\"0\" marginwidth=\"0\" marginheight=\"0\" scrolling=\"no\" class=\"wp-embedded-content\"><\/iframe><script type=\"text\/javascript\">\n\/* <![CDATA[ *\/\n\/*! This file is auto-generated *\/\n!function(d,l){\"use strict\";l.querySelector&&d.addEventListener&&\"undefined\"!=typeof URL&&(d.wp=d.wp||{},d.wp.receiveEmbedMessage||(d.wp.receiveEmbedMessage=function(e){var t=e.data;if((t||t.secret||t.message||t.value)&&!\/[^a-zA-Z0-9]\/.test(t.secret)){for(var s,r,n,a=l.querySelectorAll('iframe[data-secret=\"'+t.secret+'\"]'),o=l.querySelectorAll('blockquote[data-secret=\"'+t.secret+'\"]'),c=new RegExp(\"^https?:$\",\"i\"),i=0;i<o.length;i++)o[i].style.display=\"none\";for(i=0;i<a.length;i++)s=a[i],e.source===s.contentWindow&&(s.removeAttribute(\"style\"),\"height\"===t.message?(1e3<(r=parseInt(t.value,10))?r=1e3:~~r<200&&(r=200),s.height=r):\"link\"===t.message&&(r=new URL(s.getAttribute(\"src\")),n=new URL(t.value),c.test(n.protocol))&&n.host===r.host&&l.activeElement===s&&(d.top.location.href=t.value))}},d.addEventListener(\"message\",d.wp.receiveEmbedMessage,!1),l.addEventListener(\"DOMContentLoaded\",function(){for(var e,t,s=l.querySelectorAll(\"iframe.wp-embedded-content\"),r=0;r<s.length;r++)(t=(e=s[r]).getAttribute(\"data-secret\"))||(t=Math.random().toString(36).substring(2,12),e.src+=\"#?secret=\"+t,e.setAttribute(\"data-secret\",t)),e.contentWindow.postMessage({message:\"ready\",secret:t},\"*\")},!1)))}(window,document);\n\/* ]]> *\/\n<\/script>\n"},"_links":{"self":[{"href":"https:\/\/www.haus-des-erinnerns-mainz.de\/index.php\/wp-json\/wp\/v2\/posts\/91","targetHints":{"allow":["GET"]}}],"collection":[{"href":"https:\/\/www.haus-des-erinnerns-mainz.de\/index.php\/wp-json\/wp\/v2\/posts"}],"about":[{"href":"https:\/\/www.haus-des-erinnerns-mainz.de\/index.php\/wp-json\/wp\/v2\/types\/post"}],"author":[{"embeddable":true,"href":"https:\/\/www.haus-des-erinnerns-mainz.de\/index.php\/wp-json\/wp\/v2\/users\/1"}],"replies":[{"embeddable":true,"href":"https:\/\/www.haus-des-erinnerns-mainz.de\/index.php\/wp-json\/wp\/v2\/comments?post=91"}],"version-history":[{"count":4,"href":"https:\/\/www.haus-des-erinnerns-mainz.de\/index.php\/wp-json\/wp\/v2\/posts\/91\/revisions"}],"predecessor-version":[{"id":948,"href":"https:\/\/www.haus-des-erinnerns-mainz.de\/index.php\/wp-json\/wp\/v2\/posts\/91\/revisions\/948"}],"wp:attachment":[{"href":"https:\/\/www.haus-des-erinnerns-mainz.de\/index.php\/wp-json\/wp\/v2\/media?parent=91"}],"wp:term":[{"taxonomy":"category","embeddable":true,"href":"https:\/\/www.haus-des-erinnerns-mainz.de\/index.php\/wp-json\/wp\/v2\/categories?post=91"},{"taxonomy":"post_tag","embeddable":true,"href":"https:\/\/www.haus-des-erinnerns-mainz.de\/index.php\/wp-json\/wp\/v2\/tags?post=91"},{"taxonomy":"series","embeddable":true,"href":"https:\/\/www.haus-des-erinnerns-mainz.de\/index.php\/wp-json\/wp\/v2\/series?post=91"}],"curies":[{"name":"wp","href":"https:\/\/api.w.org\/{rel}","templated":true}]}}