{"id":865,"date":"2019-06-10T18:59:42","date_gmt":"2019-06-10T16:59:42","guid":{"rendered":"http:\/\/v2.haus-des-erinnerns-mainz.de\/?p=865"},"modified":"2019-10-08T18:14:55","modified_gmt":"2019-10-08T16:14:55","slug":"der-welterkunder-auf-der-suche-nach-georg-forster","status":"publish","type":"post","link":"https:\/\/www.haus-des-erinnerns-mainz.de\/index.php\/2019\/06\/10\/der-welterkunder-auf-der-suche-nach-georg-forster\/","title":{"rendered":"Der Welterkunder &#8211; Auf der Suche nach Georg Forster"},"content":{"rendered":"\n<p> Von Jasmin Gr\u00f6ninger <\/p>\n\n\n\n<div class=\"wp-block-image\"><figure class=\"alignleft is-resized\"><img loading=\"lazy\" decoding=\"async\" src=\"https:\/\/www.haus-des-erinnerns-mainz.de\/wp-content\/uploads\/2019\/09\/csm_Cover_Vorpahl_Der_Welterkunder_Galiani_Berlin_01_31bdf86a59.jpg\" alt=\"(c) Verlag Galiani Berlin\" class=\"wp-image-866\" width=\"108\" height=\"172\" srcset=\"https:\/\/www.haus-des-erinnerns-mainz.de\/wp-content\/uploads\/2019\/09\/csm_Cover_Vorpahl_Der_Welterkunder_Galiani_Berlin_01_31bdf86a59.jpg 113w, https:\/\/www.haus-des-erinnerns-mainz.de\/wp-content\/uploads\/2019\/09\/csm_Cover_Vorpahl_Der_Welterkunder_Galiani_Berlin_01_31bdf86a59-94x150.jpg 94w\" sizes=\"auto, (max-width: 108px) 100vw, 108px\" \/><figcaption><strong>(c) Verlag Galiani Berlin<\/strong> <\/figcaption><\/figure><\/div>\n\n\n\n<p>Frank Vorpahl ist fasziniert von Georg Forster \u2013 dem Weltumsegler, Freidenker, Naturkundler, Philosophen und Mitbegr\u00fcnder der \u201eMainzer Republik\u201c. Seit \u00fcber 20 Jahren reist er auf den Spuren Georg Forsters rund um die Welt und besucht Orte, an denen sich dieser aufhielt. <\/p>\n\n\n\n<p>Am Freitag, den 24. Mai 2019 stellte Frank Vorpahl seine Publikation \u201eAuf der Suche nach Georg Forster\u201c im Haus des Erinnerns \u2013 f\u00fcr Demokratie und Akzeptanz vor. Durch seine lebhaften und anekdotenreichen Erz\u00e4hlungen \u00fcber Georg Forster und \u00fcber seine eigenen Reisen auf Forsters Spuren, konnte Frank Vorpahl die Besucher und Besucherinnen begeistern. Veranschaulicht wurde der Vortrag durch zahlreiche Fotos und Abbildungen. Als Forsters Wohnhaus in Mainz gezeigt wurde, meldete sich spontan der im Publikum sitzende aktuelle Bewohner des Hauses zu Wort. Das Interesse sich mit Georg Forster zu besch\u00e4ftigen und auch die von ihm kuratierte Georg Forster Ausstellung in W\u00f6rlitz zu besuchen, hat Frank Vorpahl auf jeden Fall geweckt. Auch nach dem Vortrag wurden bei Brezeln und Wein noch zahlreiche Fragen gestellt und sich untereinander ausgetauscht.&nbsp; <\/p>\n","protected":false},"excerpt":{"rendered":"<p>Von Jasmin Gr\u00f6ninger Frank Vorpahl ist fasziniert von Georg Forster \u2013 dem Weltumsegler, Freidenker, Naturkundler, Philosophen und Mitbegr\u00fcnder der \u201eMainzer Republik\u201c. Seit \u00fcber 20 Jahren reist er auf den Spuren Georg Forsters rund um die Welt und besucht Orte, an denen sich dieser aufhielt. Am Freitag, den 24. Mai 2019&#8230;<\/p>\n<p> <a class=\"continue-reading-link\" href=\"https:\/\/www.haus-des-erinnerns-mainz.de\/index.php\/2019\/06\/10\/der-welterkunder-auf-der-suche-nach-georg-forster\/\"><span>Weiterlesen<\/span><i class=\"crycon-right-dir\"><\/i><\/a> <\/p>\n","protected":false},"author":1,"featured_media":866,"comment_status":"closed","ping_status":"open","sticky":false,"template":"","format":"standard","meta":{"episode_type":"","audio_file":"","podmotor_file_id":"","podmotor_episode_id":"","cover_image":"","cover_image_id":"","duration":"","filesize":"","filesize_raw":"","date_recorded":"","explicit":"","block":"","ngg_post_thumbnail":0,"_price":"","_stock":"","_tribe_ticket_header":"","_tribe_default_ticket_provider":"","_tribe_ticket_capacity":"0","_ticket_start_date":"","_ticket_end_date":"","_tribe_ticket_show_description":"","_tribe_ticket_show_not_going":false,"_tribe_ticket_use_global_stock":"","_tribe_ticket_global_stock_level":"","_global_stock_mode":"","_global_stock_cap":"","_tribe_rsvp_for_event":"","_tribe_ticket_going_count":"","_tribe_ticket_not_going_count":"","_tribe_tickets_list":"[]","_tribe_ticket_has_attendee_info_fields":false,"footnotes":""},"categories":[86,87],"tags":[],"series":[547],"class_list":["post-865","post","type-post","status-publish","format-standard","has-post-thumbnail","hentry","category-archiv","category-nachberichte","series-haus-des-erinnerns"],"episode_featured_image":"https:\/\/www.haus-des-erinnerns-mainz.de\/wp-content\/uploads\/2019\/09\/csm_Cover_Vorpahl_Der_Welterkunder_Galiani_Berlin_01_31bdf86a59.jpg","episode_player_image":"https:\/\/www.haus-des-erinnerns-mainz.de\/wp-content\/plugins\/seriously-simple-podcasting\/assets\/images\/no-album-art.png","download_link":"","player_link":"","audio_player":false,"episode_data":{"playerMode":"dark","subscribeUrls":[],"rssFeedUrl":"https:\/\/www.haus-des-erinnerns-mainz.de\/feed\/podcast\/haus-des-erinnerns","embedCode":"<blockquote class=\"wp-embedded-content\" data-secret=\"ukDFXUVWLD\"><a href=\"https:\/\/www.haus-des-erinnerns-mainz.de\/index.php\/2019\/06\/10\/der-welterkunder-auf-der-suche-nach-georg-forster\/\">Der Welterkunder &#8211; Auf der Suche nach Georg Forster<\/a><\/blockquote><iframe sandbox=\"allow-scripts\" security=\"restricted\" src=\"https:\/\/www.haus-des-erinnerns-mainz.de\/index.php\/2019\/06\/10\/der-welterkunder-auf-der-suche-nach-georg-forster\/embed\/#?secret=ukDFXUVWLD\" width=\"500\" height=\"350\" title=\"&#8222;Der Welterkunder &#8211; Auf der Suche nach Georg Forster&#8220; &#8211; Haus des Erinnerns\" data-secret=\"ukDFXUVWLD\" frameborder=\"0\" marginwidth=\"0\" marginheight=\"0\" scrolling=\"no\" class=\"wp-embedded-content\"><\/iframe><script type=\"text\/javascript\">\n\/* <![CDATA[ *\/\n\/*! This file is auto-generated *\/\n!function(d,l){\"use strict\";l.querySelector&&d.addEventListener&&\"undefined\"!=typeof URL&&(d.wp=d.wp||{},d.wp.receiveEmbedMessage||(d.wp.receiveEmbedMessage=function(e){var t=e.data;if((t||t.secret||t.message||t.value)&&!\/[^a-zA-Z0-9]\/.test(t.secret)){for(var s,r,n,a=l.querySelectorAll('iframe[data-secret=\"'+t.secret+'\"]'),o=l.querySelectorAll('blockquote[data-secret=\"'+t.secret+'\"]'),c=new RegExp(\"^https?:$\",\"i\"),i=0;i<o.length;i++)o[i].style.display=\"none\";for(i=0;i<a.length;i++)s=a[i],e.source===s.contentWindow&&(s.removeAttribute(\"style\"),\"height\"===t.message?(1e3<(r=parseInt(t.value,10))?r=1e3:~~r<200&&(r=200),s.height=r):\"link\"===t.message&&(r=new URL(s.getAttribute(\"src\")),n=new URL(t.value),c.test(n.protocol))&&n.host===r.host&&l.activeElement===s&&(d.top.location.href=t.value))}},d.addEventListener(\"message\",d.wp.receiveEmbedMessage,!1),l.addEventListener(\"DOMContentLoaded\",function(){for(var e,t,s=l.querySelectorAll(\"iframe.wp-embedded-content\"),r=0;r<s.length;r++)(t=(e=s[r]).getAttribute(\"data-secret\"))||(t=Math.random().toString(36).substring(2,12),e.src+=\"#?secret=\"+t,e.setAttribute(\"data-secret\",t)),e.contentWindow.postMessage({message:\"ready\",secret:t},\"*\")},!1)))}(window,document);\n\/* ]]> *\/\n<\/script>\n"},"_links":{"self":[{"href":"https:\/\/www.haus-des-erinnerns-mainz.de\/index.php\/wp-json\/wp\/v2\/posts\/865","targetHints":{"allow":["GET"]}}],"collection":[{"href":"https:\/\/www.haus-des-erinnerns-mainz.de\/index.php\/wp-json\/wp\/v2\/posts"}],"about":[{"href":"https:\/\/www.haus-des-erinnerns-mainz.de\/index.php\/wp-json\/wp\/v2\/types\/post"}],"author":[{"embeddable":true,"href":"https:\/\/www.haus-des-erinnerns-mainz.de\/index.php\/wp-json\/wp\/v2\/users\/1"}],"replies":[{"embeddable":true,"href":"https:\/\/www.haus-des-erinnerns-mainz.de\/index.php\/wp-json\/wp\/v2\/comments?post=865"}],"version-history":[{"count":9,"href":"https:\/\/www.haus-des-erinnerns-mainz.de\/index.php\/wp-json\/wp\/v2\/posts\/865\/revisions"}],"predecessor-version":[{"id":1149,"href":"https:\/\/www.haus-des-erinnerns-mainz.de\/index.php\/wp-json\/wp\/v2\/posts\/865\/revisions\/1149"}],"wp:featuredmedia":[{"embeddable":true,"href":"https:\/\/www.haus-des-erinnerns-mainz.de\/index.php\/wp-json\/wp\/v2\/media\/866"}],"wp:attachment":[{"href":"https:\/\/www.haus-des-erinnerns-mainz.de\/index.php\/wp-json\/wp\/v2\/media?parent=865"}],"wp:term":[{"taxonomy":"category","embeddable":true,"href":"https:\/\/www.haus-des-erinnerns-mainz.de\/index.php\/wp-json\/wp\/v2\/categories?post=865"},{"taxonomy":"post_tag","embeddable":true,"href":"https:\/\/www.haus-des-erinnerns-mainz.de\/index.php\/wp-json\/wp\/v2\/tags?post=865"},{"taxonomy":"series","embeddable":true,"href":"https:\/\/www.haus-des-erinnerns-mainz.de\/index.php\/wp-json\/wp\/v2\/series?post=865"}],"curies":[{"name":"wp","href":"https:\/\/api.w.org\/{rel}","templated":true}]}}