{"id":845,"date":"2019-02-20T18:14:56","date_gmt":"2019-02-20T17:14:56","guid":{"rendered":"http:\/\/v2.haus-des-erinnerns-mainz.de\/?p=845"},"modified":"2020-07-02T17:43:50","modified_gmt":"2020-07-02T15:43:50","slug":"vom-raub-zur-restitution-mainzer-fallbeispiele-zur-nachkriegsgeschichte-der-ns-verfolgung","status":"publish","type":"post","link":"https:\/\/www.haus-des-erinnerns-mainz.de\/index.php\/2019\/02\/20\/vom-raub-zur-restitution-mainzer-fallbeispiele-zur-nachkriegsgeschichte-der-ns-verfolgung\/","title":{"rendered":"\u201eVom Raub zur Restitution\u201c. Mainzer Fallbeispiele zur Nachkriegsgeschichte der NS-Verfolgung"},"content":{"rendered":"\n<h2 class=\"wp-block-heading\">Singleview: Haus des Erinnerns (Nachberichte)  <\/h2>\n\n\n\n<p> Von Jasmin Gr\u00f6ninger <\/p>\n\n\n\n<div class=\"wp-block-image\"><figure class=\"alignleft is-resized\"><img loading=\"lazy\" decoding=\"async\" src=\"https:\/\/www.haus-des-erinnerns-mainz.de\/wp-content\/uploads\/2019\/09\/csm_Provenienz_Recherche_01_9aaad6e930.jpg\" alt=\"\u00a9 GDKE \u2013 Landesmuseum Mainz (Foto: Ursula Rudischer)\" class=\"wp-image-846\" width=\"211\" height=\"153\" srcset=\"https:\/\/www.haus-des-erinnerns-mainz.de\/wp-content\/uploads\/2019\/09\/csm_Provenienz_Recherche_01_9aaad6e930.jpg 240w, https:\/\/www.haus-des-erinnerns-mainz.de\/wp-content\/uploads\/2019\/09\/csm_Provenienz_Recherche_01_9aaad6e930-150x109.jpg 150w\" sizes=\"auto, (max-width: 211px) 100vw, 211px\" \/><figcaption>\u00a9 GDKE \u2013 Landesmuseum Mainz <br>(Foto: Ursula Rudischer)<\/figcaption><\/figure><\/div>\n\n\n\n<p>Dr. Emily L\u00f6ffler stellte am 7. Februar in ihrem Vortrag &#8222;Vom Raub zur Restitution&#8220;. Mainzer Fallbeispiele zur Nachkriegsgeschichte der NS-Verfolgung vor.<\/p>\n\n\n\n<p><\/p>\n\n\n\n<p>Die Provenienzforscherin arbeitete an dem dreij\u00e4hrigen Forschungsprojekt des Landesmuseums Mainz. Sie erforschte, ausgehend von Eintragungen, die auf den R\u00fcckseiten von Gem\u00e4lden gefunden wurden, anhand von Etiketten, Listen und Nummerierungen, ob sich die Objekte in der Verwaltung der regionalen Finanz\u00e4mter befunden hatten und wie diese in den Bestand des Museums gelangten. Am Beispiel von Mainzer Familien verdeutlichte sie die Schwierigkeiten, die Objekte bis zu ihren urspr\u00fcnglichen Besitzerinnen und Besitzern zur\u00fcckzuverfolgen. Das Landesmuseum Mainz stellte sich mit diesem Projekt einem wichtigen, aber auch schwierigen Kapitel seiner eigenen Institutionsgeschichte. Zwischen 1941 und 1943 erhielt das heutige Landesmuseum von der Reichsfinanzverwaltung 60 Gem\u00e4lde, mehrere Grafik-Konvolute und 10 M\u00f6belst\u00fccke. Diese waren in der NS-Zeit Teil Beschlagnahmung von &#8222;j\u00fcdischem Verm\u00f6gen&#8220;. Die Reichsfinanzverwaltung versah die Besitzt\u00fcmer mit einer Nummer und machte es damit nahezu unm\u00f6glich, die Namen der eigentlichen Besitzer zu rekonstruieren. Bei der \u00dcbergabe an das Museum wurden diese Best\u00e4nde mit einer sogenannten &#8222;J-Nummer&#8220; versehen. Auch nach dem Zweiten Weltkrieg wurden die Objekte im Museum verwahrt, schilderte L\u00f6ffler. Die Best\u00e4nde galten zwar als Sonderbestand, ein Versuch der Restitution wurde jedoch nicht gemacht. Die Gesch\u00e4digten selbst und ihre Nachfahren mussten aufw\u00e4ndige Entsch\u00e4digungs- oder Wiedergutmachungsantr\u00e4ge stellen, um &#8211; nur im Ausnahmefall erfolgreich &#8211; ihre Besitzt\u00fcmer wieder zu erlangen. Doch wie kommt man an seinen Besitz, der auf verschiedene Museen und Privateigent\u00fcmer verteilt wurde, wenn die Registrierungslisten angeblich verbrannt waren? &#8211; Nur in einem Fall wurde einer Familie in Mainz der Besitz zur\u00fcckgeben. Der Vortragssaal im Haus des Erinnerns &#8211; f\u00fcr Demokratie und Akzeptanz war an diesem Abend von einem sehr interessierten Publikum gut besucht. Die rund f\u00fcnfzig Teilnehmerinnen und Teilnehmer scheuten sich nach dem Vortrag nicht, weitere Fragen zu Frau Dr. L\u00f6fflers &#8222;Dedektivarbeit&#8220; zu stellen und unter der Moderation von Dr. Frank Teske vom Mainzer Stadtarchiv (stv. Vorsitzender des Stiftungsrats der Stiftung &#8222;Haus des Erinnerns &#8211; f\u00fcr Demokratie und Akzeptanz Mainz) lebhaft zu diskutieren. Weitere Informationen zur Provenienzforschung gibt es schon bald im Landesmuseum Mainz, das als Kooperationspartner die Veranstaltung mit organisiert hatte:<\/p>\n\n\n\n<p><strong>Am 17. Februar wird die Sonderausstellung \u201e&#8217;Betrifft: Erwerb aus j\u00fcdischem Besitz.&#8216; Provenienzforschung am Landesmuseum Mainz\u201c er\u00f6ffnet.<\/strong><\/p>\n\n\n\n<p><em>Ausstellungszeit: Sonntag, 17. Februar 2019 bis Sonntag, 28. April 2019<br>Veranstaltungsort: Landesmuseum Mainz, Gro\u00dfe Bleiche 49-51, Mainz<br>Einen Bericht zur Ausstellung finden Sie&nbsp;<a href=\"https:\/\/www.allgemeine-zeitung.de\/lokales\/mainz\/nachrichten-mainz\/ein-schwieriges-erbe_19963761\" target=\"_blank\" rel=\"noreferrer noopener\" aria-label=\" (\u00f6ffnet in neuem Tab)\">hier.<\/a><\/em><\/p>\n","protected":false},"excerpt":{"rendered":"<p>Singleview: Haus des Erinnerns (Nachberichte) Von Jasmin Gr\u00f6ninger Dr. Emily L\u00f6ffler stellte am 7. Februar in ihrem Vortrag &#8222;Vom Raub zur Restitution&#8220;. Mainzer Fallbeispiele zur Nachkriegsgeschichte der NS-Verfolgung vor. Die Provenienzforscherin arbeitete an dem dreij\u00e4hrigen Forschungsprojekt des Landesmuseums Mainz. Sie erforschte, ausgehend von Eintragungen, die auf den R\u00fcckseiten von Gem\u00e4lden&#8230;<\/p>\n<p> <a class=\"continue-reading-link\" href=\"https:\/\/www.haus-des-erinnerns-mainz.de\/index.php\/2019\/02\/20\/vom-raub-zur-restitution-mainzer-fallbeispiele-zur-nachkriegsgeschichte-der-ns-verfolgung\/\"><span>Weiterlesen<\/span><i class=\"crycon-right-dir\"><\/i><\/a> <\/p>\n","protected":false},"author":1,"featured_media":846,"comment_status":"closed","ping_status":"open","sticky":false,"template":"","format":"standard","meta":{"episode_type":"audio","audio_file":"","podmotor_file_id":"","podmotor_episode_id":"","cover_image":"","cover_image_id":"","duration":"","filesize":"","filesize_raw":"","date_recorded":"","explicit":"","block":"","ngg_post_thumbnail":0,"_price":"","_stock":"","_tribe_ticket_header":"","_tribe_default_ticket_provider":"","_tribe_ticket_capacity":"0","_ticket_start_date":"","_ticket_end_date":"","_tribe_ticket_show_description":"","_tribe_ticket_show_not_going":false,"_tribe_ticket_use_global_stock":"","_tribe_ticket_global_stock_level":"","_global_stock_mode":"","_global_stock_cap":"","_tribe_rsvp_for_event":"","_tribe_ticket_going_count":"","_tribe_ticket_not_going_count":"","_tribe_tickets_list":"[]","_tribe_ticket_has_attendee_info_fields":false,"footnotes":""},"categories":[86,87],"tags":[],"series":[547],"class_list":["post-845","post","type-post","status-publish","format-standard","has-post-thumbnail","hentry","category-archiv","category-nachberichte","series-haus-des-erinnerns"],"episode_featured_image":"https:\/\/www.haus-des-erinnerns-mainz.de\/wp-content\/uploads\/2019\/09\/csm_Provenienz_Recherche_01_9aaad6e930.jpg","episode_player_image":"https:\/\/www.haus-des-erinnerns-mainz.de\/wp-content\/plugins\/seriously-simple-podcasting\/assets\/images\/no-album-art.png","download_link":"","player_link":"","audio_player":false,"episode_data":{"playerMode":"dark","subscribeUrls":[],"rssFeedUrl":"https:\/\/www.haus-des-erinnerns-mainz.de\/feed\/podcast\/haus-des-erinnerns","embedCode":"<blockquote class=\"wp-embedded-content\" data-secret=\"8ChHaGN6yw\"><a href=\"https:\/\/www.haus-des-erinnerns-mainz.de\/index.php\/2019\/02\/20\/vom-raub-zur-restitution-mainzer-fallbeispiele-zur-nachkriegsgeschichte-der-ns-verfolgung\/\">\u201eVom Raub zur Restitution\u201c. Mainzer Fallbeispiele zur Nachkriegsgeschichte der NS-Verfolgung<\/a><\/blockquote><iframe sandbox=\"allow-scripts\" security=\"restricted\" src=\"https:\/\/www.haus-des-erinnerns-mainz.de\/index.php\/2019\/02\/20\/vom-raub-zur-restitution-mainzer-fallbeispiele-zur-nachkriegsgeschichte-der-ns-verfolgung\/embed\/#?secret=8ChHaGN6yw\" width=\"500\" height=\"350\" title=\"&#8222;\u201eVom Raub zur Restitution\u201c. Mainzer Fallbeispiele zur Nachkriegsgeschichte der NS-Verfolgung&#8220; &#8211; Haus des Erinnerns\" data-secret=\"8ChHaGN6yw\" frameborder=\"0\" marginwidth=\"0\" marginheight=\"0\" scrolling=\"no\" class=\"wp-embedded-content\"><\/iframe><script type=\"text\/javascript\">\n\/* <![CDATA[ *\/\n\/*! This file is auto-generated *\/\n!function(d,l){\"use strict\";l.querySelector&&d.addEventListener&&\"undefined\"!=typeof URL&&(d.wp=d.wp||{},d.wp.receiveEmbedMessage||(d.wp.receiveEmbedMessage=function(e){var t=e.data;if((t||t.secret||t.message||t.value)&&!\/[^a-zA-Z0-9]\/.test(t.secret)){for(var s,r,n,a=l.querySelectorAll('iframe[data-secret=\"'+t.secret+'\"]'),o=l.querySelectorAll('blockquote[data-secret=\"'+t.secret+'\"]'),c=new RegExp(\"^https?:$\",\"i\"),i=0;i<o.length;i++)o[i].style.display=\"none\";for(i=0;i<a.length;i++)s=a[i],e.source===s.contentWindow&&(s.removeAttribute(\"style\"),\"height\"===t.message?(1e3<(r=parseInt(t.value,10))?r=1e3:~~r<200&&(r=200),s.height=r):\"link\"===t.message&&(r=new URL(s.getAttribute(\"src\")),n=new URL(t.value),c.test(n.protocol))&&n.host===r.host&&l.activeElement===s&&(d.top.location.href=t.value))}},d.addEventListener(\"message\",d.wp.receiveEmbedMessage,!1),l.addEventListener(\"DOMContentLoaded\",function(){for(var e,t,s=l.querySelectorAll(\"iframe.wp-embedded-content\"),r=0;r<s.length;r++)(t=(e=s[r]).getAttribute(\"data-secret\"))||(t=Math.random().toString(36).substring(2,12),e.src+=\"#?secret=\"+t,e.setAttribute(\"data-secret\",t)),e.contentWindow.postMessage({message:\"ready\",secret:t},\"*\")},!1)))}(window,document);\n\/* ]]> *\/\n<\/script>\n"},"_links":{"self":[{"href":"https:\/\/www.haus-des-erinnerns-mainz.de\/index.php\/wp-json\/wp\/v2\/posts\/845","targetHints":{"allow":["GET"]}}],"collection":[{"href":"https:\/\/www.haus-des-erinnerns-mainz.de\/index.php\/wp-json\/wp\/v2\/posts"}],"about":[{"href":"https:\/\/www.haus-des-erinnerns-mainz.de\/index.php\/wp-json\/wp\/v2\/types\/post"}],"author":[{"embeddable":true,"href":"https:\/\/www.haus-des-erinnerns-mainz.de\/index.php\/wp-json\/wp\/v2\/users\/1"}],"replies":[{"embeddable":true,"href":"https:\/\/www.haus-des-erinnerns-mainz.de\/index.php\/wp-json\/wp\/v2\/comments?post=845"}],"version-history":[{"count":6,"href":"https:\/\/www.haus-des-erinnerns-mainz.de\/index.php\/wp-json\/wp\/v2\/posts\/845\/revisions"}],"predecessor-version":[{"id":2394,"href":"https:\/\/www.haus-des-erinnerns-mainz.de\/index.php\/wp-json\/wp\/v2\/posts\/845\/revisions\/2394"}],"wp:featuredmedia":[{"embeddable":true,"href":"https:\/\/www.haus-des-erinnerns-mainz.de\/index.php\/wp-json\/wp\/v2\/media\/846"}],"wp:attachment":[{"href":"https:\/\/www.haus-des-erinnerns-mainz.de\/index.php\/wp-json\/wp\/v2\/media?parent=845"}],"wp:term":[{"taxonomy":"category","embeddable":true,"href":"https:\/\/www.haus-des-erinnerns-mainz.de\/index.php\/wp-json\/wp\/v2\/categories?post=845"},{"taxonomy":"post_tag","embeddable":true,"href":"https:\/\/www.haus-des-erinnerns-mainz.de\/index.php\/wp-json\/wp\/v2\/tags?post=845"},{"taxonomy":"series","embeddable":true,"href":"https:\/\/www.haus-des-erinnerns-mainz.de\/index.php\/wp-json\/wp\/v2\/series?post=845"}],"curies":[{"name":"wp","href":"https:\/\/api.w.org\/{rel}","templated":true}]}}