{"id":8252,"date":"2026-01-08T14:43:08","date_gmt":"2026-01-08T13:43:08","guid":{"rendered":"https:\/\/www.haus-des-erinnerns-mainz.de\/?p=8252"},"modified":"2026-01-08T14:48:11","modified_gmt":"2026-01-08T13:48:11","slug":"mainzer-erinnerungswochen","status":"publish","type":"post","link":"https:\/\/www.haus-des-erinnerns-mainz.de\/index.php\/2026\/01\/08\/mainzer-erinnerungswochen\/","title":{"rendered":"Mainzer Erinnerungswochen"},"content":{"rendered":"\n<p>Gemeinsam mit unseren Kooperationspartnern laden wir zu den Mainzer Erinnerungswochen ein. Wie jedes Jahr, beteiligen wir uns mit mehreren Veranstaltungen am Programm des rheinland-pf\u00e4lzischen Landtags anl\u00e4sslich des Gedenktages 27. Januar. <\/p>\n\n\n\n<p><a href=\"https:\/\/www.haus-des-erinnerns-mainz.de\/wp-content\/uploads\/2026\/01\/2026-Mainzer-Erinnerungswochen-Faltblatt_komp.pdf\">Hier<\/a> gelangen Sie zum <a href=\"https:\/\/www.haus-des-erinnerns-mainz.de\/wp-content\/uploads\/2026\/01\/2026-Mainzer-Erinnerungswochen-Faltblatt_komp.pdf\">Veranstaltungsflyer<\/a> der Mainzer Erinnerungswochen.<\/p>\n\n\n\n<p>Veranstalter und Kooperationspartner der Mainzer Erinnerungswochen 2026 sind: FC Ente Bagdad, 1. FSV Mainz 05, Landessportbund Rheinland-Pfalz, Akademie des Bistums Mainz, Gesch\u00e4ftsstelle Weltkirche des Bistums Mainz, Fanprojekt Mainz, Frauenb\u00fcro der Stadt Mainz, !NieWieder-Initiative und Verein f\u00fcr Sozialgeschichte Mainz e.V. <\/p>\n\n\n\n<p><\/p>\n","protected":false},"excerpt":{"rendered":"<p>Gemeinsam mit unseren Kooperationspartnern laden wir zu den Mainzer Erinnerungswochen ein. Wie jedes Jahr, beteiligen wir uns mit mehreren Veranstaltungen am Programm des rheinland-pf\u00e4lzischen Landtags anl\u00e4sslich des Gedenktages 27. Januar. Hier gelangen Sie zum Veranstaltungsflyer der Mainzer Erinnerungswochen. Veranstalter und Kooperationspartner der Mainzer Erinnerungswochen 2026 sind: FC Ente Bagdad, 1&#8230;.<\/p>\n<p> <a class=\"continue-reading-link\" href=\"https:\/\/www.haus-des-erinnerns-mainz.de\/index.php\/2026\/01\/08\/mainzer-erinnerungswochen\/\"><span>Weiterlesen<\/span><i class=\"crycon-right-dir\"><\/i><\/a> <\/p>\n","protected":false},"author":4,"featured_media":8254,"comment_status":"closed","ping_status":"closed","sticky":false,"template":"","format":"standard","meta":{"episode_type":"audio","audio_file":"","podmotor_file_id":"","podmotor_episode_id":"","cover_image":"","cover_image_id":"","duration":"","filesize":"","filesize_raw":"","date_recorded":"","explicit":"","block":"","ngg_post_thumbnail":0,"_price":"","_stock":"","_tribe_ticket_header":"","_tribe_default_ticket_provider":"","_tribe_ticket_capacity":"","_ticket_start_date":"","_ticket_end_date":"","_tribe_ticket_show_description":"","_tribe_ticket_show_not_going":false,"_tribe_ticket_use_global_stock":"","_tribe_ticket_global_stock_level":"","_global_stock_mode":"","_global_stock_cap":"","_tribe_rsvp_for_event":"","_tribe_ticket_going_count":"","_tribe_ticket_not_going_count":"","_tribe_tickets_list":"[]","_tribe_ticket_has_attendee_info_fields":false,"footnotes":""},"categories":[75],"tags":[],"series":[547],"class_list":["post-8252","post","type-post","status-publish","format-standard","has-post-thumbnail","hentry","category-aktuelles","series-haus-des-erinnerns"],"episode_featured_image":"https:\/\/www.haus-des-erinnerns-mainz.de\/wp-content\/uploads\/2026\/01\/2026-Mainzer-Erinnerungswochen-SharePic-e1767879757859.png","episode_player_image":"https:\/\/www.haus-des-erinnerns-mainz.de\/wp-content\/plugins\/seriously-simple-podcasting\/assets\/images\/no-album-art.png","download_link":"","player_link":"","audio_player":false,"episode_data":{"playerMode":"dark","subscribeUrls":[],"rssFeedUrl":"https:\/\/www.haus-des-erinnerns-mainz.de\/feed\/podcast\/haus-des-erinnerns","embedCode":"<blockquote class=\"wp-embedded-content\" data-secret=\"2edaFblsg9\"><a href=\"https:\/\/www.haus-des-erinnerns-mainz.de\/index.php\/2026\/01\/08\/mainzer-erinnerungswochen\/\">Mainzer Erinnerungswochen<\/a><\/blockquote><iframe sandbox=\"allow-scripts\" security=\"restricted\" src=\"https:\/\/www.haus-des-erinnerns-mainz.de\/index.php\/2026\/01\/08\/mainzer-erinnerungswochen\/embed\/#?secret=2edaFblsg9\" width=\"500\" height=\"350\" title=\"&#8222;Mainzer Erinnerungswochen&#8220; &#8211; Haus des Erinnerns\" data-secret=\"2edaFblsg9\" frameborder=\"0\" marginwidth=\"0\" marginheight=\"0\" scrolling=\"no\" class=\"wp-embedded-content\"><\/iframe><script type=\"text\/javascript\">\n\/* <![CDATA[ *\/\n\/*! This file is auto-generated *\/\n!function(d,l){\"use strict\";l.querySelector&&d.addEventListener&&\"undefined\"!=typeof URL&&(d.wp=d.wp||{},d.wp.receiveEmbedMessage||(d.wp.receiveEmbedMessage=function(e){var t=e.data;if((t||t.secret||t.message||t.value)&&!\/[^a-zA-Z0-9]\/.test(t.secret)){for(var s,r,n,a=l.querySelectorAll('iframe[data-secret=\"'+t.secret+'\"]'),o=l.querySelectorAll('blockquote[data-secret=\"'+t.secret+'\"]'),c=new RegExp(\"^https?:$\",\"i\"),i=0;i<o.length;i++)o[i].style.display=\"none\";for(i=0;i<a.length;i++)s=a[i],e.source===s.contentWindow&&(s.removeAttribute(\"style\"),\"height\"===t.message?(1e3<(r=parseInt(t.value,10))?r=1e3:~~r<200&&(r=200),s.height=r):\"link\"===t.message&&(r=new URL(s.getAttribute(\"src\")),n=new URL(t.value),c.test(n.protocol))&&n.host===r.host&&l.activeElement===s&&(d.top.location.href=t.value))}},d.addEventListener(\"message\",d.wp.receiveEmbedMessage,!1),l.addEventListener(\"DOMContentLoaded\",function(){for(var e,t,s=l.querySelectorAll(\"iframe.wp-embedded-content\"),r=0;r<s.length;r++)(t=(e=s[r]).getAttribute(\"data-secret\"))||(t=Math.random().toString(36).substring(2,12),e.src+=\"#?secret=\"+t,e.setAttribute(\"data-secret\",t)),e.contentWindow.postMessage({message:\"ready\",secret:t},\"*\")},!1)))}(window,document);\n\/* ]]> *\/\n<\/script>\n"},"_links":{"self":[{"href":"https:\/\/www.haus-des-erinnerns-mainz.de\/index.php\/wp-json\/wp\/v2\/posts\/8252","targetHints":{"allow":["GET"]}}],"collection":[{"href":"https:\/\/www.haus-des-erinnerns-mainz.de\/index.php\/wp-json\/wp\/v2\/posts"}],"about":[{"href":"https:\/\/www.haus-des-erinnerns-mainz.de\/index.php\/wp-json\/wp\/v2\/types\/post"}],"author":[{"embeddable":true,"href":"https:\/\/www.haus-des-erinnerns-mainz.de\/index.php\/wp-json\/wp\/v2\/users\/4"}],"replies":[{"embeddable":true,"href":"https:\/\/www.haus-des-erinnerns-mainz.de\/index.php\/wp-json\/wp\/v2\/comments?post=8252"}],"version-history":[{"count":2,"href":"https:\/\/www.haus-des-erinnerns-mainz.de\/index.php\/wp-json\/wp\/v2\/posts\/8252\/revisions"}],"predecessor-version":[{"id":8257,"href":"https:\/\/www.haus-des-erinnerns-mainz.de\/index.php\/wp-json\/wp\/v2\/posts\/8252\/revisions\/8257"}],"wp:featuredmedia":[{"embeddable":true,"href":"https:\/\/www.haus-des-erinnerns-mainz.de\/index.php\/wp-json\/wp\/v2\/media\/8254"}],"wp:attachment":[{"href":"https:\/\/www.haus-des-erinnerns-mainz.de\/index.php\/wp-json\/wp\/v2\/media?parent=8252"}],"wp:term":[{"taxonomy":"category","embeddable":true,"href":"https:\/\/www.haus-des-erinnerns-mainz.de\/index.php\/wp-json\/wp\/v2\/categories?post=8252"},{"taxonomy":"post_tag","embeddable":true,"href":"https:\/\/www.haus-des-erinnerns-mainz.de\/index.php\/wp-json\/wp\/v2\/tags?post=8252"},{"taxonomy":"series","embeddable":true,"href":"https:\/\/www.haus-des-erinnerns-mainz.de\/index.php\/wp-json\/wp\/v2\/series?post=8252"}],"curies":[{"name":"wp","href":"https:\/\/api.w.org\/{rel}","templated":true}]}}