{"id":8203,"date":"2025-11-24T15:39:31","date_gmt":"2025-11-24T14:39:31","guid":{"rendered":"https:\/\/www.haus-des-erinnerns-mainz.de\/?p=8203"},"modified":"2025-11-24T15:39:33","modified_gmt":"2025-11-24T14:39:33","slug":"bauarbeiten-am-hde","status":"publish","type":"post","link":"https:\/\/www.haus-des-erinnerns-mainz.de\/index.php\/2025\/11\/24\/bauarbeiten-am-hde\/","title":{"rendered":"Bauarbeiten am HdE"},"content":{"rendered":"\n<figure class=\"wp-block-image size-full is-resized\"><img loading=\"lazy\" decoding=\"async\" width=\"1080\" height=\"1350\" src=\"https:\/\/www.haus-des-erinnerns-mainz.de\/wp-content\/uploads\/2025\/11\/HdE-geschlossen-1.png\" alt=\"\" class=\"wp-image-8204\" style=\"width:500px\" srcset=\"https:\/\/www.haus-des-erinnerns-mainz.de\/wp-content\/uploads\/2025\/11\/HdE-geschlossen-1.png 1080w, https:\/\/www.haus-des-erinnerns-mainz.de\/wp-content\/uploads\/2025\/11\/HdE-geschlossen-1-240x300.png 240w, https:\/\/www.haus-des-erinnerns-mainz.de\/wp-content\/uploads\/2025\/11\/HdE-geschlossen-1-768x960.png 768w, https:\/\/www.haus-des-erinnerns-mainz.de\/wp-content\/uploads\/2025\/11\/HdE-geschlossen-1-120x150.png 120w\" sizes=\"auto, (max-width: 1080px) 100vw, 1080px\" \/><\/figure>\n\n\n\n<p>Derzeit wird die Tiefgarage unter unserem Haus saniert und es kommt tags\u00fcber zu starkem L\u00e4rm. Aufgrund dessen bleibt unser Haus des Erinnerns \u2013 f\u00fcr Demokratie und Akzeptanz vorerst zu den B\u00fcrozeiten geschlossen. <\/p>\n\n\n\n<p>Wir sind weiterhin per Mail erreichbar und hoffen, dass wir schon bald wieder unser Haus \u00f6ffnen k\u00f6nnen. <\/p>\n\n\n\n<p>Alle Veranstaltungen finden wie geplant statt.<\/p>\n\n\n\n<p><\/p>\n","protected":false},"excerpt":{"rendered":"<p>Derzeit wird die Tiefgarage unter unserem Haus saniert und es kommt tags\u00fcber zu starkem L\u00e4rm. Aufgrund dessen bleibt unser Haus des Erinnerns \u2013 f\u00fcr Demokratie und Akzeptanz vorerst zu den B\u00fcrozeiten geschlossen. Wir sind weiterhin per Mail erreichbar und hoffen, dass wir schon bald wieder unser Haus \u00f6ffnen k\u00f6nnen. Alle&#8230;<\/p>\n<p> <a class=\"continue-reading-link\" href=\"https:\/\/www.haus-des-erinnerns-mainz.de\/index.php\/2025\/11\/24\/bauarbeiten-am-hde\/\"><span>Weiterlesen<\/span><i class=\"crycon-right-dir\"><\/i><\/a> <\/p>\n","protected":false},"author":4,"featured_media":0,"comment_status":"closed","ping_status":"closed","sticky":false,"template":"","format":"standard","meta":{"episode_type":"audio","audio_file":"","podmotor_file_id":"","podmotor_episode_id":"","cover_image":"","cover_image_id":"","duration":"","filesize":"","filesize_raw":"","date_recorded":"","explicit":"","block":"","ngg_post_thumbnail":0,"_price":"","_stock":"","_tribe_ticket_header":"","_tribe_default_ticket_provider":"","_tribe_ticket_capacity":"0","_ticket_start_date":"","_ticket_end_date":"","_tribe_ticket_show_description":"","_tribe_ticket_show_not_going":false,"_tribe_ticket_use_global_stock":"","_tribe_ticket_global_stock_level":"","_global_stock_mode":"","_global_stock_cap":"","_tribe_rsvp_for_event":"","_tribe_ticket_going_count":"","_tribe_ticket_not_going_count":"","_tribe_tickets_list":"[]","_tribe_ticket_has_attendee_info_fields":false,"footnotes":""},"categories":[75],"tags":[],"series":[547],"class_list":["post-8203","post","type-post","status-publish","format-standard","hentry","category-aktuelles","series-haus-des-erinnerns"],"episode_featured_image":false,"episode_player_image":"https:\/\/www.haus-des-erinnerns-mainz.de\/wp-content\/plugins\/seriously-simple-podcasting\/assets\/images\/no-album-art.png","download_link":"","player_link":"","audio_player":false,"episode_data":{"playerMode":"dark","subscribeUrls":[],"rssFeedUrl":"https:\/\/www.haus-des-erinnerns-mainz.de\/feed\/podcast\/haus-des-erinnerns","embedCode":"<blockquote class=\"wp-embedded-content\" data-secret=\"T0AhqVkI1Q\"><a href=\"https:\/\/www.haus-des-erinnerns-mainz.de\/index.php\/2025\/11\/24\/bauarbeiten-am-hde\/\">Bauarbeiten am HdE<\/a><\/blockquote><iframe sandbox=\"allow-scripts\" security=\"restricted\" src=\"https:\/\/www.haus-des-erinnerns-mainz.de\/index.php\/2025\/11\/24\/bauarbeiten-am-hde\/embed\/#?secret=T0AhqVkI1Q\" width=\"500\" height=\"350\" title=\"&#8222;Bauarbeiten am HdE&#8220; &#8211; Haus des Erinnerns\" data-secret=\"T0AhqVkI1Q\" frameborder=\"0\" marginwidth=\"0\" marginheight=\"0\" scrolling=\"no\" class=\"wp-embedded-content\"><\/iframe><script type=\"text\/javascript\">\n\/* <![CDATA[ *\/\n\/*! This file is auto-generated *\/\n!function(d,l){\"use strict\";l.querySelector&&d.addEventListener&&\"undefined\"!=typeof URL&&(d.wp=d.wp||{},d.wp.receiveEmbedMessage||(d.wp.receiveEmbedMessage=function(e){var t=e.data;if((t||t.secret||t.message||t.value)&&!\/[^a-zA-Z0-9]\/.test(t.secret)){for(var s,r,n,a=l.querySelectorAll('iframe[data-secret=\"'+t.secret+'\"]'),o=l.querySelectorAll('blockquote[data-secret=\"'+t.secret+'\"]'),c=new RegExp(\"^https?:$\",\"i\"),i=0;i<o.length;i++)o[i].style.display=\"none\";for(i=0;i<a.length;i++)s=a[i],e.source===s.contentWindow&&(s.removeAttribute(\"style\"),\"height\"===t.message?(1e3<(r=parseInt(t.value,10))?r=1e3:~~r<200&&(r=200),s.height=r):\"link\"===t.message&&(r=new URL(s.getAttribute(\"src\")),n=new URL(t.value),c.test(n.protocol))&&n.host===r.host&&l.activeElement===s&&(d.top.location.href=t.value))}},d.addEventListener(\"message\",d.wp.receiveEmbedMessage,!1),l.addEventListener(\"DOMContentLoaded\",function(){for(var e,t,s=l.querySelectorAll(\"iframe.wp-embedded-content\"),r=0;r<s.length;r++)(t=(e=s[r]).getAttribute(\"data-secret\"))||(t=Math.random().toString(36).substring(2,12),e.src+=\"#?secret=\"+t,e.setAttribute(\"data-secret\",t)),e.contentWindow.postMessage({message:\"ready\",secret:t},\"*\")},!1)))}(window,document);\n\/* ]]> *\/\n<\/script>\n"},"_links":{"self":[{"href":"https:\/\/www.haus-des-erinnerns-mainz.de\/index.php\/wp-json\/wp\/v2\/posts\/8203","targetHints":{"allow":["GET"]}}],"collection":[{"href":"https:\/\/www.haus-des-erinnerns-mainz.de\/index.php\/wp-json\/wp\/v2\/posts"}],"about":[{"href":"https:\/\/www.haus-des-erinnerns-mainz.de\/index.php\/wp-json\/wp\/v2\/types\/post"}],"author":[{"embeddable":true,"href":"https:\/\/www.haus-des-erinnerns-mainz.de\/index.php\/wp-json\/wp\/v2\/users\/4"}],"replies":[{"embeddable":true,"href":"https:\/\/www.haus-des-erinnerns-mainz.de\/index.php\/wp-json\/wp\/v2\/comments?post=8203"}],"version-history":[{"count":1,"href":"https:\/\/www.haus-des-erinnerns-mainz.de\/index.php\/wp-json\/wp\/v2\/posts\/8203\/revisions"}],"predecessor-version":[{"id":8205,"href":"https:\/\/www.haus-des-erinnerns-mainz.de\/index.php\/wp-json\/wp\/v2\/posts\/8203\/revisions\/8205"}],"wp:attachment":[{"href":"https:\/\/www.haus-des-erinnerns-mainz.de\/index.php\/wp-json\/wp\/v2\/media?parent=8203"}],"wp:term":[{"taxonomy":"category","embeddable":true,"href":"https:\/\/www.haus-des-erinnerns-mainz.de\/index.php\/wp-json\/wp\/v2\/categories?post=8203"},{"taxonomy":"post_tag","embeddable":true,"href":"https:\/\/www.haus-des-erinnerns-mainz.de\/index.php\/wp-json\/wp\/v2\/tags?post=8203"},{"taxonomy":"series","embeddable":true,"href":"https:\/\/www.haus-des-erinnerns-mainz.de\/index.php\/wp-json\/wp\/v2\/series?post=8203"}],"curies":[{"name":"wp","href":"https:\/\/api.w.org\/{rel}","templated":true}]}}