{"id":8146,"date":"2025-09-26T15:46:16","date_gmt":"2025-09-26T13:46:16","guid":{"rendered":"https:\/\/www.haus-des-erinnerns-mainz.de\/?p=8146"},"modified":"2025-09-26T15:46:18","modified_gmt":"2025-09-26T13:46:18","slug":"schum-kulturtage-mainz","status":"publish","type":"post","link":"https:\/\/www.haus-des-erinnerns-mainz.de\/index.php\/2025\/09\/26\/schum-kulturtage-mainz\/","title":{"rendered":"SchUM-Kulturtage Mainz"},"content":{"rendered":"\n<p>Am 7. September wurden die Mainzer SchUM-Kulturtage offiziell mit einem Tag der offenen T\u00fcr in der Neuen Synagoge Mainz er\u00f6ffnet. Auch wir beteiligen uns wieder mit einigen Veranstaltungen am Programm, \u00fcber die wir in unserem Newsletter und in unserem <a href=\"https:\/\/www.haus-des-erinnerns-mainz.de\/index.php\/veranstaltungsprogramm\/\">Veranstaltungskalender<\/a> hinweisen. <\/p>\n\n\n\n<p>Auf der <a href=\"https:\/\/www.mainz.de\/kultur-und-wissenschaft\/stadtgeschichte\/magenza\/schum-kulturtage-mainz.php\">Homepage der Stadt Mainz<\/a> findet man den gesamten <a href=\"https:\/\/www.mainz.de\/kultur-und-wissenschaft\/stadtgeschichte\/magenza\/schum-kulturtage-mainz.php\">Programmflyer<\/a>.<\/p>\n\n\n\n<p><\/p>\n","protected":false},"excerpt":{"rendered":"<p>Am 7. September wurden die Mainzer SchUM-Kulturtage offiziell mit einem Tag der offenen T\u00fcr in der Neuen Synagoge Mainz er\u00f6ffnet. Auch wir beteiligen uns wieder mit einigen Veranstaltungen am Programm, \u00fcber die wir in unserem Newsletter und in unserem Veranstaltungskalender hinweisen. Auf der Homepage der Stadt Mainz findet man den&#8230;<\/p>\n<p> <a class=\"continue-reading-link\" href=\"https:\/\/www.haus-des-erinnerns-mainz.de\/index.php\/2025\/09\/26\/schum-kulturtage-mainz\/\"><span>Weiterlesen<\/span><i class=\"crycon-right-dir\"><\/i><\/a> <\/p>\n","protected":false},"author":4,"featured_media":0,"comment_status":"closed","ping_status":"closed","sticky":false,"template":"","format":"standard","meta":{"episode_type":"audio","audio_file":"","podmotor_file_id":"","podmotor_episode_id":"","cover_image":"","cover_image_id":"","duration":"","filesize":"","filesize_raw":"","date_recorded":"","explicit":"","block":"","ngg_post_thumbnail":0,"_price":"","_stock":"","_tribe_ticket_header":"","_tribe_default_ticket_provider":"","_tribe_ticket_capacity":"0","_ticket_start_date":"","_ticket_end_date":"","_tribe_ticket_show_description":"","_tribe_ticket_show_not_going":false,"_tribe_ticket_use_global_stock":"","_tribe_ticket_global_stock_level":"","_global_stock_mode":"","_global_stock_cap":"","_tribe_rsvp_for_event":"","_tribe_ticket_going_count":"","_tribe_ticket_not_going_count":"","_tribe_tickets_list":"[]","_tribe_ticket_has_attendee_info_fields":false,"footnotes":""},"categories":[75],"tags":[],"series":[547],"class_list":["post-8146","post","type-post","status-publish","format-standard","hentry","category-aktuelles","series-haus-des-erinnerns"],"episode_featured_image":false,"episode_player_image":"https:\/\/www.haus-des-erinnerns-mainz.de\/wp-content\/plugins\/seriously-simple-podcasting\/assets\/images\/no-album-art.png","download_link":"","player_link":"","audio_player":false,"episode_data":{"playerMode":"dark","subscribeUrls":[],"rssFeedUrl":"https:\/\/www.haus-des-erinnerns-mainz.de\/feed\/podcast\/haus-des-erinnerns","embedCode":"<blockquote class=\"wp-embedded-content\" data-secret=\"lYAcLzLIMo\"><a href=\"https:\/\/www.haus-des-erinnerns-mainz.de\/index.php\/2025\/09\/26\/schum-kulturtage-mainz\/\">SchUM-Kulturtage Mainz<\/a><\/blockquote><iframe sandbox=\"allow-scripts\" security=\"restricted\" src=\"https:\/\/www.haus-des-erinnerns-mainz.de\/index.php\/2025\/09\/26\/schum-kulturtage-mainz\/embed\/#?secret=lYAcLzLIMo\" width=\"500\" height=\"350\" title=\"&#8222;SchUM-Kulturtage Mainz&#8220; &#8211; Haus des Erinnerns\" data-secret=\"lYAcLzLIMo\" frameborder=\"0\" marginwidth=\"0\" marginheight=\"0\" scrolling=\"no\" class=\"wp-embedded-content\"><\/iframe><script type=\"text\/javascript\">\n\/* <![CDATA[ *\/\n\/*! This file is auto-generated *\/\n!function(d,l){\"use strict\";l.querySelector&&d.addEventListener&&\"undefined\"!=typeof URL&&(d.wp=d.wp||{},d.wp.receiveEmbedMessage||(d.wp.receiveEmbedMessage=function(e){var t=e.data;if((t||t.secret||t.message||t.value)&&!\/[^a-zA-Z0-9]\/.test(t.secret)){for(var s,r,n,a=l.querySelectorAll('iframe[data-secret=\"'+t.secret+'\"]'),o=l.querySelectorAll('blockquote[data-secret=\"'+t.secret+'\"]'),c=new RegExp(\"^https?:$\",\"i\"),i=0;i<o.length;i++)o[i].style.display=\"none\";for(i=0;i<a.length;i++)s=a[i],e.source===s.contentWindow&&(s.removeAttribute(\"style\"),\"height\"===t.message?(1e3<(r=parseInt(t.value,10))?r=1e3:~~r<200&&(r=200),s.height=r):\"link\"===t.message&&(r=new URL(s.getAttribute(\"src\")),n=new URL(t.value),c.test(n.protocol))&&n.host===r.host&&l.activeElement===s&&(d.top.location.href=t.value))}},d.addEventListener(\"message\",d.wp.receiveEmbedMessage,!1),l.addEventListener(\"DOMContentLoaded\",function(){for(var e,t,s=l.querySelectorAll(\"iframe.wp-embedded-content\"),r=0;r<s.length;r++)(t=(e=s[r]).getAttribute(\"data-secret\"))||(t=Math.random().toString(36).substring(2,12),e.src+=\"#?secret=\"+t,e.setAttribute(\"data-secret\",t)),e.contentWindow.postMessage({message:\"ready\",secret:t},\"*\")},!1)))}(window,document);\n\/* ]]> *\/\n<\/script>\n"},"_links":{"self":[{"href":"https:\/\/www.haus-des-erinnerns-mainz.de\/index.php\/wp-json\/wp\/v2\/posts\/8146","targetHints":{"allow":["GET"]}}],"collection":[{"href":"https:\/\/www.haus-des-erinnerns-mainz.de\/index.php\/wp-json\/wp\/v2\/posts"}],"about":[{"href":"https:\/\/www.haus-des-erinnerns-mainz.de\/index.php\/wp-json\/wp\/v2\/types\/post"}],"author":[{"embeddable":true,"href":"https:\/\/www.haus-des-erinnerns-mainz.de\/index.php\/wp-json\/wp\/v2\/users\/4"}],"replies":[{"embeddable":true,"href":"https:\/\/www.haus-des-erinnerns-mainz.de\/index.php\/wp-json\/wp\/v2\/comments?post=8146"}],"version-history":[{"count":1,"href":"https:\/\/www.haus-des-erinnerns-mainz.de\/index.php\/wp-json\/wp\/v2\/posts\/8146\/revisions"}],"predecessor-version":[{"id":8147,"href":"https:\/\/www.haus-des-erinnerns-mainz.de\/index.php\/wp-json\/wp\/v2\/posts\/8146\/revisions\/8147"}],"wp:attachment":[{"href":"https:\/\/www.haus-des-erinnerns-mainz.de\/index.php\/wp-json\/wp\/v2\/media?parent=8146"}],"wp:term":[{"taxonomy":"category","embeddable":true,"href":"https:\/\/www.haus-des-erinnerns-mainz.de\/index.php\/wp-json\/wp\/v2\/categories?post=8146"},{"taxonomy":"post_tag","embeddable":true,"href":"https:\/\/www.haus-des-erinnerns-mainz.de\/index.php\/wp-json\/wp\/v2\/tags?post=8146"},{"taxonomy":"series","embeddable":true,"href":"https:\/\/www.haus-des-erinnerns-mainz.de\/index.php\/wp-json\/wp\/v2\/series?post=8146"}],"curies":[{"name":"wp","href":"https:\/\/api.w.org\/{rel}","templated":true}]}}