{"id":806,"date":"2019-09-19T11:04:03","date_gmt":"2019-09-19T09:04:03","guid":{"rendered":"http:\/\/v2.haus-des-erinnerns-mainz.de\/?p=806"},"modified":"2019-09-23T11:50:11","modified_gmt":"2019-09-23T09:50:11","slug":"praktikum-gesucht","status":"publish","type":"post","link":"https:\/\/www.haus-des-erinnerns-mainz.de\/index.php\/2019\/09\/19\/praktikum-gesucht\/","title":{"rendered":"Praktikum gesucht?"},"content":{"rendered":"\n<div class=\"wp-block-image\"><figure class=\"alignleft\"><img loading=\"lazy\" decoding=\"async\" width=\"240\" height=\"160\" src=\"https:\/\/www.haus-des-erinnerns-mainz.de\/wp-content\/uploads\/2019\/09\/csm_board-3683740_1280.pixabay_3499c1a4be.jpg\" alt=\"gemeinfrei\" class=\"wp-image-807\" srcset=\"https:\/\/www.haus-des-erinnerns-mainz.de\/wp-content\/uploads\/2019\/09\/csm_board-3683740_1280.pixabay_3499c1a4be.jpg 240w, https:\/\/www.haus-des-erinnerns-mainz.de\/wp-content\/uploads\/2019\/09\/csm_board-3683740_1280.pixabay_3499c1a4be-150x100.jpg 150w\" sizes=\"auto, (max-width: 240px) 100vw, 240px\" \/><figcaption>gemeinfrei <\/figcaption><\/figure><\/div>\n\n\n\n<p>Die Stiftung Haus des Erinnerns \u2013 f\u00fcr Demokratie und Akzeptanz Mainz bietet die M\u00f6glichkeit ein Praktikum im Bereich der historisch-politischen Bildung zu machen.<\/p>\n\n\n\n<p><\/p>\n\n\n\n<p>Ob Pflichtpraktikum von Schule oder Universit\u00e4t, oder einfach ein Praktikum aus Interesse, wir bieten unterschiedliche Angebote. <\/p>\n\n\n\n<\/br>\n\n\n\n<p>Von der historischen Recherche bis hin zur Veranstaltungsorganisation und der Begleitung p\u00e4dagogischer Angebote gibt es bei uns im Haus viele M\u00f6glichkeiten f\u00fcr Praktikant*innen. <\/p>\n\n\n\n<p>Wir freuen uns \u00fcber Bewerbungen, die per E-Mail an cornelia.dold@haus-des-erinners-mainz.de oder per Post an das&nbsp;<em>Haus des Erinnerns \u2013 f\u00fcr Demokratie und Akzeptanz, Flachsmarktstra\u00dfe 36, 55116 Mainz&nbsp;<\/em>geschickt werden k\u00f6nnen.&nbsp;<\/p>\n","protected":false},"excerpt":{"rendered":"<p>Die Stiftung Haus des Erinnerns \u2013 f\u00fcr Demokratie und Akzeptanz Mainz bietet die M\u00f6glichkeit ein Praktikum im Bereich der historisch-politischen Bildung zu machen. Ob Pflichtpraktikum von Schule oder Universit\u00e4t, oder einfach ein Praktikum aus Interesse, wir bieten unterschiedliche Angebote. Von der historischen Recherche bis hin zur Veranstaltungsorganisation und der Begleitung&#8230;<\/p>\n<p> <a class=\"continue-reading-link\" href=\"https:\/\/www.haus-des-erinnerns-mainz.de\/index.php\/2019\/09\/19\/praktikum-gesucht\/\"><span>Weiterlesen<\/span><i class=\"crycon-right-dir\"><\/i><\/a> <\/p>\n","protected":false},"author":1,"featured_media":0,"comment_status":"closed","ping_status":"open","sticky":false,"template":"","format":"standard","meta":{"episode_type":"","audio_file":"","podmotor_file_id":"","podmotor_episode_id":"","cover_image":"","cover_image_id":"","duration":"","filesize":"","filesize_raw":"","date_recorded":"","explicit":"","block":"","ngg_post_thumbnail":0,"_price":"","_stock":"","_tribe_ticket_header":"","_tribe_default_ticket_provider":"","_tribe_ticket_capacity":"0","_ticket_start_date":"","_ticket_end_date":"","_tribe_ticket_show_description":"","_tribe_ticket_show_not_going":false,"_tribe_ticket_use_global_stock":"","_tribe_ticket_global_stock_level":"","_global_stock_mode":"","_global_stock_cap":"","_tribe_rsvp_for_event":"","_tribe_ticket_going_count":"","_tribe_ticket_not_going_count":"","_tribe_tickets_list":"[]","_tribe_ticket_has_attendee_info_fields":false,"footnotes":""},"categories":[75],"tags":[90],"series":[547],"class_list":["post-806","post","type-post","status-publish","format-standard","hentry","category-aktuelles","tag-praktikum","series-haus-des-erinnerns"],"episode_featured_image":false,"episode_player_image":"https:\/\/www.haus-des-erinnerns-mainz.de\/wp-content\/plugins\/seriously-simple-podcasting\/assets\/images\/no-album-art.png","download_link":"","player_link":"","audio_player":false,"episode_data":{"playerMode":"dark","subscribeUrls":[],"rssFeedUrl":"https:\/\/www.haus-des-erinnerns-mainz.de\/feed\/podcast\/haus-des-erinnerns","embedCode":"<blockquote class=\"wp-embedded-content\" data-secret=\"ci1qRb6lx8\"><a href=\"https:\/\/www.haus-des-erinnerns-mainz.de\/index.php\/2019\/09\/19\/praktikum-gesucht\/\">Praktikum gesucht?<\/a><\/blockquote><iframe sandbox=\"allow-scripts\" security=\"restricted\" src=\"https:\/\/www.haus-des-erinnerns-mainz.de\/index.php\/2019\/09\/19\/praktikum-gesucht\/embed\/#?secret=ci1qRb6lx8\" width=\"500\" height=\"350\" title=\"&#8222;Praktikum gesucht?&#8220; &#8211; Haus des Erinnerns\" data-secret=\"ci1qRb6lx8\" frameborder=\"0\" marginwidth=\"0\" marginheight=\"0\" scrolling=\"no\" class=\"wp-embedded-content\"><\/iframe><script type=\"text\/javascript\">\n\/* <![CDATA[ *\/\n\/*! This file is auto-generated *\/\n!function(d,l){\"use strict\";l.querySelector&&d.addEventListener&&\"undefined\"!=typeof URL&&(d.wp=d.wp||{},d.wp.receiveEmbedMessage||(d.wp.receiveEmbedMessage=function(e){var t=e.data;if((t||t.secret||t.message||t.value)&&!\/[^a-zA-Z0-9]\/.test(t.secret)){for(var s,r,n,a=l.querySelectorAll('iframe[data-secret=\"'+t.secret+'\"]'),o=l.querySelectorAll('blockquote[data-secret=\"'+t.secret+'\"]'),c=new RegExp(\"^https?:$\",\"i\"),i=0;i<o.length;i++)o[i].style.display=\"none\";for(i=0;i<a.length;i++)s=a[i],e.source===s.contentWindow&&(s.removeAttribute(\"style\"),\"height\"===t.message?(1e3<(r=parseInt(t.value,10))?r=1e3:~~r<200&&(r=200),s.height=r):\"link\"===t.message&&(r=new URL(s.getAttribute(\"src\")),n=new URL(t.value),c.test(n.protocol))&&n.host===r.host&&l.activeElement===s&&(d.top.location.href=t.value))}},d.addEventListener(\"message\",d.wp.receiveEmbedMessage,!1),l.addEventListener(\"DOMContentLoaded\",function(){for(var e,t,s=l.querySelectorAll(\"iframe.wp-embedded-content\"),r=0;r<s.length;r++)(t=(e=s[r]).getAttribute(\"data-secret\"))||(t=Math.random().toString(36).substring(2,12),e.src+=\"#?secret=\"+t,e.setAttribute(\"data-secret\",t)),e.contentWindow.postMessage({message:\"ready\",secret:t},\"*\")},!1)))}(window,document);\n\/* ]]> *\/\n<\/script>\n"},"_links":{"self":[{"href":"https:\/\/www.haus-des-erinnerns-mainz.de\/index.php\/wp-json\/wp\/v2\/posts\/806","targetHints":{"allow":["GET"]}}],"collection":[{"href":"https:\/\/www.haus-des-erinnerns-mainz.de\/index.php\/wp-json\/wp\/v2\/posts"}],"about":[{"href":"https:\/\/www.haus-des-erinnerns-mainz.de\/index.php\/wp-json\/wp\/v2\/types\/post"}],"author":[{"embeddable":true,"href":"https:\/\/www.haus-des-erinnerns-mainz.de\/index.php\/wp-json\/wp\/v2\/users\/1"}],"replies":[{"embeddable":true,"href":"https:\/\/www.haus-des-erinnerns-mainz.de\/index.php\/wp-json\/wp\/v2\/comments?post=806"}],"version-history":[{"count":6,"href":"https:\/\/www.haus-des-erinnerns-mainz.de\/index.php\/wp-json\/wp\/v2\/posts\/806\/revisions"}],"predecessor-version":[{"id":957,"href":"https:\/\/www.haus-des-erinnerns-mainz.de\/index.php\/wp-json\/wp\/v2\/posts\/806\/revisions\/957"}],"wp:attachment":[{"href":"https:\/\/www.haus-des-erinnerns-mainz.de\/index.php\/wp-json\/wp\/v2\/media?parent=806"}],"wp:term":[{"taxonomy":"category","embeddable":true,"href":"https:\/\/www.haus-des-erinnerns-mainz.de\/index.php\/wp-json\/wp\/v2\/categories?post=806"},{"taxonomy":"post_tag","embeddable":true,"href":"https:\/\/www.haus-des-erinnerns-mainz.de\/index.php\/wp-json\/wp\/v2\/tags?post=806"},{"taxonomy":"series","embeddable":true,"href":"https:\/\/www.haus-des-erinnerns-mainz.de\/index.php\/wp-json\/wp\/v2\/series?post=806"}],"curies":[{"name":"wp","href":"https:\/\/api.w.org\/{rel}","templated":true}]}}