{"id":7979,"date":"2025-07-02T11:18:48","date_gmt":"2025-07-02T09:18:48","guid":{"rendered":"https:\/\/www.haus-des-erinnerns-mainz.de\/?p=7979"},"modified":"2025-07-02T14:42:17","modified_gmt":"2025-07-02T12:42:17","slug":"sommerpause-im-hde","status":"publish","type":"post","link":"https:\/\/www.haus-des-erinnerns-mainz.de\/index.php\/2025\/07\/02\/sommerpause-im-hde\/","title":{"rendered":"Sommerpause im HdE"},"content":{"rendered":"<div class=\"wp-block-image\">\n<figure class=\"aligncenter size-full is-resized\"><img loading=\"lazy\" decoding=\"async\" width=\"1080\" height=\"1350\" src=\"https:\/\/www.haus-des-erinnerns-mainz.de\/wp-content\/uploads\/2025\/07\/Sommerpause-HdE-1-1.png\" alt=\"\" class=\"wp-image-7982\" style=\"width:500px\" srcset=\"https:\/\/www.haus-des-erinnerns-mainz.de\/wp-content\/uploads\/2025\/07\/Sommerpause-HdE-1-1.png 1080w, https:\/\/www.haus-des-erinnerns-mainz.de\/wp-content\/uploads\/2025\/07\/Sommerpause-HdE-1-1-240x300.png 240w, https:\/\/www.haus-des-erinnerns-mainz.de\/wp-content\/uploads\/2025\/07\/Sommerpause-HdE-1-1-768x960.png 768w, https:\/\/www.haus-des-erinnerns-mainz.de\/wp-content\/uploads\/2025\/07\/Sommerpause-HdE-1-1-120x150.png 120w\" sizes=\"auto, (max-width: 1080px) 100vw, 1080px\" \/><\/figure><\/div>\n\n\n<br>\n\n\n\n<p>Wir w\u00fcnschen allen einen sch\u00f6nen und erholsamen Sommer! <\/p>\n\n\n\n<p>In den letzten Wichen waren unz\u00e4hlige Gruppen in unserem Haus, um an unseren Bildungsangeboten teilzunehmen \u2013 vor allem viele Schulgruppen. Nach diesen intensiven Wochen und in den anstehenden sehr hei\u00dfen Wochen und rheinland-pf\u00e4lzischen Sommerferien verabschieden wir uns in eine kleine Sommerpause. Vom 7. Juli bis zum 15. August bleibt unser Haus daher geschlossen. In dieser Zeit ist unser Team nur eingeschr\u00e4nkt und nur per Mail zu erreichen. <\/p>\n\n\n\n<p>Danach freuen wir uns, mit voller Energie in das zweite Halbjahr zu starten und wieder viele Besucher*innen bei uns zu begr\u00fc\u00dfen! <\/p>\n\n\n\n<p><\/p>\n","protected":false},"excerpt":{"rendered":"<p>Wir w\u00fcnschen allen einen sch\u00f6nen und erholsamen Sommer! In den letzten Wichen waren unz\u00e4hlige Gruppen in unserem Haus, um an unseren Bildungsangeboten teilzunehmen \u2013 vor allem viele Schulgruppen. Nach diesen intensiven Wochen und in den anstehenden sehr hei\u00dfen Wochen und rheinland-pf\u00e4lzischen Sommerferien verabschieden wir uns in eine kleine Sommerpause. Vom&#8230;<\/p>\n<p> <a class=\"continue-reading-link\" href=\"https:\/\/www.haus-des-erinnerns-mainz.de\/index.php\/2025\/07\/02\/sommerpause-im-hde\/\"><span>Weiterlesen<\/span><i class=\"crycon-right-dir\"><\/i><\/a> <\/p>\n","protected":false},"author":4,"featured_media":7982,"comment_status":"closed","ping_status":"open","sticky":false,"template":"","format":"standard","meta":{"episode_type":"audio","audio_file":"","podmotor_file_id":"","podmotor_episode_id":"","cover_image":"","cover_image_id":"","duration":"","filesize":"","filesize_raw":"","date_recorded":"","explicit":"","block":"","ngg_post_thumbnail":0,"_price":"","_stock":"","_tribe_ticket_header":"","_tribe_default_ticket_provider":"","_tribe_ticket_capacity":"0","_ticket_start_date":"","_ticket_end_date":"","_tribe_ticket_show_description":"","_tribe_ticket_show_not_going":false,"_tribe_ticket_use_global_stock":"","_tribe_ticket_global_stock_level":"","_global_stock_mode":"","_global_stock_cap":"","_tribe_rsvp_for_event":"","_tribe_ticket_going_count":"","_tribe_ticket_not_going_count":"","_tribe_tickets_list":"[]","_tribe_ticket_has_attendee_info_fields":false,"footnotes":""},"categories":[75,1],"tags":[],"series":[547],"class_list":["post-7979","post","type-post","status-publish","format-standard","has-post-thumbnail","hentry","category-aktuelles","category-allgemein","series-haus-des-erinnerns"],"episode_featured_image":"https:\/\/www.haus-des-erinnerns-mainz.de\/wp-content\/uploads\/2025\/07\/Sommerpause-HdE-1-1.png","episode_player_image":"https:\/\/www.haus-des-erinnerns-mainz.de\/wp-content\/plugins\/seriously-simple-podcasting\/assets\/images\/no-album-art.png","download_link":"","player_link":"","audio_player":false,"episode_data":{"playerMode":"dark","subscribeUrls":[],"rssFeedUrl":"https:\/\/www.haus-des-erinnerns-mainz.de\/feed\/podcast\/haus-des-erinnerns","embedCode":"<blockquote class=\"wp-embedded-content\" data-secret=\"xJx4swComq\"><a href=\"https:\/\/www.haus-des-erinnerns-mainz.de\/index.php\/2025\/07\/02\/sommerpause-im-hde\/\">Sommerpause im HdE<\/a><\/blockquote><iframe sandbox=\"allow-scripts\" security=\"restricted\" src=\"https:\/\/www.haus-des-erinnerns-mainz.de\/index.php\/2025\/07\/02\/sommerpause-im-hde\/embed\/#?secret=xJx4swComq\" width=\"500\" height=\"350\" title=\"&#8222;Sommerpause im HdE&#8220; &#8211; Haus des Erinnerns\" data-secret=\"xJx4swComq\" frameborder=\"0\" marginwidth=\"0\" marginheight=\"0\" scrolling=\"no\" class=\"wp-embedded-content\"><\/iframe><script type=\"text\/javascript\">\n\/* <![CDATA[ *\/\n\/*! This file is auto-generated *\/\n!function(d,l){\"use strict\";l.querySelector&&d.addEventListener&&\"undefined\"!=typeof URL&&(d.wp=d.wp||{},d.wp.receiveEmbedMessage||(d.wp.receiveEmbedMessage=function(e){var t=e.data;if((t||t.secret||t.message||t.value)&&!\/[^a-zA-Z0-9]\/.test(t.secret)){for(var s,r,n,a=l.querySelectorAll('iframe[data-secret=\"'+t.secret+'\"]'),o=l.querySelectorAll('blockquote[data-secret=\"'+t.secret+'\"]'),c=new RegExp(\"^https?:$\",\"i\"),i=0;i<o.length;i++)o[i].style.display=\"none\";for(i=0;i<a.length;i++)s=a[i],e.source===s.contentWindow&&(s.removeAttribute(\"style\"),\"height\"===t.message?(1e3<(r=parseInt(t.value,10))?r=1e3:~~r<200&&(r=200),s.height=r):\"link\"===t.message&&(r=new URL(s.getAttribute(\"src\")),n=new URL(t.value),c.test(n.protocol))&&n.host===r.host&&l.activeElement===s&&(d.top.location.href=t.value))}},d.addEventListener(\"message\",d.wp.receiveEmbedMessage,!1),l.addEventListener(\"DOMContentLoaded\",function(){for(var e,t,s=l.querySelectorAll(\"iframe.wp-embedded-content\"),r=0;r<s.length;r++)(t=(e=s[r]).getAttribute(\"data-secret\"))||(t=Math.random().toString(36).substring(2,12),e.src+=\"#?secret=\"+t,e.setAttribute(\"data-secret\",t)),e.contentWindow.postMessage({message:\"ready\",secret:t},\"*\")},!1)))}(window,document);\n\/* ]]> *\/\n<\/script>\n"},"_links":{"self":[{"href":"https:\/\/www.haus-des-erinnerns-mainz.de\/index.php\/wp-json\/wp\/v2\/posts\/7979","targetHints":{"allow":["GET"]}}],"collection":[{"href":"https:\/\/www.haus-des-erinnerns-mainz.de\/index.php\/wp-json\/wp\/v2\/posts"}],"about":[{"href":"https:\/\/www.haus-des-erinnerns-mainz.de\/index.php\/wp-json\/wp\/v2\/types\/post"}],"author":[{"embeddable":true,"href":"https:\/\/www.haus-des-erinnerns-mainz.de\/index.php\/wp-json\/wp\/v2\/users\/4"}],"replies":[{"embeddable":true,"href":"https:\/\/www.haus-des-erinnerns-mainz.de\/index.php\/wp-json\/wp\/v2\/comments?post=7979"}],"version-history":[{"count":2,"href":"https:\/\/www.haus-des-erinnerns-mainz.de\/index.php\/wp-json\/wp\/v2\/posts\/7979\/revisions"}],"predecessor-version":[{"id":7984,"href":"https:\/\/www.haus-des-erinnerns-mainz.de\/index.php\/wp-json\/wp\/v2\/posts\/7979\/revisions\/7984"}],"wp:featuredmedia":[{"embeddable":true,"href":"https:\/\/www.haus-des-erinnerns-mainz.de\/index.php\/wp-json\/wp\/v2\/media\/7982"}],"wp:attachment":[{"href":"https:\/\/www.haus-des-erinnerns-mainz.de\/index.php\/wp-json\/wp\/v2\/media?parent=7979"}],"wp:term":[{"taxonomy":"category","embeddable":true,"href":"https:\/\/www.haus-des-erinnerns-mainz.de\/index.php\/wp-json\/wp\/v2\/categories?post=7979"},{"taxonomy":"post_tag","embeddable":true,"href":"https:\/\/www.haus-des-erinnerns-mainz.de\/index.php\/wp-json\/wp\/v2\/tags?post=7979"},{"taxonomy":"series","embeddable":true,"href":"https:\/\/www.haus-des-erinnerns-mainz.de\/index.php\/wp-json\/wp\/v2\/series?post=7979"}],"curies":[{"name":"wp","href":"https:\/\/api.w.org\/{rel}","templated":true}]}}