{"id":7959,"date":"2025-06-23T18:07:30","date_gmt":"2025-06-23T16:07:30","guid":{"rendered":"https:\/\/www.haus-des-erinnerns-mainz.de\/?p=7959"},"modified":"2025-06-23T18:09:11","modified_gmt":"2025-06-23T16:09:11","slug":"unser-hde-ist-ort-der-demokratiegeschichte","status":"publish","type":"post","link":"https:\/\/www.haus-des-erinnerns-mainz.de\/index.php\/2025\/06\/23\/unser-hde-ist-ort-der-demokratiegeschichte\/","title":{"rendered":"Unser HdE ist Ort der Demokratiegeschichte!"},"content":{"rendered":"\n<p>\u201eHaus des Erinnerns \u2013 f\u00fcr Demokratie und Akzeptanz\u201c (HdE) in der Landeshauptstadt Mainz ist jetzt auch \u201e(Erinnerungs-)Ort der Demokratiegeschichte\u201c \u2013 ausgezeichnet von der Bundesstiftung \u201eOrte der deutschen Demokratiegeschichte\u201c!<\/p>\n\n\n<div class=\"wp-block-image\">\n<figure class=\"alignleft size-full is-resized\"><img loading=\"lazy\" decoding=\"async\" width=\"1934\" height=\"2560\" src=\"https:\/\/www.haus-des-erinnerns-mainz.de\/wp-content\/uploads\/2025\/06\/IMG_1450-1_bearb-scaled.jpeg\" alt=\"\" class=\"wp-image-7960\" style=\"width:500px\" srcset=\"https:\/\/www.haus-des-erinnerns-mainz.de\/wp-content\/uploads\/2025\/06\/IMG_1450-1_bearb-scaled.jpeg 1934w, https:\/\/www.haus-des-erinnerns-mainz.de\/wp-content\/uploads\/2025\/06\/IMG_1450-1_bearb-227x300.jpeg 227w, https:\/\/www.haus-des-erinnerns-mainz.de\/wp-content\/uploads\/2025\/06\/IMG_1450-1_bearb-768x1017.jpeg 768w, https:\/\/www.haus-des-erinnerns-mainz.de\/wp-content\/uploads\/2025\/06\/IMG_1450-1_bearb-1160x1536.jpeg 1160w, https:\/\/www.haus-des-erinnerns-mainz.de\/wp-content\/uploads\/2025\/06\/IMG_1450-1_bearb-1547x2048.jpeg 1547w, https:\/\/www.haus-des-erinnerns-mainz.de\/wp-content\/uploads\/2025\/06\/IMG_1450-1_bearb-113x150.jpeg 113w\" sizes=\"auto, (max-width: 1934px) 100vw, 1934px\" \/><figcaption class=\"wp-element-caption\"><sup>Oberb\u00fcrgermeister Nino Haase, Dr. Cornelia Dold und Dr. Kai-Michael Sprenger bei der Verleihung der Plakette &#8222;Ort der Demokratiegeschichte&#8220;<\/sup><\/figcaption><\/figure><\/div>\n\n\n<p>Wie der Direktor der Bundesstiftung mit Sitz in Frankfurt am Main, Dr. Kai- Michael Sprenger, in seiner Begr\u00fc\u00dfung und Einf\u00fchrung darlegte, geh\u00f6rt das HdE damit zu den rund 100 Orten, die seit dem Projektstart der Stiftung im April 2020 mit der Plakette \u201eOrt der Demokratiegeschichte\u201c ausgezeichnet wurden. Es befindet sich, wie die von Kai-Michael Sprenger pr\u00e4sentierte Deutschlandkarte der Bundesstiftung zeigt, damit in illustrer Gemeinschaft mit prominenten und bisher fast g\u00e4nzlich unbekannten Orten. Dazu geh\u00f6ren das Abgeordnetenhaus von Berlin, die Nikolaikirche in Leipzig und sogar die deutsche Botschaft in Prag, aber auch die weithin unbekannte Kultur- und Erinnerungsst\u00e4tte \u201eDer Salmen\u201c in Offenburg, wo 1847 radikale Demokraten um Gustav Struve und Friedrich Hecker den ersten Grundrechtekatalog in deutscher Sprache proklamierten. Auch in Rheinland-Pfalz befindet sich das HdE in guter Gesellschaft z. B. mit dem Alten Rathaus Bergzabern (Bergzaberner Republik vom November 1792), dem Bauernkriegsmuseum Landau-Nu\u00dfdorf, dem Hambacher Schloss und dem nur wenige Meter entfernten Platz der Mainzer Republik mit dem Deutschhaus, dem Sitz des heutigen Landtags Rheinland-Pfalz.<\/p>\n\n\n\n<p>So finden sich auf der Karte der Bundesstiftung \u201eOrte der deutschen Demokratiegeschichte\u201c seit dem 16. Juni, verbunden mit der bekannten Au\u00dfenansicht das \u201eHaus des Erinnerns \u2013 f\u00fcr Demokratie und Akzeptanz\u201c, bereits Texte und weitere Fotos des HdE, in denen dessen \u201eAlleinstellungsmerkmal\u201c deutlich wird: ein Erinnerungs- UND Lernort, in dem die Erinnerung an die Opfer der nationalsozialistischen Diktatur mit dem Engagement f\u00fcr Demokratie und Akzeptanz in einer vielf\u00e4ltigen Stadtgesellschaft verbunden werden: \u201eUm die Br\u00fccke zwischen Vergangenheit, Gegenwart und Zukunft zu schlagen, wird in diesem Haus der Blick in die lange Geschichte der Demokratie dazu genutzt, um \u00fcber aktuelle gesellschaftliche Ph\u00e4nomene ins Gespr\u00e4ch zu kommen. Das \u201eHaus des Erinnerns \u2013 f\u00fcr Demokratie und Akzeptanz\u201c ist daher vor allem auch ein Ort der Begegnung und der Gespr\u00e4che, insbesondere \u00fcber Demokratie und Akzeptanz.\u201c<br>Beginnend mit dem kurzlebigen Demokratieversuch der Mainzer Republik (1792\/1793) und endend in der M\u00e4rzrevolution 1848\/49, war Mainz eine Hochburg der fr\u00fchen Demokratiebewegung im deutschen S\u00fcdwesten. Das HdE zeigt diese Tradition schon mit den in einem Glaspavillon pr\u00e4sentierten \u201eGesichtern der Demokratie\u201c auf. Mit diesem \u201eSchaufenster\u201d mit Pers\u00f6nlichkeiten wie Georg Forster, Hedwig Dohm, Willy Brandt, Christian F\u00fchrer oder Navid Kermani, die sich f\u00fcr Demokratie und Freiheitsrechte eingesetzt haben, werde dieses besondere Angebot \u2013 so Kai-Michael Sprenger \u2013 schon im Eingangsbereich der mitten im Stadtzentrum gelegenen Einrichtung deutlich.<\/p>\n\n\n\n<p>Ein Audioguide \u201eAuf den Spuren der Demokratie durch Mainz\u201c, basierend auf dem gemeinsam mit dem Verein f\u00fcr Sozialgeschichte Mainz erarbeiteten und gedruckten Stadtf\u00fchrer, f\u00fchrt an sechs Stationen durch zwei Jahrhunderte der st\u00e4dtischen Demokratiegeschichte. Darin werden der Kampf f\u00fcr Grund- und Freiheitsrechte, aber auch die R\u00fcckschritte und Einschnitte auf dem Weg zur heutigen demokratischen Gesellschaft beleuchtet. Und mit vielen Ausstellungen, Filmvorf\u00fchrungen, Vortr\u00e4gen und Diskussionen sowie literarischen und musikalischen Veranstaltungen ist das HdE ein nicht mehr wegzudenkender Ort des Austauschs und Diskurses der Gesellschaft in Mainz und Rheinhessen.<\/p>\n\n\n\n<p>So l\u00e4sst es sich auch der Mainzer Oberb\u00fcrgermeister Nino Haase \u2013 trotz der aus organisatorischen Gr\u00fcnden sehr kurzfristig noch vor der Sommerpause terminierten Auszeichnung \u2013 nicht nehmen, dem gesamten HdE-Team zu dieser prominenten Auszeichnung pers\u00f6nlich zu gratulieren: \u201eMitten in Mainz ist eine Lernst\u00e4tte f\u00fcr Demokratie entstanden. Gerade jetzt sind solche Orte wichtig, in denen Demokratie und ihre wechselvolle Geschichte erlebt werden k\u00f6nnen. Wie kaum eine zweite Stadt ist Mainz reich an Orten, die die Entstehung der Demokratie in Deutschland befl\u00fcgelt haben: Angefangen bei Gutenbergs Medienrevolution \u00fcber die Mainzer Republik bis ins 19. und 20. Jahrhundert. Ich freue mich, dass nun das \u201eHaus des Erinnerns\u201c als Ort der deutschen Demokratiegeschichte geehrt wird. Dies ist ein Zeichen, wie lebendig die Demokratie auch heute in Mainz ist.\u201c<br>Er sei dem HdE sehr dankbar, so der OB in seinem Gru\u00dfwort weiter, f\u00fcr die zahlreichen Ausstellungen und Veranstaltungen, f\u00fcr die Aufrechterhaltung einer kritischen Erinnerungskultur und den Einsatz f\u00fcr unsere heutige Demokratie und vor allem, dass es zugleich ein landesweit ausstrahlender Ort des Lernens f\u00fcr Jugendliche, insbesondere Sch\u00fcler*innengruppen, aber auch f\u00fcr Erwachsene sei. Dies sei ganz im Interesse der Landeshauptstadt Mainz, die sich zum Ziel gesetzt habe, Dialog und Offenheit zu f\u00f6rdern und B\u00fcrgerinnenbeteiligung zu st\u00e4rken. Vielfalt sei eine St\u00e4rke der Stadt, in der 160 Nationen friedlich zusammenlebten und auch in der Stadtverwaltung fast 5.000 Mitarbeiterinnen aus 51 L\u00e4ndern zusammenarbeiteten. <br>Das Gestalten unserer Demokratie sei die wichtigste Aufgabe der Stadt: \u201eDas Haus des Erinnerns \u2013 f\u00fcr Demokratie und Akzeptanz ist unverzichtbar f\u00fcr Mainz und die Region!\u201c, so OB Nino Haase. Diese Auffassung unterstrichen in der anschlie\u00dfenden Diskussion auch die zahlreich teilnehmenden Vertreterinnen aus fast allen demokratischen Stadtratsfraktionen von CDU, SPD, B\u00dcNDNIS90\/DIE GR\u00dcNEN, FDP, \u00d6DP und VOLT sowie der Mitglieder des Vorstands und des Stiftungsrats des HdE, die alle die notwendige Sicherung der Existenz und der so wichtigen weiteren Arbeit der Einrichtung unterst\u00fctzten. So konnte Oberb\u00fcrgermeister Haase f\u00fcr Stadtvorstand und Stadtverwaltung noch einmal \u00f6ffentlich zusichern, sollte die bisher \u00fcber das Bundesprogramm \u201eDemokratie leben!\u201c geleistete F\u00f6rderung (in H\u00f6he von gerade einmal j\u00e4hrlich 140.000 \u20ac) im kommenden Jahr ausbleiben, dass die Landeshauptstadt Mainz hier die entsprechenden finanziellen Mittel bereitstellen werde.<br>Mit der \u00dcbergabe der Plakette \u201eOrt der deutschen Demokratiegeschichte\u201c fand die Veranstaltung vor dem Eingang des HdE im Kreis aller Teilnehmer*innen einen sch\u00f6nen und Mut machenden Abschluss.<\/p>\n\n\n\n<div class=\"wp-block-columns is-layout-flex wp-container-core-columns-is-layout-9d6595d7 wp-block-columns-is-layout-flex\">\n<div class=\"wp-block-column is-layout-flow wp-block-column-is-layout-flow\"><\/div>\n\n\n\n<div class=\"wp-block-column is-layout-flow wp-block-column-is-layout-flow\"><\/div>\n\n\n\n<div class=\"wp-block-column is-layout-flow wp-block-column-is-layout-flow\"><\/div>\n<\/div>\n","protected":false},"excerpt":{"rendered":"<p>\u201eHaus des Erinnerns \u2013 f\u00fcr Demokratie und Akzeptanz\u201c (HdE) in der Landeshauptstadt Mainz ist jetzt auch \u201e(Erinnerungs-)Ort der Demokratiegeschichte\u201c \u2013 ausgezeichnet von der Bundesstiftung \u201eOrte der deutschen Demokratiegeschichte\u201c! Wie der Direktor der Bundesstiftung mit Sitz in Frankfurt am Main, Dr. Kai- Michael Sprenger, in seiner Begr\u00fc\u00dfung und Einf\u00fchrung darlegte, geh\u00f6rt&#8230;<\/p>\n<p> <a class=\"continue-reading-link\" href=\"https:\/\/www.haus-des-erinnerns-mainz.de\/index.php\/2025\/06\/23\/unser-hde-ist-ort-der-demokratiegeschichte\/\"><span>Weiterlesen<\/span><i class=\"crycon-right-dir\"><\/i><\/a> <\/p>\n","protected":false},"author":4,"featured_media":7960,"comment_status":"closed","ping_status":"open","sticky":false,"template":"","format":"standard","meta":{"episode_type":"audio","audio_file":"","podmotor_file_id":"","podmotor_episode_id":"","cover_image":"","cover_image_id":"","duration":"","filesize":"","filesize_raw":"","date_recorded":"","explicit":"","block":"","ngg_post_thumbnail":0,"_price":"","_stock":"","_tribe_ticket_header":"","_tribe_default_ticket_provider":"","_tribe_ticket_capacity":"0","_ticket_start_date":"","_ticket_end_date":"","_tribe_ticket_show_description":"","_tribe_ticket_show_not_going":false,"_tribe_ticket_use_global_stock":"","_tribe_ticket_global_stock_level":"","_global_stock_mode":"","_global_stock_cap":"","_tribe_rsvp_for_event":"","_tribe_ticket_going_count":"","_tribe_ticket_not_going_count":"","_tribe_tickets_list":"[]","_tribe_ticket_has_attendee_info_fields":false,"footnotes":""},"categories":[75,1],"tags":[],"series":[547],"class_list":["post-7959","post","type-post","status-publish","format-standard","has-post-thumbnail","hentry","category-aktuelles","category-allgemein","series-haus-des-erinnerns"],"episode_featured_image":"https:\/\/www.haus-des-erinnerns-mainz.de\/wp-content\/uploads\/2025\/06\/IMG_1450-1_bearb-scaled.jpeg","episode_player_image":"https:\/\/www.haus-des-erinnerns-mainz.de\/wp-content\/plugins\/seriously-simple-podcasting\/assets\/images\/no-album-art.png","download_link":"","player_link":"","audio_player":false,"episode_data":{"playerMode":"dark","subscribeUrls":[],"rssFeedUrl":"https:\/\/www.haus-des-erinnerns-mainz.de\/feed\/podcast\/haus-des-erinnerns","embedCode":"<blockquote class=\"wp-embedded-content\" data-secret=\"TxuRcvQcRv\"><a href=\"https:\/\/www.haus-des-erinnerns-mainz.de\/index.php\/2025\/06\/23\/unser-hde-ist-ort-der-demokratiegeschichte\/\">Unser HdE ist Ort der Demokratiegeschichte!<\/a><\/blockquote><iframe sandbox=\"allow-scripts\" security=\"restricted\" src=\"https:\/\/www.haus-des-erinnerns-mainz.de\/index.php\/2025\/06\/23\/unser-hde-ist-ort-der-demokratiegeschichte\/embed\/#?secret=TxuRcvQcRv\" width=\"500\" height=\"350\" title=\"&#8222;Unser HdE ist Ort der Demokratiegeschichte!&#8220; &#8211; Haus des Erinnerns\" data-secret=\"TxuRcvQcRv\" frameborder=\"0\" marginwidth=\"0\" marginheight=\"0\" scrolling=\"no\" class=\"wp-embedded-content\"><\/iframe><script type=\"text\/javascript\">\n\/* <![CDATA[ *\/\n\/*! This file is auto-generated *\/\n!function(d,l){\"use strict\";l.querySelector&&d.addEventListener&&\"undefined\"!=typeof URL&&(d.wp=d.wp||{},d.wp.receiveEmbedMessage||(d.wp.receiveEmbedMessage=function(e){var t=e.data;if((t||t.secret||t.message||t.value)&&!\/[^a-zA-Z0-9]\/.test(t.secret)){for(var s,r,n,a=l.querySelectorAll('iframe[data-secret=\"'+t.secret+'\"]'),o=l.querySelectorAll('blockquote[data-secret=\"'+t.secret+'\"]'),c=new RegExp(\"^https?:$\",\"i\"),i=0;i<o.length;i++)o[i].style.display=\"none\";for(i=0;i<a.length;i++)s=a[i],e.source===s.contentWindow&&(s.removeAttribute(\"style\"),\"height\"===t.message?(1e3<(r=parseInt(t.value,10))?r=1e3:~~r<200&&(r=200),s.height=r):\"link\"===t.message&&(r=new URL(s.getAttribute(\"src\")),n=new URL(t.value),c.test(n.protocol))&&n.host===r.host&&l.activeElement===s&&(d.top.location.href=t.value))}},d.addEventListener(\"message\",d.wp.receiveEmbedMessage,!1),l.addEventListener(\"DOMContentLoaded\",function(){for(var e,t,s=l.querySelectorAll(\"iframe.wp-embedded-content\"),r=0;r<s.length;r++)(t=(e=s[r]).getAttribute(\"data-secret\"))||(t=Math.random().toString(36).substring(2,12),e.src+=\"#?secret=\"+t,e.setAttribute(\"data-secret\",t)),e.contentWindow.postMessage({message:\"ready\",secret:t},\"*\")},!1)))}(window,document);\n\/* ]]> *\/\n<\/script>\n"},"_links":{"self":[{"href":"https:\/\/www.haus-des-erinnerns-mainz.de\/index.php\/wp-json\/wp\/v2\/posts\/7959","targetHints":{"allow":["GET"]}}],"collection":[{"href":"https:\/\/www.haus-des-erinnerns-mainz.de\/index.php\/wp-json\/wp\/v2\/posts"}],"about":[{"href":"https:\/\/www.haus-des-erinnerns-mainz.de\/index.php\/wp-json\/wp\/v2\/types\/post"}],"author":[{"embeddable":true,"href":"https:\/\/www.haus-des-erinnerns-mainz.de\/index.php\/wp-json\/wp\/v2\/users\/4"}],"replies":[{"embeddable":true,"href":"https:\/\/www.haus-des-erinnerns-mainz.de\/index.php\/wp-json\/wp\/v2\/comments?post=7959"}],"version-history":[{"count":8,"href":"https:\/\/www.haus-des-erinnerns-mainz.de\/index.php\/wp-json\/wp\/v2\/posts\/7959\/revisions"}],"predecessor-version":[{"id":7973,"href":"https:\/\/www.haus-des-erinnerns-mainz.de\/index.php\/wp-json\/wp\/v2\/posts\/7959\/revisions\/7973"}],"wp:featuredmedia":[{"embeddable":true,"href":"https:\/\/www.haus-des-erinnerns-mainz.de\/index.php\/wp-json\/wp\/v2\/media\/7960"}],"wp:attachment":[{"href":"https:\/\/www.haus-des-erinnerns-mainz.de\/index.php\/wp-json\/wp\/v2\/media?parent=7959"}],"wp:term":[{"taxonomy":"category","embeddable":true,"href":"https:\/\/www.haus-des-erinnerns-mainz.de\/index.php\/wp-json\/wp\/v2\/categories?post=7959"},{"taxonomy":"post_tag","embeddable":true,"href":"https:\/\/www.haus-des-erinnerns-mainz.de\/index.php\/wp-json\/wp\/v2\/tags?post=7959"},{"taxonomy":"series","embeddable":true,"href":"https:\/\/www.haus-des-erinnerns-mainz.de\/index.php\/wp-json\/wp\/v2\/series?post=7959"}],"curies":[{"name":"wp","href":"https:\/\/api.w.org\/{rel}","templated":true}]}}