{"id":7872,"date":"2025-05-11T14:11:29","date_gmt":"2025-05-11T12:11:29","guid":{"rendered":"https:\/\/www.haus-des-erinnerns-mainz.de\/?p=7872"},"modified":"2025-05-12T12:04:30","modified_gmt":"2025-05-12T10:04:30","slug":"zum-tod-margot-friedlaenders","status":"publish","type":"post","link":"https:\/\/www.haus-des-erinnerns-mainz.de\/index.php\/2025\/05\/11\/zum-tod-margot-friedlaenders\/","title":{"rendered":"Zum Tod Margot Friedl\u00e4nders"},"content":{"rendered":"\n<br>\n\n\n\n<div class=\"wp-block-columns is-layout-flex wp-container-core-columns-is-layout-9d6595d7 wp-block-columns-is-layout-flex\">\n<div class=\"wp-block-column is-layout-flow wp-block-column-is-layout-flow\">\n<figure class=\"wp-block-image size-full\"><img loading=\"lazy\" decoding=\"async\" width=\"1080\" height=\"1350\" src=\"https:\/\/www.haus-des-erinnerns-mainz.de\/wp-content\/uploads\/2025\/05\/Friedlaender-1.png\" alt=\"\" class=\"wp-image-7890\" srcset=\"https:\/\/www.haus-des-erinnerns-mainz.de\/wp-content\/uploads\/2025\/05\/Friedlaender-1.png 1080w, https:\/\/www.haus-des-erinnerns-mainz.de\/wp-content\/uploads\/2025\/05\/Friedlaender-1-240x300.png 240w, https:\/\/www.haus-des-erinnerns-mainz.de\/wp-content\/uploads\/2025\/05\/Friedlaender-1-768x960.png 768w, https:\/\/www.haus-des-erinnerns-mainz.de\/wp-content\/uploads\/2025\/05\/Friedlaender-1-120x150.png 120w\" sizes=\"auto, (max-width: 1080px) 100vw, 1080px\" \/><\/figure>\n<\/div>\n\n\n\n<div class=\"wp-block-column is-layout-flow wp-block-column-is-layout-flow\">\n<figure class=\"wp-block-image size-full\"><img loading=\"lazy\" decoding=\"async\" width=\"1080\" height=\"1350\" src=\"https:\/\/www.haus-des-erinnerns-mainz.de\/wp-content\/uploads\/2025\/05\/Friedlaender-4.png\" alt=\"\" class=\"wp-image-7891\" srcset=\"https:\/\/www.haus-des-erinnerns-mainz.de\/wp-content\/uploads\/2025\/05\/Friedlaender-4.png 1080w, https:\/\/www.haus-des-erinnerns-mainz.de\/wp-content\/uploads\/2025\/05\/Friedlaender-4-240x300.png 240w, https:\/\/www.haus-des-erinnerns-mainz.de\/wp-content\/uploads\/2025\/05\/Friedlaender-4-768x960.png 768w, https:\/\/www.haus-des-erinnerns-mainz.de\/wp-content\/uploads\/2025\/05\/Friedlaender-4-120x150.png 120w\" sizes=\"auto, (max-width: 1080px) 100vw, 1080px\" \/><figcaption class=\"wp-element-caption\"><sub><sup>Foto: <a href=\"https:\/\/de.wikipedia.org\/wiki\/Benutzer:%C3%9Cberleben\">Scott-Hendryk Dillan<\/a> <a href=\"https:\/\/creativecommons.org\/licenses\/by-sa\/3.0\" target=\"_blank\" rel=\"noreferrer noopener\">CC BY-SA 3.0<\/a><\/sup><\/sub><\/figcaption><\/figure>\n<\/div>\n<\/div>\n\n\n\n<br>\n\n\n\n<p>Am 9. Mai 2025 ist Margot Friedl\u00e4nder im Alter von 103 Jahren verstorben. Wir nehmen Abschied von einer gro\u00dfartigen, warmherzigen und tief beeindruckenden Frau. Margot Friedl\u00e4nder wurde am 5. November 1921 in eine j\u00fcdische Familie geboren. Ihre Mutter Auguste Bendheim und ihr Bruder Ralph wurden 1943 deportiert und im Konzentrations- und Vernichtungslager Auschwitz ermordet. Margot Friedl\u00e4nder selbst konnte dank zahlreicher Helfer*innen zun\u00e4chst untertauchen, wurde dann aber, nachdem sogenannte \u201aGreifer\u2018 sie verraten hatten, gefasst und ins Konzentrationslager Theresienstadt deportiert.<\/p>\n\n\n\n<p>Die Nationalsozialisten raubten der damals 20-J\u00e4hrigen wie allen Inhaftierten ihre Identit\u00e4t: \u201eMan ist ja kein Mensch. Wenn man eine Nummer ist, ist man eine Nummer\u201c, so schilderte Friedl\u00e4nder dies nach 1945. Margot Friedl\u00e4nder \u00fcberlebte genau wie ihr sp\u00e4terer Mann Adolf Friedl\u00e4nder das Konzentrationslager. Von ihrer Mutter blieb ihr einzig die von Nachbarn \u00fcbermittelte m\u00fcndliche Botschaft: \u201eVersuche, dein Leben zu machen.\u201c <\/p>\n\n\n\n<p>Nach dem Ende des Zweiten Weltkriegs entschieden sich Margot und Adolf Friedl\u00e4nder dazu, in die Vereinigten Staaten von Amerika auszuwandern. Lange Zeit sprach sie nicht \u00fcber ihre Erlebnisse, \u00fcber das Schicksal ihrer gesamten Familie. Doch sie wurde zu einer der wichtigsten Zeitzeug*innen der Shoah. \u201eIch spreche f\u00fcr die, die es nicht geschafft haben\u201c, so waren ihre Worte. <\/p>\n\n\n\n<p>2010 kehrte Margot Friedl\u00e4nder im Alter von 88 Jahren zur\u00fcck nach Deutschland, in ihre Geburtsstadt Berlin. Sogar die deutsche Staatsb\u00fcrgerschaft nahm sie wieder an. Seitdem widmete sie sich der Aufkl\u00e4rung \u00fcber die Verbrechen der Nationalsozialisten: \u201eMeine Mission ist: Ich sage, seid Menschen. Wir sind alle gleich. Es gibt kein christliches, kein muslimisches, kein j\u00fcdisches Blut. Es gibt nur menschliches Blut. Alles ist gleich.\u201c 2011 erhielt sie f\u00fcr ihren unerm\u00fcdlichen Einsatz das Bundesverdienstkreuz. Am Freitag, dem 9. Mai, sollte ihr von Bundespr\u00e4sident Frank-Walter Steinmeier das Gro\u00dfe Verdienstkreuz verliehen werden.&nbsp;<\/p>\n\n\n\n<p>Mit ihren Worten \u201eSeid Menschen!\u201c bewegte sie Millionen von Menschen und rief vor allem junge Menschen dazu auf, die Demokratie zu verteidigen. Diese Worte Margot Friedl\u00e4nders sollen uns stetige Mahnung und Verpflichtung sein, uns f\u00fcr ein friedliches Miteinander, f\u00fcr Menschenrechte und unsere Demokratie einzusetzen. <\/p>\n\n\n\n<br>\n\n\n\n<div class=\"wp-block-columns is-layout-flex wp-container-core-columns-is-layout-9d6595d7 wp-block-columns-is-layout-flex\">\n<div class=\"wp-block-column is-layout-flow wp-block-column-is-layout-flow\">\n<figure class=\"wp-block-image size-full\"><img loading=\"lazy\" decoding=\"async\" width=\"1080\" height=\"1350\" src=\"https:\/\/www.haus-des-erinnerns-mainz.de\/wp-content\/uploads\/2025\/05\/Friedlaender-2.png\" alt=\"\" class=\"wp-image-7893\" srcset=\"https:\/\/www.haus-des-erinnerns-mainz.de\/wp-content\/uploads\/2025\/05\/Friedlaender-2.png 1080w, https:\/\/www.haus-des-erinnerns-mainz.de\/wp-content\/uploads\/2025\/05\/Friedlaender-2-240x300.png 240w, https:\/\/www.haus-des-erinnerns-mainz.de\/wp-content\/uploads\/2025\/05\/Friedlaender-2-768x960.png 768w, https:\/\/www.haus-des-erinnerns-mainz.de\/wp-content\/uploads\/2025\/05\/Friedlaender-2-120x150.png 120w\" sizes=\"auto, (max-width: 1080px) 100vw, 1080px\" \/><\/figure>\n<\/div>\n\n\n\n<div class=\"wp-block-column is-layout-flow wp-block-column-is-layout-flow\">\n<figure class=\"wp-block-image size-full\"><img loading=\"lazy\" decoding=\"async\" width=\"1080\" height=\"1350\" src=\"https:\/\/www.haus-des-erinnerns-mainz.de\/wp-content\/uploads\/2025\/05\/Friedlaender-3.png\" alt=\"\" class=\"wp-image-7894\" srcset=\"https:\/\/www.haus-des-erinnerns-mainz.de\/wp-content\/uploads\/2025\/05\/Friedlaender-3.png 1080w, https:\/\/www.haus-des-erinnerns-mainz.de\/wp-content\/uploads\/2025\/05\/Friedlaender-3-240x300.png 240w, https:\/\/www.haus-des-erinnerns-mainz.de\/wp-content\/uploads\/2025\/05\/Friedlaender-3-768x960.png 768w, https:\/\/www.haus-des-erinnerns-mainz.de\/wp-content\/uploads\/2025\/05\/Friedlaender-3-120x150.png 120w\" sizes=\"auto, (max-width: 1080px) 100vw, 1080px\" \/><\/figure>\n<\/div>\n<\/div>\n\n\n\n<br>\n\n\n\n<iframe loading=\"lazy\" src=\"https:\/\/www.ardmediathek.de\/embed\/Y3JpZDovL3JiYl8wNmM3YWJkZS02NWZlLTQ2ODgtOWFmZS0xMGU0YTZhZWFiN2VfcHVibGljYXRpb24\" width=\"640\" height=\"360\" allowfullscreen allow=\"clipboard-read; clipboard-write\" frameBorder=\"0\" scrolling=\"no\"><\/iframe>\n\n\n\n<p><\/p>\n","protected":false},"excerpt":{"rendered":"<p>Am 9. Mai 2025 ist Margot Friedl\u00e4nder im Alter von 103 Jahren verstorben. Wir nehmen Abschied von einer gro\u00dfartigen, warmherzigen und tief beeindruckenden Frau. Margot Friedl\u00e4nder wurde am 5. November 1921 in eine j\u00fcdische Familie geboren. Ihre Mutter Auguste Bendheim und ihr Bruder Ralph wurden 1943 deportiert und im Konzentrations-&#8230;<\/p>\n<p> <a class=\"continue-reading-link\" href=\"https:\/\/www.haus-des-erinnerns-mainz.de\/index.php\/2025\/05\/11\/zum-tod-margot-friedlaenders\/\"><span>Weiterlesen<\/span><i class=\"crycon-right-dir\"><\/i><\/a> <\/p>\n","protected":false},"author":4,"featured_media":0,"comment_status":"closed","ping_status":"open","sticky":false,"template":"","format":"standard","meta":{"episode_type":"audio","audio_file":"","podmotor_file_id":"","podmotor_episode_id":"","cover_image":"","cover_image_id":"","duration":"","filesize":"","filesize_raw":"","date_recorded":"","explicit":"","block":"","ngg_post_thumbnail":0,"_price":"","_stock":"","_tribe_ticket_header":"","_tribe_default_ticket_provider":"","_tribe_ticket_capacity":"0","_ticket_start_date":"","_ticket_end_date":"","_tribe_ticket_show_description":"","_tribe_ticket_show_not_going":false,"_tribe_ticket_use_global_stock":"","_tribe_ticket_global_stock_level":"","_global_stock_mode":"","_global_stock_cap":"","_tribe_rsvp_for_event":"","_tribe_ticket_going_count":"","_tribe_ticket_not_going_count":"","_tribe_tickets_list":"[]","_tribe_ticket_has_attendee_info_fields":false,"footnotes":""},"categories":[75,1],"tags":[],"series":[547],"class_list":["post-7872","post","type-post","status-publish","format-standard","hentry","category-aktuelles","category-allgemein","series-haus-des-erinnerns"],"episode_featured_image":false,"episode_player_image":"https:\/\/www.haus-des-erinnerns-mainz.de\/wp-content\/plugins\/seriously-simple-podcasting\/assets\/images\/no-album-art.png","download_link":"","player_link":"","audio_player":false,"episode_data":{"playerMode":"dark","subscribeUrls":[],"rssFeedUrl":"https:\/\/www.haus-des-erinnerns-mainz.de\/feed\/podcast\/haus-des-erinnerns","embedCode":"<blockquote class=\"wp-embedded-content\" data-secret=\"nRM2TXpNr3\"><a href=\"https:\/\/www.haus-des-erinnerns-mainz.de\/index.php\/2025\/05\/11\/zum-tod-margot-friedlaenders\/\">Zum Tod Margot Friedl\u00e4nders<\/a><\/blockquote><iframe sandbox=\"allow-scripts\" security=\"restricted\" src=\"https:\/\/www.haus-des-erinnerns-mainz.de\/index.php\/2025\/05\/11\/zum-tod-margot-friedlaenders\/embed\/#?secret=nRM2TXpNr3\" width=\"500\" height=\"350\" title=\"&#8222;Zum Tod Margot Friedl\u00e4nders&#8220; &#8211; Haus des Erinnerns\" data-secret=\"nRM2TXpNr3\" frameborder=\"0\" marginwidth=\"0\" marginheight=\"0\" scrolling=\"no\" class=\"wp-embedded-content\"><\/iframe><script type=\"text\/javascript\">\n\/* <![CDATA[ *\/\n\/*! This file is auto-generated *\/\n!function(d,l){\"use strict\";l.querySelector&&d.addEventListener&&\"undefined\"!=typeof URL&&(d.wp=d.wp||{},d.wp.receiveEmbedMessage||(d.wp.receiveEmbedMessage=function(e){var t=e.data;if((t||t.secret||t.message||t.value)&&!\/[^a-zA-Z0-9]\/.test(t.secret)){for(var s,r,n,a=l.querySelectorAll('iframe[data-secret=\"'+t.secret+'\"]'),o=l.querySelectorAll('blockquote[data-secret=\"'+t.secret+'\"]'),c=new RegExp(\"^https?:$\",\"i\"),i=0;i<o.length;i++)o[i].style.display=\"none\";for(i=0;i<a.length;i++)s=a[i],e.source===s.contentWindow&&(s.removeAttribute(\"style\"),\"height\"===t.message?(1e3<(r=parseInt(t.value,10))?r=1e3:~~r<200&&(r=200),s.height=r):\"link\"===t.message&&(r=new URL(s.getAttribute(\"src\")),n=new URL(t.value),c.test(n.protocol))&&n.host===r.host&&l.activeElement===s&&(d.top.location.href=t.value))}},d.addEventListener(\"message\",d.wp.receiveEmbedMessage,!1),l.addEventListener(\"DOMContentLoaded\",function(){for(var e,t,s=l.querySelectorAll(\"iframe.wp-embedded-content\"),r=0;r<s.length;r++)(t=(e=s[r]).getAttribute(\"data-secret\"))||(t=Math.random().toString(36).substring(2,12),e.src+=\"#?secret=\"+t,e.setAttribute(\"data-secret\",t)),e.contentWindow.postMessage({message:\"ready\",secret:t},\"*\")},!1)))}(window,document);\n\/* ]]> *\/\n<\/script>\n"},"_links":{"self":[{"href":"https:\/\/www.haus-des-erinnerns-mainz.de\/index.php\/wp-json\/wp\/v2\/posts\/7872","targetHints":{"allow":["GET"]}}],"collection":[{"href":"https:\/\/www.haus-des-erinnerns-mainz.de\/index.php\/wp-json\/wp\/v2\/posts"}],"about":[{"href":"https:\/\/www.haus-des-erinnerns-mainz.de\/index.php\/wp-json\/wp\/v2\/types\/post"}],"author":[{"embeddable":true,"href":"https:\/\/www.haus-des-erinnerns-mainz.de\/index.php\/wp-json\/wp\/v2\/users\/4"}],"replies":[{"embeddable":true,"href":"https:\/\/www.haus-des-erinnerns-mainz.de\/index.php\/wp-json\/wp\/v2\/comments?post=7872"}],"version-history":[{"count":7,"href":"https:\/\/www.haus-des-erinnerns-mainz.de\/index.php\/wp-json\/wp\/v2\/posts\/7872\/revisions"}],"predecessor-version":[{"id":7896,"href":"https:\/\/www.haus-des-erinnerns-mainz.de\/index.php\/wp-json\/wp\/v2\/posts\/7872\/revisions\/7896"}],"wp:attachment":[{"href":"https:\/\/www.haus-des-erinnerns-mainz.de\/index.php\/wp-json\/wp\/v2\/media?parent=7872"}],"wp:term":[{"taxonomy":"category","embeddable":true,"href":"https:\/\/www.haus-des-erinnerns-mainz.de\/index.php\/wp-json\/wp\/v2\/categories?post=7872"},{"taxonomy":"post_tag","embeddable":true,"href":"https:\/\/www.haus-des-erinnerns-mainz.de\/index.php\/wp-json\/wp\/v2\/tags?post=7872"},{"taxonomy":"series","embeddable":true,"href":"https:\/\/www.haus-des-erinnerns-mainz.de\/index.php\/wp-json\/wp\/v2\/series?post=7872"}],"curies":[{"name":"wp","href":"https:\/\/api.w.org\/{rel}","templated":true}]}}