{"id":7869,"date":"2025-05-08T22:19:47","date_gmt":"2025-05-08T20:19:47","guid":{"rendered":"https:\/\/www.haus-des-erinnerns-mainz.de\/?p=7869"},"modified":"2025-05-11T14:28:13","modified_gmt":"2025-05-11T12:28:13","slug":"das-ende-des-zweiten-weltkriegs-vor-80-jahren","status":"publish","type":"post","link":"https:\/\/www.haus-des-erinnerns-mainz.de\/index.php\/2025\/05\/08\/das-ende-des-zweiten-weltkriegs-vor-80-jahren\/","title":{"rendered":"Das Ende des Zweiten Weltkriegs vor 80 Jahren"},"content":{"rendered":"\n<p>Heute vor genau 80 Jahren \u2013 am 8. Mai 1945 \u2013 endete offiziell der Zweite Weltkrieg. Ein Datum, das den meisten Menschen ein Begriff ist und das sehr stark im kollektiven Ged\u00e4chtnis verankert ist. In Mainz endete der Krieg jedoch bereits am 22. M\u00e4rz 1945. In den fr\u00fchen Morgenstunden fuhren die ersten amerikanischen Panzer in das Stadtgebiet von Mainz.<\/p>\n\n\n\n<p>Viele Menschen empfanden diesen Moment als Befreiung, sowohl von der NS-Herrschaft als auch von den anhaltenden Luftangriffen auf die Stadt. So blieb gerade der 27. Februar 1945 in Erinnerung, da an diesem Tag in nur wenigen Minuten durch alliierte Bomber der Gro\u00dfteil der Mainzer Innenstadt zerst\u00f6rt wurde; Tausende Menschen starben. Die N\u00e4chte in Luftschutzkellern gepr\u00e4gt von Angst hatten das Leben der Menschen in den letzten Kriegsmonaten bestimmt. Auch wenn eine ungewisse Zukunft unter alliierter Besatzung vor ihnen lag, \u00fcberwog doch die Erleichterung \u00fcber das Ende des Zweiten Weltkriegs.<\/p>\n\n\n\n<p>Das Kriegsende und die Frage, wie die Menschen diese Momente wahrnahmen, sind sehr komplex und in ihrer Vielschichtigkeit in kurzen Worten kaum zu erfassen. Richard von Weizs\u00e4cker machte dies bereits 1985 in einer vielbeachteten Rede deutlich, in dem er sagte: \u201eDer 8. Mai war ein Tag der Befreiung. Er hat uns alle befreit von dem menschenverachtenden System der nationalsozialistischen Gewaltherrschaft. Aber wir d\u00fcrfen nicht im Ende des Krieges die Ursache f\u00fcr Flucht, Vertreibung und Unfreiheit sehen. Sie liegt vielmehr in seinem Anfang und im Beginn jener Gewaltherrschaft, die zum Krieg f\u00fchrte.\u201c<\/p>\n\n\n\n<p>Es gab jedoch auch diejenigen Menschen, die das Ende des Zweiten Weltkrieges mit der bedingungslosen Kapitulation der Deutschen Wehrmacht als Niederlage empfanden; einige halten bis heute an diesem Bild fest. Auch wenn gro\u00dfe Teile der deutschen Gesellschaft das menschenverachtende, rassistische Regime der Nationalsozialisten gest\u00fctzt, oder zumindest mitgetragen haben, sich an Ausgrenzung und Verfolgung beteiligten, oder eben weggesehen und die Augen vor dem herrschenden Terror verschlossen haben, so gab es auch diejenigen, die unter den Folgen des Systems, dessen Teil sie zuvor waren, leiden mussten.<\/p>\n\n\n\n<p>In Mainz standen die Menschen nach dem 22. M\u00e4rz 1945 vor den Tr\u00fcmmern einer Stadt, die es wiederaufzubauen galt: sowohl rein physisch in Form von Geb\u00e4uden und Stra\u00dfen, als auch gesellschaftlich. Die Amerikaner begannen umgehend mit dem Aufbau einer Milit\u00e4rverwaltung. Gerade f\u00fcr die Versorgung der Bev\u00f6lkerung brauchten sie neben Offizieren und Soldaten aus ihren Reihen auch \u00f6rtliche deutsche Mitarbeiter. So wurde Dr. Rudolph Walther als Oberb\u00fcrgermeister der Stadt eingesetzt und mit politisch unbelasteten Mitarbeitern besetzte man die wichtigsten st\u00e4dtischen Dienststellen. Polizei, Presse, Kultur, alle Bereiche galt es wieder aufzubauen.<\/p>\n\n\n\n<p>Am 9. Juli 1945 \u00fcbergaben die Amerikaner schlie\u00dflich Mainz und Rheinhessen an die Franzosen: Der Rhein wurde neue Grenze zwischen den beiden Besatzungsm\u00e4chten. Es begann die Zeit des sogenannten Neuanfangs.<\/p>\n\n\n\n<p>Heute m\u00f6chten wir aber vor allem an das Ende des Zweiten Weltkriegs erinnern. Bis heute bleibt es wichtig, immer wieder auf den urs\u00e4chlichen Zusammenhang zwischen der Errichtung der NS-Diktatur und dem von Deutschland in den europ\u00e4ischen Nachbarl\u00e4ndern begonnenen und dann nach Deutschland zur\u00fcckkehrenden Krieg hinzuweisen. <\/p>\n\n\n\n<p>Wir tun dies unter anderem, indem wir hier auf eine gemeinsam vom Verein f\u00fcr Sozialgeschichte Mainz e.V. und dem Stadtarchiv Mainz im Auftrag der Stadt Mainz herausgegebene<strong> <\/strong>Publikation hinweisen und daraus das <a href=\"https:\/\/www.haus-des-erinnerns-mainz.de\/wp-content\/uploads\/2020\/05\/Hrsg-Vorwort-H.Berkessel-Die-Gegenwart-der-Vergangenheit-1.pdf\" target=\"_blank\" rel=\"noreferrer noopener\"><strong>Herausgeber-Vorwort<\/strong><\/a><a href=\"https:\/\/www.haus-des-erinnerns-mainz.de\/wp-content\/uploads\/2020\/05\/Hrsg-Vorwort-H.Berkessel.doc.pdf\"><\/a> und den<strong> <a href=\"https:\/\/www.haus-des-erinnerns-mainz.de\/wp-content\/uploads\/2020\/05\/Vortrag_Prof.Dr_._Norbert_-Frei_zum_Kriegsende_27.-Februar_2005_Mainz.pdf\">Text des renommierten Jenaer Zeithistorikers Prof. Dr. Norbert Frei zur Verf\u00fcgung stellen.<\/a><\/strong><\/p>\n\n\n\n<p><em>Berkessel, Hans (Hrsg. im Auftrag der Stadt Mainz, des Vereins f\u00fcr Sozialgeschichte Mainz e.V. und des Stadtarchivs Mainz): <a href=\"http:\/\/www.sozialgeschichte-mainz.de\/publikationen\/sonderhefte.html#c14566\">\u201eDie Gegenwart der Vergangenheit\u201c \u2013 Dokumentation anl\u00e4sslich des 60. Jahrestages der Zerst\u00f6rung der Stadt Mainz und des Endes des Zweiten Weltkrieges: 27. Februar 2005 \u2013 27. Februar 1945,<\/a> Mainz 2005, 82 Seiten, ISBN: 1435-8026, Sonderpreis: 5,00 \u20ac.<\/em><br>Das Heft kann unter kontakt@sozialgeschichte-mainz.de bestellt oder \u00fcber den Buchhandel bezogen werden.<\/p>\n\n\n\n<p><a href=\"https:\/\/www.bundespraesident.de\/SharedDocs\/Reden\/DE\/Frank-Walter-Steinmeier\/Reden\/2025\/05\/250508-Ende-2WK.html\">Hier<\/a> gelangen Sie zur Rede des Bundespr\u00e4sidenten Frank-Walter Steinmeier anl\u00e4sslich des 80. Jahrestages des Kriegsendes am 8. Mai 1945.<\/p>\n\n\n","protected":false},"excerpt":{"rendered":"<p>Heute vor genau 80 Jahren \u2013 am 8. Mai 1945 \u2013 endete offiziell der Zweite Weltkrieg. Ein Datum, das den meisten Menschen ein Begriff ist und das sehr stark im kollektiven Ged\u00e4chtnis verankert ist. In Mainz endete der Krieg jedoch bereits am 22. M\u00e4rz 1945. In den fr\u00fchen Morgenstunden fuhren&#8230;<\/p>\n<p> <a class=\"continue-reading-link\" href=\"https:\/\/www.haus-des-erinnerns-mainz.de\/index.php\/2025\/05\/08\/das-ende-des-zweiten-weltkriegs-vor-80-jahren\/\"><span>Weiterlesen<\/span><i class=\"crycon-right-dir\"><\/i><\/a> <\/p>\n","protected":false},"author":4,"featured_media":7870,"comment_status":"closed","ping_status":"closed","sticky":false,"template":"","format":"standard","meta":{"episode_type":"audio","audio_file":"","podmotor_file_id":"","podmotor_episode_id":"","cover_image":"","cover_image_id":"","duration":"","filesize":"","filesize_raw":"","date_recorded":"","explicit":"","block":"","ngg_post_thumbnail":0,"_price":"","_stock":"","_tribe_ticket_header":"","_tribe_default_ticket_provider":"","_tribe_ticket_capacity":"0","_ticket_start_date":"","_ticket_end_date":"","_tribe_ticket_show_description":"","_tribe_ticket_show_not_going":false,"_tribe_ticket_use_global_stock":"","_tribe_ticket_global_stock_level":"","_global_stock_mode":"","_global_stock_cap":"","_tribe_rsvp_for_event":"","_tribe_ticket_going_count":"","_tribe_ticket_not_going_count":"","_tribe_tickets_list":"[]","_tribe_ticket_has_attendee_info_fields":false,"footnotes":""},"categories":[75],"tags":[],"series":[547],"class_list":["post-7869","post","type-post","status-publish","format-standard","has-post-thumbnail","hentry","category-aktuelles","series-haus-des-erinnerns"],"episode_featured_image":"https:\/\/www.haus-des-erinnerns-mainz.de\/wp-content\/uploads\/2025\/05\/Gedenken_Kriegsende-1-1.png","episode_player_image":"https:\/\/www.haus-des-erinnerns-mainz.de\/wp-content\/plugins\/seriously-simple-podcasting\/assets\/images\/no-album-art.png","download_link":"","player_link":"","audio_player":false,"episode_data":{"playerMode":"dark","subscribeUrls":[],"rssFeedUrl":"https:\/\/www.haus-des-erinnerns-mainz.de\/feed\/podcast\/haus-des-erinnerns","embedCode":"<blockquote class=\"wp-embedded-content\" data-secret=\"XxHlz8Ec39\"><a href=\"https:\/\/www.haus-des-erinnerns-mainz.de\/index.php\/2025\/05\/08\/das-ende-des-zweiten-weltkriegs-vor-80-jahren\/\">Das Ende des Zweiten Weltkriegs vor 80 Jahren<\/a><\/blockquote><iframe sandbox=\"allow-scripts\" security=\"restricted\" src=\"https:\/\/www.haus-des-erinnerns-mainz.de\/index.php\/2025\/05\/08\/das-ende-des-zweiten-weltkriegs-vor-80-jahren\/embed\/#?secret=XxHlz8Ec39\" width=\"500\" height=\"350\" title=\"&#8222;Das Ende des Zweiten Weltkriegs vor 80 Jahren&#8220; &#8211; Haus des Erinnerns\" data-secret=\"XxHlz8Ec39\" frameborder=\"0\" marginwidth=\"0\" marginheight=\"0\" scrolling=\"no\" class=\"wp-embedded-content\"><\/iframe><script type=\"text\/javascript\">\n\/* <![CDATA[ *\/\n\/*! This file is auto-generated *\/\n!function(d,l){\"use strict\";l.querySelector&&d.addEventListener&&\"undefined\"!=typeof URL&&(d.wp=d.wp||{},d.wp.receiveEmbedMessage||(d.wp.receiveEmbedMessage=function(e){var t=e.data;if((t||t.secret||t.message||t.value)&&!\/[^a-zA-Z0-9]\/.test(t.secret)){for(var s,r,n,a=l.querySelectorAll('iframe[data-secret=\"'+t.secret+'\"]'),o=l.querySelectorAll('blockquote[data-secret=\"'+t.secret+'\"]'),c=new RegExp(\"^https?:$\",\"i\"),i=0;i<o.length;i++)o[i].style.display=\"none\";for(i=0;i<a.length;i++)s=a[i],e.source===s.contentWindow&&(s.removeAttribute(\"style\"),\"height\"===t.message?(1e3<(r=parseInt(t.value,10))?r=1e3:~~r<200&&(r=200),s.height=r):\"link\"===t.message&&(r=new URL(s.getAttribute(\"src\")),n=new URL(t.value),c.test(n.protocol))&&n.host===r.host&&l.activeElement===s&&(d.top.location.href=t.value))}},d.addEventListener(\"message\",d.wp.receiveEmbedMessage,!1),l.addEventListener(\"DOMContentLoaded\",function(){for(var e,t,s=l.querySelectorAll(\"iframe.wp-embedded-content\"),r=0;r<s.length;r++)(t=(e=s[r]).getAttribute(\"data-secret\"))||(t=Math.random().toString(36).substring(2,12),e.src+=\"#?secret=\"+t,e.setAttribute(\"data-secret\",t)),e.contentWindow.postMessage({message:\"ready\",secret:t},\"*\")},!1)))}(window,document);\n\/* ]]> *\/\n<\/script>\n"},"_links":{"self":[{"href":"https:\/\/www.haus-des-erinnerns-mainz.de\/index.php\/wp-json\/wp\/v2\/posts\/7869","targetHints":{"allow":["GET"]}}],"collection":[{"href":"https:\/\/www.haus-des-erinnerns-mainz.de\/index.php\/wp-json\/wp\/v2\/posts"}],"about":[{"href":"https:\/\/www.haus-des-erinnerns-mainz.de\/index.php\/wp-json\/wp\/v2\/types\/post"}],"author":[{"embeddable":true,"href":"https:\/\/www.haus-des-erinnerns-mainz.de\/index.php\/wp-json\/wp\/v2\/users\/4"}],"replies":[{"embeddable":true,"href":"https:\/\/www.haus-des-erinnerns-mainz.de\/index.php\/wp-json\/wp\/v2\/comments?post=7869"}],"version-history":[{"count":3,"href":"https:\/\/www.haus-des-erinnerns-mainz.de\/index.php\/wp-json\/wp\/v2\/posts\/7869\/revisions"}],"predecessor-version":[{"id":7882,"href":"https:\/\/www.haus-des-erinnerns-mainz.de\/index.php\/wp-json\/wp\/v2\/posts\/7869\/revisions\/7882"}],"wp:featuredmedia":[{"embeddable":true,"href":"https:\/\/www.haus-des-erinnerns-mainz.de\/index.php\/wp-json\/wp\/v2\/media\/7870"}],"wp:attachment":[{"href":"https:\/\/www.haus-des-erinnerns-mainz.de\/index.php\/wp-json\/wp\/v2\/media?parent=7869"}],"wp:term":[{"taxonomy":"category","embeddable":true,"href":"https:\/\/www.haus-des-erinnerns-mainz.de\/index.php\/wp-json\/wp\/v2\/categories?post=7869"},{"taxonomy":"post_tag","embeddable":true,"href":"https:\/\/www.haus-des-erinnerns-mainz.de\/index.php\/wp-json\/wp\/v2\/tags?post=7869"},{"taxonomy":"series","embeddable":true,"href":"https:\/\/www.haus-des-erinnerns-mainz.de\/index.php\/wp-json\/wp\/v2\/series?post=7869"}],"curies":[{"name":"wp","href":"https:\/\/api.w.org\/{rel}","templated":true}]}}