{"id":7755,"date":"2025-02-20T16:35:17","date_gmt":"2025-02-20T15:35:17","guid":{"rendered":"https:\/\/www.haus-des-erinnerns-mainz.de\/?p=7755"},"modified":"2025-02-20T16:35:19","modified_gmt":"2025-02-20T15:35:19","slug":"unser-hde-in-der-landesschau-rheinland-pfalz","status":"publish","type":"post","link":"https:\/\/www.haus-des-erinnerns-mainz.de\/index.php\/2025\/02\/20\/unser-hde-in-der-landesschau-rheinland-pfalz\/","title":{"rendered":"Unser HdE in der Landesschau Rheinland-Pfalz"},"content":{"rendered":"\n<p><\/p>\n\n\n\n<p><\/p>\n\n\n\n<br>\n\n\n\n<div class=\"wp-block-media-text is-stacked-on-mobile\"><figure class=\"wp-block-media-text__media\"><img loading=\"lazy\" decoding=\"async\" width=\"1200\" height=\"1600\" src=\"https:\/\/www.haus-des-erinnerns-mainz.de\/wp-content\/uploads\/2025\/02\/SWR_HdE-2.jpeg\" alt=\"\" class=\"wp-image-7764 size-full\" srcset=\"https:\/\/www.haus-des-erinnerns-mainz.de\/wp-content\/uploads\/2025\/02\/SWR_HdE-2.jpeg 1200w, https:\/\/www.haus-des-erinnerns-mainz.de\/wp-content\/uploads\/2025\/02\/SWR_HdE-2-225x300.jpeg 225w, https:\/\/www.haus-des-erinnerns-mainz.de\/wp-content\/uploads\/2025\/02\/SWR_HdE-2-768x1024.jpeg 768w, https:\/\/www.haus-des-erinnerns-mainz.de\/wp-content\/uploads\/2025\/02\/SWR_HdE-2-1152x1536.jpeg 1152w, https:\/\/www.haus-des-erinnerns-mainz.de\/wp-content\/uploads\/2025\/02\/SWR_HdE-2-113x150.jpeg 113w\" sizes=\"auto, (max-width: 1200px) 100vw, 1200px\" \/><\/figure><div class=\"wp-block-media-text__content\">\n<p><\/p>\n\n\n\n<p>Am 27. Januar 2025 konnte die Leiterin unseres Hauses, Dr. Cornelia Dold, in der Landesschau Rheinland-Pfalz \u00fcber die Arbeit im Haus des Erinnerns \u2013 f\u00fcr Demokratie und Akzeptanz berichten. So ging es um die Bedeutung von Gedenkst\u00e4ttenfahrten, bei denen unser Haus die Konzeption und Durchf\u00fchrung insbesondere von rheinland-pf\u00e4lzischen Schulen unterst\u00fctzt. Aber auch die Bedeutung unseres Hauses f\u00fcr die Mainzer Erinnerungskultur und die Unsicherheiten bei der langfristigen Finanzierung des HdE waren Thema des Gespr\u00e4chs.<\/p>\n<\/div><\/div>\n\n\n\n<br>\n\n\n\n<p>Der Besuch wurde eingebettet in eine Dokumentation einer Gedenkst\u00e4ttenfahrt. Den gesamten Beitrag mit der gek\u00fcrzten Fassung der Dokumentation der Gedenkst\u00e4ttenfahrt des Gymnasiums Kirn, begleitet von Reiner Engelmann, k\u00f6nnen Sie hier sehen:<\/p>\n\n\n\n<br>\n\n\n\n<iframe loading=\"lazy\" src=\"https:\/\/www.swr.de\/~embed\/video\/sendungen-a-z\/landesschau-rp\/wie-schuelerinnen-und-schueler-die-gedenkstaette-auschwitz-erleben-100.html?\" width=\"640\" height=\"360\" frameborder=\"0\" webkitallowfullscreen mozallowfullscreen allowfullscreen><\/iframe>\n\n\n\n<p><\/p>\n","protected":false},"excerpt":{"rendered":"<p>Am 27. Januar 2025 konnte die Leiterin unseres Hauses, Dr. Cornelia Dold, in der Landesschau Rheinland-Pfalz \u00fcber die Arbeit im Haus des Erinnerns \u2013 f\u00fcr Demokratie und Akzeptanz berichten. So ging es um die Bedeutung von Gedenkst\u00e4ttenfahrten, bei denen unser Haus die Konzeption und Durchf\u00fchrung insbesondere von rheinland-pf\u00e4lzischen Schulen unterst\u00fctzt&#8230;.<\/p>\n<p> <a class=\"continue-reading-link\" href=\"https:\/\/www.haus-des-erinnerns-mainz.de\/index.php\/2025\/02\/20\/unser-hde-in-der-landesschau-rheinland-pfalz\/\"><span>Weiterlesen<\/span><i class=\"crycon-right-dir\"><\/i><\/a> <\/p>\n","protected":false},"author":4,"featured_media":0,"comment_status":"closed","ping_status":"open","sticky":false,"template":"","format":"standard","meta":{"episode_type":"audio","audio_file":"","podmotor_file_id":"","podmotor_episode_id":"","cover_image":"","cover_image_id":"","duration":"","filesize":"","filesize_raw":"","date_recorded":"","explicit":"","block":"","ngg_post_thumbnail":0,"_price":"","_stock":"","_tribe_ticket_header":"","_tribe_default_ticket_provider":"","_tribe_ticket_capacity":"0","_ticket_start_date":"","_ticket_end_date":"","_tribe_ticket_show_description":"","_tribe_ticket_show_not_going":false,"_tribe_ticket_use_global_stock":"","_tribe_ticket_global_stock_level":"","_global_stock_mode":"","_global_stock_cap":"","_tribe_rsvp_for_event":"","_tribe_ticket_going_count":"","_tribe_ticket_not_going_count":"","_tribe_tickets_list":"[]","_tribe_ticket_has_attendee_info_fields":false,"footnotes":""},"categories":[75,1],"tags":[],"series":[547],"class_list":["post-7755","post","type-post","status-publish","format-standard","hentry","category-aktuelles","category-allgemein","series-haus-des-erinnerns"],"episode_featured_image":false,"episode_player_image":"https:\/\/www.haus-des-erinnerns-mainz.de\/wp-content\/plugins\/seriously-simple-podcasting\/assets\/images\/no-album-art.png","download_link":"","player_link":"","audio_player":false,"episode_data":{"playerMode":"dark","subscribeUrls":[],"rssFeedUrl":"https:\/\/www.haus-des-erinnerns-mainz.de\/feed\/podcast\/haus-des-erinnerns","embedCode":"<blockquote class=\"wp-embedded-content\" data-secret=\"F5wMeVQhak\"><a href=\"https:\/\/www.haus-des-erinnerns-mainz.de\/index.php\/2025\/02\/20\/unser-hde-in-der-landesschau-rheinland-pfalz\/\">Unser HdE in der Landesschau Rheinland-Pfalz<\/a><\/blockquote><iframe sandbox=\"allow-scripts\" security=\"restricted\" src=\"https:\/\/www.haus-des-erinnerns-mainz.de\/index.php\/2025\/02\/20\/unser-hde-in-der-landesschau-rheinland-pfalz\/embed\/#?secret=F5wMeVQhak\" width=\"500\" height=\"350\" title=\"&#8222;Unser HdE in der Landesschau Rheinland-Pfalz&#8220; &#8211; Haus des Erinnerns\" data-secret=\"F5wMeVQhak\" frameborder=\"0\" marginwidth=\"0\" marginheight=\"0\" scrolling=\"no\" class=\"wp-embedded-content\"><\/iframe><script type=\"text\/javascript\">\n\/* <![CDATA[ *\/\n\/*! This file is auto-generated *\/\n!function(d,l){\"use strict\";l.querySelector&&d.addEventListener&&\"undefined\"!=typeof URL&&(d.wp=d.wp||{},d.wp.receiveEmbedMessage||(d.wp.receiveEmbedMessage=function(e){var t=e.data;if((t||t.secret||t.message||t.value)&&!\/[^a-zA-Z0-9]\/.test(t.secret)){for(var s,r,n,a=l.querySelectorAll('iframe[data-secret=\"'+t.secret+'\"]'),o=l.querySelectorAll('blockquote[data-secret=\"'+t.secret+'\"]'),c=new RegExp(\"^https?:$\",\"i\"),i=0;i<o.length;i++)o[i].style.display=\"none\";for(i=0;i<a.length;i++)s=a[i],e.source===s.contentWindow&&(s.removeAttribute(\"style\"),\"height\"===t.message?(1e3<(r=parseInt(t.value,10))?r=1e3:~~r<200&&(r=200),s.height=r):\"link\"===t.message&&(r=new URL(s.getAttribute(\"src\")),n=new URL(t.value),c.test(n.protocol))&&n.host===r.host&&l.activeElement===s&&(d.top.location.href=t.value))}},d.addEventListener(\"message\",d.wp.receiveEmbedMessage,!1),l.addEventListener(\"DOMContentLoaded\",function(){for(var e,t,s=l.querySelectorAll(\"iframe.wp-embedded-content\"),r=0;r<s.length;r++)(t=(e=s[r]).getAttribute(\"data-secret\"))||(t=Math.random().toString(36).substring(2,12),e.src+=\"#?secret=\"+t,e.setAttribute(\"data-secret\",t)),e.contentWindow.postMessage({message:\"ready\",secret:t},\"*\")},!1)))}(window,document);\n\/* ]]> *\/\n<\/script>\n"},"_links":{"self":[{"href":"https:\/\/www.haus-des-erinnerns-mainz.de\/index.php\/wp-json\/wp\/v2\/posts\/7755","targetHints":{"allow":["GET"]}}],"collection":[{"href":"https:\/\/www.haus-des-erinnerns-mainz.de\/index.php\/wp-json\/wp\/v2\/posts"}],"about":[{"href":"https:\/\/www.haus-des-erinnerns-mainz.de\/index.php\/wp-json\/wp\/v2\/types\/post"}],"author":[{"embeddable":true,"href":"https:\/\/www.haus-des-erinnerns-mainz.de\/index.php\/wp-json\/wp\/v2\/users\/4"}],"replies":[{"embeddable":true,"href":"https:\/\/www.haus-des-erinnerns-mainz.de\/index.php\/wp-json\/wp\/v2\/comments?post=7755"}],"version-history":[{"count":9,"href":"https:\/\/www.haus-des-erinnerns-mainz.de\/index.php\/wp-json\/wp\/v2\/posts\/7755\/revisions"}],"predecessor-version":[{"id":7766,"href":"https:\/\/www.haus-des-erinnerns-mainz.de\/index.php\/wp-json\/wp\/v2\/posts\/7755\/revisions\/7766"}],"wp:attachment":[{"href":"https:\/\/www.haus-des-erinnerns-mainz.de\/index.php\/wp-json\/wp\/v2\/media?parent=7755"}],"wp:term":[{"taxonomy":"category","embeddable":true,"href":"https:\/\/www.haus-des-erinnerns-mainz.de\/index.php\/wp-json\/wp\/v2\/categories?post=7755"},{"taxonomy":"post_tag","embeddable":true,"href":"https:\/\/www.haus-des-erinnerns-mainz.de\/index.php\/wp-json\/wp\/v2\/tags?post=7755"},{"taxonomy":"series","embeddable":true,"href":"https:\/\/www.haus-des-erinnerns-mainz.de\/index.php\/wp-json\/wp\/v2\/series?post=7755"}],"curies":[{"name":"wp","href":"https:\/\/api.w.org\/{rel}","templated":true}]}}