{"id":7678,"date":"2025-01-14T10:44:20","date_gmt":"2025-01-14T09:44:20","guid":{"rendered":"https:\/\/www.haus-des-erinnerns-mainz.de\/?p=7678"},"modified":"2025-01-14T10:45:19","modified_gmt":"2025-01-14T09:45:19","slug":"veranstaltungsprogramm-januar-februar-2025","status":"publish","type":"post","link":"https:\/\/www.haus-des-erinnerns-mainz.de\/index.php\/2025\/01\/14\/veranstaltungsprogramm-januar-februar-2025\/","title":{"rendered":"Veranstaltungsprogramm Januar &amp; Februar 2025"},"content":{"rendered":"\n<figure class=\"wp-block-image size-full\"><img loading=\"lazy\" decoding=\"async\" width=\"2560\" height=\"1811\" src=\"https:\/\/www.haus-des-erinnerns-mainz.de\/wp-content\/uploads\/2025\/01\/Veranstaltungsplakat-Jan-2025-1-scaled.jpeg\" alt=\"\" class=\"wp-image-7691\" srcset=\"https:\/\/www.haus-des-erinnerns-mainz.de\/wp-content\/uploads\/2025\/01\/Veranstaltungsplakat-Jan-2025-1-scaled.jpeg 2560w, https:\/\/www.haus-des-erinnerns-mainz.de\/wp-content\/uploads\/2025\/01\/Veranstaltungsplakat-Jan-2025-1-300x212.jpeg 300w, https:\/\/www.haus-des-erinnerns-mainz.de\/wp-content\/uploads\/2025\/01\/Veranstaltungsplakat-Jan-2025-1-768x543.jpeg 768w, https:\/\/www.haus-des-erinnerns-mainz.de\/wp-content\/uploads\/2025\/01\/Veranstaltungsplakat-Jan-2025-1-1536x1086.jpeg 1536w, https:\/\/www.haus-des-erinnerns-mainz.de\/wp-content\/uploads\/2025\/01\/Veranstaltungsplakat-Jan-2025-1-2048x1448.jpeg 2048w, https:\/\/www.haus-des-erinnerns-mainz.de\/wp-content\/uploads\/2025\/01\/Veranstaltungsplakat-Jan-2025-1-150x106.jpeg 150w\" sizes=\"auto, (max-width: 2560px) 100vw, 2560px\" \/><\/figure>\n\n\n\n<br>\n\n\n\n<p>In diesem Jahr j\u00e4hrt sich am 27. Januar die Befreiung des Konzentrationslagers Auschwitz zum 80. Mal. Am 27. Januar 1945 wurde das Konzentrations- und Vernichtungslager von sowjetischen Soldaten der Roten Armee befreit. Auschwitz steht seither als Synonym f\u00fcr den millionenfachen Massenmord der Nationalsozialisten an J\u00fcdinnen*Juden, Sinti und Roma, kranken und behinderten Menschen, politisch Oppositionellen, homosexuellen und queeren Menschen sowie den Menschen, die nicht in das rassistische Weltbild der Nationalsozialisten passten. Seit dem Jahr 1996 ist der 27. Januar in Deutschland nationaler Gedenktag f\u00fcr die Opfer des Nationalsozialismus. 2005 haben ihn die Vereinten Nationen zum internationalen Holocaust-Gedenktag bestimmt.<\/p>\n\n\n\n<br>\n\n\n\n<figure class=\"wp-block-image size-full\"><img loading=\"lazy\" decoding=\"async\" width=\"2560\" height=\"1811\" src=\"https:\/\/www.haus-des-erinnerns-mainz.de\/wp-content\/uploads\/2025\/01\/Veranstaltungsplakat-Jan-2025-2-scaled.jpeg\" alt=\"\" class=\"wp-image-7692\" srcset=\"https:\/\/www.haus-des-erinnerns-mainz.de\/wp-content\/uploads\/2025\/01\/Veranstaltungsplakat-Jan-2025-2-scaled.jpeg 2560w, https:\/\/www.haus-des-erinnerns-mainz.de\/wp-content\/uploads\/2025\/01\/Veranstaltungsplakat-Jan-2025-2-300x212.jpeg 300w, https:\/\/www.haus-des-erinnerns-mainz.de\/wp-content\/uploads\/2025\/01\/Veranstaltungsplakat-Jan-2025-2-768x543.jpeg 768w, https:\/\/www.haus-des-erinnerns-mainz.de\/wp-content\/uploads\/2025\/01\/Veranstaltungsplakat-Jan-2025-2-1536x1086.jpeg 1536w, https:\/\/www.haus-des-erinnerns-mainz.de\/wp-content\/uploads\/2025\/01\/Veranstaltungsplakat-Jan-2025-2-2048x1448.jpeg 2048w, https:\/\/www.haus-des-erinnerns-mainz.de\/wp-content\/uploads\/2025\/01\/Veranstaltungsplakat-Jan-2025-2-150x106.jpeg 150w\" sizes=\"auto, (max-width: 2560px) 100vw, 2560px\" \/><\/figure>\n\n\n\n<br>\n\n\n\n<p>Unter dem Motto \u201eGemeinsam f\u00fcr Erinnerung &amp; Vielfalt\u201c finden j\u00e4hrlich rund um den Erinnerungstag im deutschen Fu\u00dfball am 27. Januar \u2013 initiiert vom 1. FSV Mainz 05 und FC Ente Bagdad \u2013 die Mainzer Erinnerungswochen statt. Seit Bestehen des Hauses des Erinnerns \u2013 f\u00fcr Demokratie und Akzeptanz Mainz, beteiligt sich unsere Stiftung an den Mainzer Erinnerungswochen und hat hier mit dem FC Ente Bagdad einen engen Kooperationspartner gefunden. Im Zeitraum von zwei bis drei Wochen organisieren wir gemeinsam mit unseren Kooperationspartnern Veranstaltungen, die sich jedes Jahr einer speziellen Opfergruppe der Nationalsozialisten widmen. F\u00fcr das Jahr 2025 haben wir gemeinsam mit der Landeshauptstadt Mainz, dem FC Ente Bagdad, dem Netzwerk katholischer Lesben e.V., QueerIn Church Bistum Mainz, dem Frauenzentrum Mainz e.V., Katholisch Bistum Mainz, ZDF und der Jewish Claims Conference und in Kooperation mit zahlreichen weiteren Unterst\u00fctzenden, planten wir<br>Veranstaltungen zum Themenschwerpunkt frauenliebende* Frauen*, aber auch zum Widerstandsk\u00e4mpfer Alfred Delp, zu Sport und Erinnerungsarbeit sowie zu Interviews mit Shoah-\u00dcberlebenden.<\/p>\n\n\n\n<p>So finden im Januar und Februar 2025 vielf\u00e4ltige Veranstaltungen in unserem Haus und an interessanten weiteren Orten statt, zu denen wir herzlich einladen.<\/p>\n\n\n\n<br>\n\n\n\n<figure class=\"wp-block-image size-full\"><img loading=\"lazy\" decoding=\"async\" width=\"2560\" height=\"1811\" src=\"https:\/\/www.haus-des-erinnerns-mainz.de\/wp-content\/uploads\/2025\/01\/Veranstaltungsplakat-Jan-2025-3-scaled.jpeg\" alt=\"\" class=\"wp-image-7690\" srcset=\"https:\/\/www.haus-des-erinnerns-mainz.de\/wp-content\/uploads\/2025\/01\/Veranstaltungsplakat-Jan-2025-3-scaled.jpeg 2560w, https:\/\/www.haus-des-erinnerns-mainz.de\/wp-content\/uploads\/2025\/01\/Veranstaltungsplakat-Jan-2025-3-300x212.jpeg 300w, https:\/\/www.haus-des-erinnerns-mainz.de\/wp-content\/uploads\/2025\/01\/Veranstaltungsplakat-Jan-2025-3-768x543.jpeg 768w, https:\/\/www.haus-des-erinnerns-mainz.de\/wp-content\/uploads\/2025\/01\/Veranstaltungsplakat-Jan-2025-3-1536x1086.jpeg 1536w, https:\/\/www.haus-des-erinnerns-mainz.de\/wp-content\/uploads\/2025\/01\/Veranstaltungsplakat-Jan-2025-3-2048x1448.jpeg 2048w, https:\/\/www.haus-des-erinnerns-mainz.de\/wp-content\/uploads\/2025\/01\/Veranstaltungsplakat-Jan-2025-3-150x106.jpeg 150w\" sizes=\"auto, (max-width: 2560px) 100vw, 2560px\" \/><\/figure>\n\n\n\n<br>\n\n\n\n<p><strong><a href=\"https:\/\/www.haus-des-erinnerns-mainz.de\/index.php\/veranstaltungsprogramm\/\" target=\"_blank\" rel=\"noreferrer noopener\">Hier<\/a> <\/strong>gelangen Sie zu unserem aktuellen Veranstaltungsprogramm mit ausf\u00fchrlicheren Beschreibungen der einzelnen Veranstaltungen.<\/p>\n\n\n\n<p>Weitere Veranstaltungen, die anl\u00e4sslich des Gedenktages f\u00fcr die Opfer des Nationalsozialismus rund um den 27. Januar in ganz Rheinland-Pfalz stattfinden, finden sich im <a href=\"https:\/\/landtag-rlp.de\/files\/pdf1\/2025-01-27-programmheft-veranstaltungen.pdf\" target=\"_blank\" rel=\"noreferrer noopener\"><strong>Veranstaltungsprogramm des Landtages Rheinland-Pfalz<\/strong><\/a>.<\/p>\n\n\n\n<p><\/p>\n","protected":false},"excerpt":{"rendered":"<p>In diesem Jahr j\u00e4hrt sich am 27. Januar die Befreiung des Konzentrationslagers Auschwitz zum 80. Mal. Am 27. Januar 1945 wurde das Konzentrations- und Vernichtungslager von sowjetischen Soldaten der Roten Armee befreit. Auschwitz steht seither als Synonym f\u00fcr den millionenfachen Massenmord der Nationalsozialisten an J\u00fcdinnen*Juden, Sinti und Roma, kranken und&#8230;<\/p>\n<p> <a class=\"continue-reading-link\" href=\"https:\/\/www.haus-des-erinnerns-mainz.de\/index.php\/2025\/01\/14\/veranstaltungsprogramm-januar-februar-2025\/\"><span>Weiterlesen<\/span><i class=\"crycon-right-dir\"><\/i><\/a> <\/p>\n","protected":false},"author":4,"featured_media":7691,"comment_status":"closed","ping_status":"closed","sticky":false,"template":"","format":"standard","meta":{"episode_type":"audio","audio_file":"","podmotor_file_id":"","podmotor_episode_id":"","cover_image":"","cover_image_id":"","duration":"","filesize":"","filesize_raw":"","date_recorded":"","explicit":"","block":"","ngg_post_thumbnail":0,"_price":"","_stock":"","_tribe_ticket_header":"","_tribe_default_ticket_provider":"","_tribe_ticket_capacity":"0","_ticket_start_date":"","_ticket_end_date":"","_tribe_ticket_show_description":"","_tribe_ticket_show_not_going":false,"_tribe_ticket_use_global_stock":"","_tribe_ticket_global_stock_level":"","_global_stock_mode":"","_global_stock_cap":"","_tribe_rsvp_for_event":"","_tribe_ticket_going_count":"","_tribe_ticket_not_going_count":"","_tribe_tickets_list":"[]","_tribe_ticket_has_attendee_info_fields":false,"footnotes":""},"categories":[75,1],"tags":[],"series":[547],"class_list":["post-7678","post","type-post","status-publish","format-standard","has-post-thumbnail","hentry","category-aktuelles","category-allgemein","series-haus-des-erinnerns"],"episode_featured_image":"https:\/\/www.haus-des-erinnerns-mainz.de\/wp-content\/uploads\/2025\/01\/Veranstaltungsplakat-Jan-2025-1-scaled.jpeg","episode_player_image":"https:\/\/www.haus-des-erinnerns-mainz.de\/wp-content\/plugins\/seriously-simple-podcasting\/assets\/images\/no-album-art.png","download_link":"","player_link":"","audio_player":false,"episode_data":{"playerMode":"dark","subscribeUrls":[],"rssFeedUrl":"https:\/\/www.haus-des-erinnerns-mainz.de\/feed\/podcast\/haus-des-erinnerns","embedCode":"<blockquote class=\"wp-embedded-content\" data-secret=\"Z5zOdx9z1R\"><a href=\"https:\/\/www.haus-des-erinnerns-mainz.de\/index.php\/2025\/01\/14\/veranstaltungsprogramm-januar-februar-2025\/\">Veranstaltungsprogramm Januar &amp; Februar 2025<\/a><\/blockquote><iframe sandbox=\"allow-scripts\" security=\"restricted\" src=\"https:\/\/www.haus-des-erinnerns-mainz.de\/index.php\/2025\/01\/14\/veranstaltungsprogramm-januar-februar-2025\/embed\/#?secret=Z5zOdx9z1R\" width=\"500\" height=\"350\" title=\"&#8222;Veranstaltungsprogramm Januar &amp; Februar 2025&#8220; &#8211; Haus des Erinnerns\" data-secret=\"Z5zOdx9z1R\" frameborder=\"0\" marginwidth=\"0\" marginheight=\"0\" scrolling=\"no\" class=\"wp-embedded-content\"><\/iframe><script type=\"text\/javascript\">\n\/* <![CDATA[ *\/\n\/*! This file is auto-generated *\/\n!function(d,l){\"use strict\";l.querySelector&&d.addEventListener&&\"undefined\"!=typeof URL&&(d.wp=d.wp||{},d.wp.receiveEmbedMessage||(d.wp.receiveEmbedMessage=function(e){var t=e.data;if((t||t.secret||t.message||t.value)&&!\/[^a-zA-Z0-9]\/.test(t.secret)){for(var s,r,n,a=l.querySelectorAll('iframe[data-secret=\"'+t.secret+'\"]'),o=l.querySelectorAll('blockquote[data-secret=\"'+t.secret+'\"]'),c=new RegExp(\"^https?:$\",\"i\"),i=0;i<o.length;i++)o[i].style.display=\"none\";for(i=0;i<a.length;i++)s=a[i],e.source===s.contentWindow&&(s.removeAttribute(\"style\"),\"height\"===t.message?(1e3<(r=parseInt(t.value,10))?r=1e3:~~r<200&&(r=200),s.height=r):\"link\"===t.message&&(r=new URL(s.getAttribute(\"src\")),n=new URL(t.value),c.test(n.protocol))&&n.host===r.host&&l.activeElement===s&&(d.top.location.href=t.value))}},d.addEventListener(\"message\",d.wp.receiveEmbedMessage,!1),l.addEventListener(\"DOMContentLoaded\",function(){for(var e,t,s=l.querySelectorAll(\"iframe.wp-embedded-content\"),r=0;r<s.length;r++)(t=(e=s[r]).getAttribute(\"data-secret\"))||(t=Math.random().toString(36).substring(2,12),e.src+=\"#?secret=\"+t,e.setAttribute(\"data-secret\",t)),e.contentWindow.postMessage({message:\"ready\",secret:t},\"*\")},!1)))}(window,document);\n\/* ]]> *\/\n<\/script>\n"},"_links":{"self":[{"href":"https:\/\/www.haus-des-erinnerns-mainz.de\/index.php\/wp-json\/wp\/v2\/posts\/7678","targetHints":{"allow":["GET"]}}],"collection":[{"href":"https:\/\/www.haus-des-erinnerns-mainz.de\/index.php\/wp-json\/wp\/v2\/posts"}],"about":[{"href":"https:\/\/www.haus-des-erinnerns-mainz.de\/index.php\/wp-json\/wp\/v2\/types\/post"}],"author":[{"embeddable":true,"href":"https:\/\/www.haus-des-erinnerns-mainz.de\/index.php\/wp-json\/wp\/v2\/users\/4"}],"replies":[{"embeddable":true,"href":"https:\/\/www.haus-des-erinnerns-mainz.de\/index.php\/wp-json\/wp\/v2\/comments?post=7678"}],"version-history":[{"count":3,"href":"https:\/\/www.haus-des-erinnerns-mainz.de\/index.php\/wp-json\/wp\/v2\/posts\/7678\/revisions"}],"predecessor-version":[{"id":7694,"href":"https:\/\/www.haus-des-erinnerns-mainz.de\/index.php\/wp-json\/wp\/v2\/posts\/7678\/revisions\/7694"}],"wp:featuredmedia":[{"embeddable":true,"href":"https:\/\/www.haus-des-erinnerns-mainz.de\/index.php\/wp-json\/wp\/v2\/media\/7691"}],"wp:attachment":[{"href":"https:\/\/www.haus-des-erinnerns-mainz.de\/index.php\/wp-json\/wp\/v2\/media?parent=7678"}],"wp:term":[{"taxonomy":"category","embeddable":true,"href":"https:\/\/www.haus-des-erinnerns-mainz.de\/index.php\/wp-json\/wp\/v2\/categories?post=7678"},{"taxonomy":"post_tag","embeddable":true,"href":"https:\/\/www.haus-des-erinnerns-mainz.de\/index.php\/wp-json\/wp\/v2\/tags?post=7678"},{"taxonomy":"series","embeddable":true,"href":"https:\/\/www.haus-des-erinnerns-mainz.de\/index.php\/wp-json\/wp\/v2\/series?post=7678"}],"curies":[{"name":"wp","href":"https:\/\/api.w.org\/{rel}","templated":true}]}}