{"id":7551,"date":"2024-10-23T15:08:43","date_gmt":"2024-10-23T13:08:43","guid":{"rendered":"https:\/\/www.haus-des-erinnerns-mainz.de\/?p=7551"},"modified":"2024-10-23T15:08:45","modified_gmt":"2024-10-23T13:08:45","slug":"verschiebung-der-lesung-mit-traudl-buenger","status":"publish","type":"post","link":"https:\/\/www.haus-des-erinnerns-mainz.de\/index.php\/2024\/10\/23\/verschiebung-der-lesung-mit-traudl-buenger\/","title":{"rendered":"Verschiebung der Lesung mit Traudl B\u00fcnger"},"content":{"rendered":"\n<p>Lesung und Gespr\u00e4ch mit Autorin Traudl B\u00fcnger zu \u201eEisernes Schweigen. Das Attentat meines Vaters. Eine deutsche Familiengeschichte\u201c wurde verschoben und findet nun am <strong>Mittwoch, 27. November um 18.30<\/strong> Uhr bei uns im Haus des Erinnerns \u2013 f\u00fcr Demokratie und Akzeptanz in der Flachsmarktstr. 36 statt. Um Anmeldung per Mail an kontakt@hde-mainz.de wird gebeten.<\/p>\n\n\n<div class=\"wp-block-image\">\n<figure class=\"alignleft size-full is-resized\"><img loading=\"lazy\" decoding=\"async\" width=\"1524\" height=\"2474\" src=\"https:\/\/www.haus-des-erinnerns-mainz.de\/wp-content\/uploads\/2024\/09\/Cover_Eisernes-Schweigen.jpg\" alt=\"\" class=\"wp-image-7476\" style=\"width:300px\" srcset=\"https:\/\/www.haus-des-erinnerns-mainz.de\/wp-content\/uploads\/2024\/09\/Cover_Eisernes-Schweigen.jpg 1524w, https:\/\/www.haus-des-erinnerns-mainz.de\/wp-content\/uploads\/2024\/09\/Cover_Eisernes-Schweigen-185x300.jpg 185w, https:\/\/www.haus-des-erinnerns-mainz.de\/wp-content\/uploads\/2024\/09\/Cover_Eisernes-Schweigen-768x1247.jpg 768w, https:\/\/www.haus-des-erinnerns-mainz.de\/wp-content\/uploads\/2024\/09\/Cover_Eisernes-Schweigen-946x1536.jpg 946w, https:\/\/www.haus-des-erinnerns-mainz.de\/wp-content\/uploads\/2024\/09\/Cover_Eisernes-Schweigen-1262x2048.jpg 1262w, https:\/\/www.haus-des-erinnerns-mainz.de\/wp-content\/uploads\/2024\/09\/Cover_Eisernes-Schweigen-92x150.jpg 92w\" sizes=\"auto, (max-width: 1524px) 100vw, 1524px\" \/><\/figure><\/div>\n\n\n<p>Wie ist es, herauszufinden, dass der Vater ein Attent\u00e4ter war? Traudl B\u00fcnger kannte ihren Vater als einen f\u00fcrsorglichen Mann, auf den sie sich stets verlassen konnte, der aber auch rigide Meinungen hatte. Schon als Kind wusste sie, dass ihn ein Geheimnis umgab, \u00fcber das er stets eisern schwieg. Nach seinem pl\u00f6tzlichen Tod beginnt sie, dieses Geheimnis zu l\u00fcften \u2013 und wird in die fr\u00fchen Sechzigerjahre katapultiert.<\/p>\n\n\n\n<p>Deutschland ist frisch durch die Mauer geteilt, Bundeskanzler Konrad Adenauer will die BRD als verl\u00e4sslichen internationalen Partner etablieren. Da flammt ein Konflikt auf, der die junge BRD emotionalisiert und in dem auch Traudl B\u00fcngers Vater tatkr\u00e4ftig mitmischt. Im Herbst 1962 f\u00e4hrt er mit Gesinnungsgenossen nach Italien. Ziel der Mission: V\u00f6lkerrechtsverletzungen an \u201eVolksdeutschen\u201c in S\u00fcdtirol brandmarken. Das Mittel: Sprengstoff. Das Ergebnis: Ein Toter und zahlreiche Verletzte.&nbsp;<\/p>\n\n\n\n<p>Was hat ihren Vater im Alter von 27 Jahren zu dieser Tat verleitet? Was f\u00fcr ein Mensch war er? Traudl B\u00fcngers Recherchen f\u00fchren sie in zahlreiche Archive und in drei L\u00e4nder. Sie beginnt, mit Angeh\u00f6rigen \u00fcber das damalige Geschehen zu sprechen. Dabei blickt sie nicht nur in die Abgr\u00fcnde ihrer Familiengeschichte. Sie f\u00fchrt uns auch tief in die Historie der Bundesrepublik, des Kalten Krieges und seiner Propagandaschlachten. \u201eEisernes Schweigen\u201c&nbsp;zeigt ein junges Land, das sich neu positionieren muss und dabei die Schatten seiner Vergangenheit konsequent \u00fcbersieht \u2013 bis heute.<\/p>\n\n\n\n<p><img loading=\"lazy\" decoding=\"async\" width=\"301\" height=\"201\" srcset=\"https:\/\/www.haus-des-erinnerns-mainz.de\/wp-content\/uploads\/2024\/09\/Buenger_2024F_002-k-scaled.jpg 2560w, https:\/\/www.haus-des-erinnerns-mainz.de\/wp-content\/uploads\/2024\/09\/Buenger_2024F_002-k-300x200.jpg 300w, https:\/\/www.haus-des-erinnerns-mainz.de\/wp-content\/uploads\/2024\/09\/Buenger_2024F_002-k-768x512.jpg 768w, https:\/\/www.haus-des-erinnerns-mainz.de\/wp-content\/uploads\/2024\/09\/Buenger_2024F_002-k-1536x1024.jpg 1536w, https:\/\/www.haus-des-erinnerns-mainz.de\/wp-content\/uploads\/2024\/09\/Buenger_2024F_002-k-2048x1366.jpg 2048w, https:\/\/www.haus-des-erinnerns-mainz.de\/wp-content\/uploads\/2024\/09\/Buenger_2024F_002-k-150x100.jpg 150w\" src=\"https:\/\/www.haus-des-erinnerns-mainz.de\/wp-content\/uploads\/2024\/09\/Buenger_2024F_002-k-scaled.jpg\" alt=\"\"> Traudl B\u00fcnger \u00a9 Maya Clau\u00dfen<\/p>\n\n\n\n<p><strong>Traudl B\u00fcnger&nbsp;<\/strong>konzipiert seit 2004 Kulturveranstaltungen, u.a. als Programmleitung der Literatur- und Kulturfestivals lit.Cologne und lit.Ruhr sowie des Literatur- und Musikfestivals \u201eWege durch das Land\u201c. Sie war Kritikerin im Literaturclub des Schweizer Fernsehens und lehrt und publiziert zu Themen der Kulturvermittlung, der literarischen \u00d6ffentlichkeit und Gegenwartsliteratur. Sie ist Mitglied der Jury des Heinrich-Heine-Preises. Gemeinsam mit Roger Willemsen schrieb sie den Bestseller \u201eIch gebe Ihnen mein Ehrenwort. Die Weltgeschichte der L\u00fcge\u201c. Bei Kiepenheuer &amp; Witsch erschien zuletzt von ihr der Roman \u201eLieblingskinder\u201c. F\u00fcr die Arbeit an \u201eEisernes Schweigen\u201c wurde sie vom Fritz-Bauer-Institut unterst\u00fctzt, au\u00dferdem mit dem Wellershoff-Stipendium der Stadt K\u00f6ln, dem Autor:innenstipendium der Kunststiftung NRW und dem Arbeitsstipendium des Ministeriums f\u00fcr Kultur und Wissenschaft NRW ausgezeichnet. Traudl B\u00fcnger lebt in K\u00f6ln.<\/p>\n\n\n\n<p><\/p>\n","protected":false},"excerpt":{"rendered":"<p>Lesung und Gespr\u00e4ch mit Autorin Traudl B\u00fcnger zu \u201eEisernes Schweigen. Das Attentat meines Vaters. Eine deutsche Familiengeschichte\u201c wurde verschoben und findet nun am Mittwoch, 27. November um 18.30 Uhr bei uns im Haus des Erinnerns \u2013 f\u00fcr Demokratie und Akzeptanz in der Flachsmarktstr. 36 statt. Um Anmeldung per Mail an&#8230;<\/p>\n<p> <a class=\"continue-reading-link\" href=\"https:\/\/www.haus-des-erinnerns-mainz.de\/index.php\/2024\/10\/23\/verschiebung-der-lesung-mit-traudl-buenger\/\"><span>Weiterlesen<\/span><i class=\"crycon-right-dir\"><\/i><\/a> <\/p>\n","protected":false},"author":4,"featured_media":0,"comment_status":"closed","ping_status":"open","sticky":false,"template":"","format":"standard","meta":{"episode_type":"audio","audio_file":"","podmotor_file_id":"","podmotor_episode_id":"","cover_image":"","cover_image_id":"","duration":"","filesize":"","filesize_raw":"","date_recorded":"","explicit":"","block":"","ngg_post_thumbnail":0,"_price":"","_stock":"","_tribe_ticket_header":"","_tribe_default_ticket_provider":"","_tribe_ticket_capacity":"0","_ticket_start_date":"","_ticket_end_date":"","_tribe_ticket_show_description":"","_tribe_ticket_show_not_going":false,"_tribe_ticket_use_global_stock":"","_tribe_ticket_global_stock_level":"","_global_stock_mode":"","_global_stock_cap":"","_tribe_rsvp_for_event":"","_tribe_ticket_going_count":"","_tribe_ticket_not_going_count":"","_tribe_tickets_list":"[]","_tribe_ticket_has_attendee_info_fields":false,"footnotes":""},"categories":[75,1],"tags":[],"series":[547],"class_list":["post-7551","post","type-post","status-publish","format-standard","hentry","category-aktuelles","category-allgemein","series-haus-des-erinnerns"],"episode_featured_image":false,"episode_player_image":"https:\/\/www.haus-des-erinnerns-mainz.de\/wp-content\/plugins\/seriously-simple-podcasting\/assets\/images\/no-album-art.png","download_link":"","player_link":"","audio_player":false,"episode_data":{"playerMode":"dark","subscribeUrls":[],"rssFeedUrl":"https:\/\/www.haus-des-erinnerns-mainz.de\/feed\/podcast\/haus-des-erinnerns","embedCode":"<blockquote class=\"wp-embedded-content\" data-secret=\"ZBBIgOyOIN\"><a href=\"https:\/\/www.haus-des-erinnerns-mainz.de\/index.php\/2024\/10\/23\/verschiebung-der-lesung-mit-traudl-buenger\/\">Verschiebung der Lesung mit Traudl B\u00fcnger<\/a><\/blockquote><iframe sandbox=\"allow-scripts\" security=\"restricted\" src=\"https:\/\/www.haus-des-erinnerns-mainz.de\/index.php\/2024\/10\/23\/verschiebung-der-lesung-mit-traudl-buenger\/embed\/#?secret=ZBBIgOyOIN\" width=\"500\" height=\"350\" title=\"&#8222;Verschiebung der Lesung mit Traudl B\u00fcnger&#8220; &#8211; Haus des Erinnerns\" data-secret=\"ZBBIgOyOIN\" frameborder=\"0\" marginwidth=\"0\" marginheight=\"0\" scrolling=\"no\" class=\"wp-embedded-content\"><\/iframe><script type=\"text\/javascript\">\n\/* <![CDATA[ *\/\n\/*! This file is auto-generated *\/\n!function(d,l){\"use strict\";l.querySelector&&d.addEventListener&&\"undefined\"!=typeof URL&&(d.wp=d.wp||{},d.wp.receiveEmbedMessage||(d.wp.receiveEmbedMessage=function(e){var t=e.data;if((t||t.secret||t.message||t.value)&&!\/[^a-zA-Z0-9]\/.test(t.secret)){for(var s,r,n,a=l.querySelectorAll('iframe[data-secret=\"'+t.secret+'\"]'),o=l.querySelectorAll('blockquote[data-secret=\"'+t.secret+'\"]'),c=new RegExp(\"^https?:$\",\"i\"),i=0;i<o.length;i++)o[i].style.display=\"none\";for(i=0;i<a.length;i++)s=a[i],e.source===s.contentWindow&&(s.removeAttribute(\"style\"),\"height\"===t.message?(1e3<(r=parseInt(t.value,10))?r=1e3:~~r<200&&(r=200),s.height=r):\"link\"===t.message&&(r=new URL(s.getAttribute(\"src\")),n=new URL(t.value),c.test(n.protocol))&&n.host===r.host&&l.activeElement===s&&(d.top.location.href=t.value))}},d.addEventListener(\"message\",d.wp.receiveEmbedMessage,!1),l.addEventListener(\"DOMContentLoaded\",function(){for(var e,t,s=l.querySelectorAll(\"iframe.wp-embedded-content\"),r=0;r<s.length;r++)(t=(e=s[r]).getAttribute(\"data-secret\"))||(t=Math.random().toString(36).substring(2,12),e.src+=\"#?secret=\"+t,e.setAttribute(\"data-secret\",t)),e.contentWindow.postMessage({message:\"ready\",secret:t},\"*\")},!1)))}(window,document);\n\/* ]]> *\/\n<\/script>\n"},"_links":{"self":[{"href":"https:\/\/www.haus-des-erinnerns-mainz.de\/index.php\/wp-json\/wp\/v2\/posts\/7551","targetHints":{"allow":["GET"]}}],"collection":[{"href":"https:\/\/www.haus-des-erinnerns-mainz.de\/index.php\/wp-json\/wp\/v2\/posts"}],"about":[{"href":"https:\/\/www.haus-des-erinnerns-mainz.de\/index.php\/wp-json\/wp\/v2\/types\/post"}],"author":[{"embeddable":true,"href":"https:\/\/www.haus-des-erinnerns-mainz.de\/index.php\/wp-json\/wp\/v2\/users\/4"}],"replies":[{"embeddable":true,"href":"https:\/\/www.haus-des-erinnerns-mainz.de\/index.php\/wp-json\/wp\/v2\/comments?post=7551"}],"version-history":[{"count":3,"href":"https:\/\/www.haus-des-erinnerns-mainz.de\/index.php\/wp-json\/wp\/v2\/posts\/7551\/revisions"}],"predecessor-version":[{"id":7554,"href":"https:\/\/www.haus-des-erinnerns-mainz.de\/index.php\/wp-json\/wp\/v2\/posts\/7551\/revisions\/7554"}],"wp:attachment":[{"href":"https:\/\/www.haus-des-erinnerns-mainz.de\/index.php\/wp-json\/wp\/v2\/media?parent=7551"}],"wp:term":[{"taxonomy":"category","embeddable":true,"href":"https:\/\/www.haus-des-erinnerns-mainz.de\/index.php\/wp-json\/wp\/v2\/categories?post=7551"},{"taxonomy":"post_tag","embeddable":true,"href":"https:\/\/www.haus-des-erinnerns-mainz.de\/index.php\/wp-json\/wp\/v2\/tags?post=7551"},{"taxonomy":"series","embeddable":true,"href":"https:\/\/www.haus-des-erinnerns-mainz.de\/index.php\/wp-json\/wp\/v2\/series?post=7551"}],"curies":[{"name":"wp","href":"https:\/\/api.w.org\/{rel}","templated":true}]}}