{"id":7531,"date":"2024-10-07T10:43:43","date_gmt":"2024-10-07T08:43:43","guid":{"rendered":"https:\/\/www.haus-des-erinnerns-mainz.de\/?p=7531"},"modified":"2024-10-07T10:45:09","modified_gmt":"2024-10-07T08:45:09","slug":"ein-jahr-nach-dem-7-oktober","status":"publish","type":"post","link":"https:\/\/www.haus-des-erinnerns-mainz.de\/index.php\/2024\/10\/07\/ein-jahr-nach-dem-7-oktober\/","title":{"rendered":"Ein Jahr nach dem 7. Oktober"},"content":{"rendered":"<div class=\"wp-block-image\">\n<figure class=\"aligncenter size-full is-resized\"><img loading=\"lazy\" decoding=\"async\" width=\"1080\" height=\"1080\" src=\"https:\/\/www.haus-des-erinnerns-mainz.de\/wp-content\/uploads\/2024\/10\/7_Oktober_2024-1.png\" alt=\"\" class=\"wp-image-7534\" style=\"aspect-ratio:1;object-fit:cover;width:500px\" srcset=\"https:\/\/www.haus-des-erinnerns-mainz.de\/wp-content\/uploads\/2024\/10\/7_Oktober_2024-1.png 1080w, https:\/\/www.haus-des-erinnerns-mainz.de\/wp-content\/uploads\/2024\/10\/7_Oktober_2024-1-300x300.png 300w, https:\/\/www.haus-des-erinnerns-mainz.de\/wp-content\/uploads\/2024\/10\/7_Oktober_2024-1-150x150.png 150w, https:\/\/www.haus-des-erinnerns-mainz.de\/wp-content\/uploads\/2024\/10\/7_Oktober_2024-1-768x768.png 768w\" sizes=\"auto, (max-width: 1080px) 100vw, 1080px\" \/><\/figure><\/div>\n\n\n<br>\n\n\n\n<p>Heute erinnern wir an den vor einem Jahr ver\u00fcbten terroristischen Angriff der Hamas auf Israel, der uns alle tief ersch\u00fcttert. Die Gewalt, die an diesem Tag stattfand, stellt eine Z\u00e4sur in der j\u00fcdischen Gegenwart dar.<\/p>\n\n\n\n<p>Seither f\u00fchren die israelische Regierung und die Hamas Krieg gegeneinander und noch immer befinden sich etwa 100 Menschen als Geiseln in der Gewalt der Hamas in Gaza. Seit einigen Wochen hat sich auch der Konflikt mit der Hisbollah im Libanon zu einem Krieg ausgeweitet. Nach ersten Raketen des iranischen Regimes auf Israel beobachten wir auch diese Entwicklungen mit gro\u00dfer Sorge und bangen um eine friedliche Perspektive f\u00fcr alle Menschen \u2013 In Israel, Pal\u00e4stina, im Libanon und dem gesamten Nahen Osten.<\/p>\n\n\n\n<p>Zugleich mussten wir feststellen, dass seit dem 7. Oktober 2023 die Anzahl antisemitisch motivierter Gewalttaten \u2013 auch in Deutschland \u2013 drastisch gestiegen ist. Die Gefahr f\u00fcr J\u00fcdinnen*Juden ist allgegenw\u00e4rtig, ob in Schulen, Universit\u00e4ten, Synagogen oder im \u00f6ffentlichen Raum. Wir im Haus des Erinnerns \u2013 f\u00fcr Demokratie und Akzeptanz m\u00f6chten mit unseren Bildungsangeboten, in denen wir \u00fcber gruppenbezogene Menschenfeindlichkeit und insbesondere Antisemitismus aufkl\u00e4ren, versuchen einen Beitrag zu einem empathischen Miteinander leisten, in dem alle Menschen in Freiheit und Frieden leben k\u00f6nnen!<\/p>\n\n\n\n<p>Heute um 17 Uhr findet im Landesmuseum Mainz eine Friedens- und Gedenkveranstaltung statt, auf die wir gerne hinweisen:<\/p>\n\n\n<div class=\"wp-block-image\">\n<figure class=\"aligncenter size-full is-resized\"><img loading=\"lazy\" decoding=\"async\" width=\"1080\" height=\"1080\" src=\"https:\/\/www.haus-des-erinnerns-mainz.de\/wp-content\/uploads\/2024\/10\/Friedens-und-Gedenkveranstaltung-07.10.-Frieden-in-Nahost.-Frieden-fue.e.-1.png\" alt=\"\" class=\"wp-image-7532\" style=\"aspect-ratio:1;object-fit:cover;width:600px\" srcset=\"https:\/\/www.haus-des-erinnerns-mainz.de\/wp-content\/uploads\/2024\/10\/Friedens-und-Gedenkveranstaltung-07.10.-Frieden-in-Nahost.-Frieden-fue.e.-1.png 1080w, https:\/\/www.haus-des-erinnerns-mainz.de\/wp-content\/uploads\/2024\/10\/Friedens-und-Gedenkveranstaltung-07.10.-Frieden-in-Nahost.-Frieden-fue.e.-1-300x300.png 300w, https:\/\/www.haus-des-erinnerns-mainz.de\/wp-content\/uploads\/2024\/10\/Friedens-und-Gedenkveranstaltung-07.10.-Frieden-in-Nahost.-Frieden-fue.e.-1-150x150.png 150w, https:\/\/www.haus-des-erinnerns-mainz.de\/wp-content\/uploads\/2024\/10\/Friedens-und-Gedenkveranstaltung-07.10.-Frieden-in-Nahost.-Frieden-fue.e.-1-768x768.png 768w\" sizes=\"auto, (max-width: 1080px) 100vw, 1080px\" \/><\/figure><\/div>\n\n\n<br>\n\n\n\n<p><strong>Er\u00f6ffnung<\/strong> durch die Moderation Ruth Ratter (Vorsitzende Freundeskreis Givat Haviva Deutschland e.V.)<\/p>\n\n\n\n<p><strong>Begr\u00fc\u00dfung<\/strong> durch Avadislav Avadiev (Vorsitzender Landesverband der j\u00fcdischen Gemeinden in Rheinland-Pfalz)<\/p>\n\n\n\n<p><strong>Redebeitr\u00e4ge durch<\/strong><\/p>\n\n\n\n<p>Alexander Schweitzer (Ministerpr\u00e4sident von Rheinland-Pfalz)<\/p>\n\n\n\n<p>Katharina Binz (Staatsministerin und stellvertretende Ministerpr\u00e4sidentin von Rheinland-Pfalz)<\/p>\n\n\n\n<p>Videobotschaft durch Talya Lador-Fresher (Generalkonsulin des Staates Israel)<\/p>\n\n\n\n<p>Gordon Schnieder (Landesvorsitzender der CDU Rheinland-Pfalz)<\/p>\n\n\n\n<p><strong>Interreligi\u00f6se Gedenkstunde, u.a. mit:<\/strong><\/p>\n\n\n\n<p>Wolfgang Schumacher (Kirchenrat, Beauftragter der Evangelischen Kirchen in Rheinland-Pfalz)<\/p>\n\n\n\n<p>Dieter Skala (Ordinariatsdirektor, Kommissariat der Bisch\u00f6fe Rheinland-Pfalz)<\/p>\n\n\n\n<p>Reuven Konnik (Landesrabbiner von Rheinland-Pfalz)<\/p>\n","protected":false},"excerpt":{"rendered":"<p>Heute erinnern wir an den vor einem Jahr ver\u00fcbten terroristischen Angriff der Hamas auf Israel, der uns alle tief ersch\u00fcttert. Die Gewalt, die an diesem Tag stattfand, stellt eine Z\u00e4sur in der j\u00fcdischen Gegenwart dar. Seither f\u00fchren die israelische Regierung und die Hamas Krieg gegeneinander und noch immer befinden sich&#8230;<\/p>\n<p> <a class=\"continue-reading-link\" href=\"https:\/\/www.haus-des-erinnerns-mainz.de\/index.php\/2024\/10\/07\/ein-jahr-nach-dem-7-oktober\/\"><span>Weiterlesen<\/span><i class=\"crycon-right-dir\"><\/i><\/a> <\/p>\n","protected":false},"author":4,"featured_media":7534,"comment_status":"closed","ping_status":"closed","sticky":false,"template":"","format":"standard","meta":{"episode_type":"audio","audio_file":"","podmotor_file_id":"","podmotor_episode_id":"","cover_image":"","cover_image_id":"","duration":"","filesize":"","filesize_raw":"","date_recorded":"","explicit":"","block":"","ngg_post_thumbnail":0,"_price":"","_stock":"","_tribe_ticket_header":"","_tribe_default_ticket_provider":"","_tribe_ticket_capacity":"0","_ticket_start_date":"","_ticket_end_date":"","_tribe_ticket_show_description":"","_tribe_ticket_show_not_going":false,"_tribe_ticket_use_global_stock":"","_tribe_ticket_global_stock_level":"","_global_stock_mode":"","_global_stock_cap":"","_tribe_rsvp_for_event":"","_tribe_ticket_going_count":"","_tribe_ticket_not_going_count":"","_tribe_tickets_list":"[]","_tribe_ticket_has_attendee_info_fields":false,"footnotes":""},"categories":[75,1],"tags":[],"series":[547],"class_list":["post-7531","post","type-post","status-publish","format-standard","has-post-thumbnail","hentry","category-aktuelles","category-allgemein","series-haus-des-erinnerns"],"episode_featured_image":"https:\/\/www.haus-des-erinnerns-mainz.de\/wp-content\/uploads\/2024\/10\/7_Oktober_2024-1.png","episode_player_image":"https:\/\/www.haus-des-erinnerns-mainz.de\/wp-content\/plugins\/seriously-simple-podcasting\/assets\/images\/no-album-art.png","download_link":"","player_link":"","audio_player":false,"episode_data":{"playerMode":"dark","subscribeUrls":[],"rssFeedUrl":"https:\/\/www.haus-des-erinnerns-mainz.de\/feed\/podcast\/haus-des-erinnerns","embedCode":"<blockquote class=\"wp-embedded-content\" data-secret=\"wwxxfedVUE\"><a href=\"https:\/\/www.haus-des-erinnerns-mainz.de\/index.php\/2024\/10\/07\/ein-jahr-nach-dem-7-oktober\/\">Ein Jahr nach dem 7. Oktober<\/a><\/blockquote><iframe sandbox=\"allow-scripts\" security=\"restricted\" src=\"https:\/\/www.haus-des-erinnerns-mainz.de\/index.php\/2024\/10\/07\/ein-jahr-nach-dem-7-oktober\/embed\/#?secret=wwxxfedVUE\" width=\"500\" height=\"350\" title=\"&#8222;Ein Jahr nach dem 7. Oktober&#8220; &#8211; Haus des Erinnerns\" data-secret=\"wwxxfedVUE\" frameborder=\"0\" marginwidth=\"0\" marginheight=\"0\" scrolling=\"no\" class=\"wp-embedded-content\"><\/iframe><script type=\"text\/javascript\">\n\/* <![CDATA[ *\/\n\/*! This file is auto-generated *\/\n!function(d,l){\"use strict\";l.querySelector&&d.addEventListener&&\"undefined\"!=typeof URL&&(d.wp=d.wp||{},d.wp.receiveEmbedMessage||(d.wp.receiveEmbedMessage=function(e){var t=e.data;if((t||t.secret||t.message||t.value)&&!\/[^a-zA-Z0-9]\/.test(t.secret)){for(var s,r,n,a=l.querySelectorAll('iframe[data-secret=\"'+t.secret+'\"]'),o=l.querySelectorAll('blockquote[data-secret=\"'+t.secret+'\"]'),c=new RegExp(\"^https?:$\",\"i\"),i=0;i<o.length;i++)o[i].style.display=\"none\";for(i=0;i<a.length;i++)s=a[i],e.source===s.contentWindow&&(s.removeAttribute(\"style\"),\"height\"===t.message?(1e3<(r=parseInt(t.value,10))?r=1e3:~~r<200&&(r=200),s.height=r):\"link\"===t.message&&(r=new URL(s.getAttribute(\"src\")),n=new URL(t.value),c.test(n.protocol))&&n.host===r.host&&l.activeElement===s&&(d.top.location.href=t.value))}},d.addEventListener(\"message\",d.wp.receiveEmbedMessage,!1),l.addEventListener(\"DOMContentLoaded\",function(){for(var e,t,s=l.querySelectorAll(\"iframe.wp-embedded-content\"),r=0;r<s.length;r++)(t=(e=s[r]).getAttribute(\"data-secret\"))||(t=Math.random().toString(36).substring(2,12),e.src+=\"#?secret=\"+t,e.setAttribute(\"data-secret\",t)),e.contentWindow.postMessage({message:\"ready\",secret:t},\"*\")},!1)))}(window,document);\n\/* ]]> *\/\n<\/script>\n"},"_links":{"self":[{"href":"https:\/\/www.haus-des-erinnerns-mainz.de\/index.php\/wp-json\/wp\/v2\/posts\/7531","targetHints":{"allow":["GET"]}}],"collection":[{"href":"https:\/\/www.haus-des-erinnerns-mainz.de\/index.php\/wp-json\/wp\/v2\/posts"}],"about":[{"href":"https:\/\/www.haus-des-erinnerns-mainz.de\/index.php\/wp-json\/wp\/v2\/types\/post"}],"author":[{"embeddable":true,"href":"https:\/\/www.haus-des-erinnerns-mainz.de\/index.php\/wp-json\/wp\/v2\/users\/4"}],"replies":[{"embeddable":true,"href":"https:\/\/www.haus-des-erinnerns-mainz.de\/index.php\/wp-json\/wp\/v2\/comments?post=7531"}],"version-history":[{"count":4,"href":"https:\/\/www.haus-des-erinnerns-mainz.de\/index.php\/wp-json\/wp\/v2\/posts\/7531\/revisions"}],"predecessor-version":[{"id":7537,"href":"https:\/\/www.haus-des-erinnerns-mainz.de\/index.php\/wp-json\/wp\/v2\/posts\/7531\/revisions\/7537"}],"wp:featuredmedia":[{"embeddable":true,"href":"https:\/\/www.haus-des-erinnerns-mainz.de\/index.php\/wp-json\/wp\/v2\/media\/7534"}],"wp:attachment":[{"href":"https:\/\/www.haus-des-erinnerns-mainz.de\/index.php\/wp-json\/wp\/v2\/media?parent=7531"}],"wp:term":[{"taxonomy":"category","embeddable":true,"href":"https:\/\/www.haus-des-erinnerns-mainz.de\/index.php\/wp-json\/wp\/v2\/categories?post=7531"},{"taxonomy":"post_tag","embeddable":true,"href":"https:\/\/www.haus-des-erinnerns-mainz.de\/index.php\/wp-json\/wp\/v2\/tags?post=7531"},{"taxonomy":"series","embeddable":true,"href":"https:\/\/www.haus-des-erinnerns-mainz.de\/index.php\/wp-json\/wp\/v2\/series?post=7531"}],"curies":[{"name":"wp","href":"https:\/\/api.w.org\/{rel}","templated":true}]}}