{"id":7465,"date":"2024-09-20T12:43:07","date_gmt":"2024-09-20T10:43:07","guid":{"rendered":"https:\/\/www.haus-des-erinnerns-mainz.de\/?p=7465"},"modified":"2024-09-20T12:43:08","modified_gmt":"2024-09-20T10:43:08","slug":"jahresbericht-2023-und-rausblick-2024-25","status":"publish","type":"post","link":"https:\/\/www.haus-des-erinnerns-mainz.de\/index.php\/2024\/09\/20\/jahresbericht-2023-und-rausblick-2024-25\/","title":{"rendered":"Jahresbericht 2023 und (R)Ausblick 2024\/25"},"content":{"rendered":"\n<p>Wir freuen uns sehr, nun endlich unseren Jahresbericht 2023 pr\u00e4sentieren zu k\u00f6nnen und laden alle Interessierten herzlich dazu ein, sich einen Einblick in unsere vielf\u00e4ltigen T\u00e4tigkeiten im vergangenen Jahr zu verschaffen. Ab sofort kann unser aktueller Jahresbericht auf unserer Homepage\u00a0<a href=\"https:\/\/www.haus-des-erinnerns-mainz.de\/wp-content\/uploads\/2024\/09\/HDE_Jahresbericht_2023_WEB_2024_komp.pdf\" target=\"_blank\" rel=\"noreferrer noopener\">hier<\/a> eingesehen werden. Auch dieser Jahresbericht ist wieder als interaktives Dokument angelegt, sodass man \u00fcber Verlinkungen durch einen Klick auf die Icons direkt zu den jeweiligen Eintr\u00e4gen auf unserer Homepage gelangt.<\/p>\n\n\n\n<p>Zeitgleich haben wir mit unserem sogenannten (R)Ausblick einen Zwischenbericht \u00fcber unsere Aktivit\u00e4ten 2024 erstellt. Auch dieser ist auf unserer Homepage nun <a href=\"https:\/\/www.haus-des-erinnerns-mainz.de\/wp-content\/uploads\/2024\/09\/RAusblick_2024_interaktiv_komp.pdf\" target=\"_blank\" rel=\"noreferrer noopener\">hier<\/a> abrufbar. Dort erf\u00e4hrt man auch, wie es zu diesem au\u00dfergew\u00f6hnlichen Namen kam.<\/p>\n\n\n\n<p><strong>Wir w\u00fcnschen viel Freude beim Lesen des Jahresberichtes sowie des (R)Ausblicks und bedanken uns auch auf diesem Weg ganz herzlich bei allen Stifter*innen, Besucher*innen und Unterst\u00fctzer*innen f\u00fcr die erfolgreiche Zeit!<\/strong><\/p>\n\n\n\n<div class=\"wp-block-columns is-layout-flex wp-container-core-columns-is-layout-9d6595d7 wp-block-columns-is-layout-flex\">\n<div class=\"wp-block-column is-layout-flow wp-block-column-is-layout-flow\">\n<figure class=\"wp-block-image size-full\"><img loading=\"lazy\" decoding=\"async\" width=\"643\" height=\"912\" src=\"https:\/\/www.haus-des-erinnerns-mainz.de\/wp-content\/uploads\/2024\/09\/Cover_Jahresbericht_2023.jpg\" alt=\"\" class=\"wp-image-7466\" srcset=\"https:\/\/www.haus-des-erinnerns-mainz.de\/wp-content\/uploads\/2024\/09\/Cover_Jahresbericht_2023.jpg 643w, https:\/\/www.haus-des-erinnerns-mainz.de\/wp-content\/uploads\/2024\/09\/Cover_Jahresbericht_2023-212x300.jpg 212w, https:\/\/www.haus-des-erinnerns-mainz.de\/wp-content\/uploads\/2024\/09\/Cover_Jahresbericht_2023-106x150.jpg 106w\" sizes=\"auto, (max-width: 643px) 100vw, 643px\" \/><\/figure>\n<\/div>\n\n\n\n<div class=\"wp-block-column is-layout-flow wp-block-column-is-layout-flow\">\n<figure class=\"wp-block-image size-full is-resized\"><img loading=\"lazy\" decoding=\"async\" width=\"683\" height=\"956\" src=\"https:\/\/www.haus-des-erinnerns-mainz.de\/wp-content\/uploads\/2024\/09\/Cover_Rausblick.jpg\" alt=\"\" class=\"wp-image-7467\" style=\"width:422px;height:auto\" srcset=\"https:\/\/www.haus-des-erinnerns-mainz.de\/wp-content\/uploads\/2024\/09\/Cover_Rausblick.jpg 683w, https:\/\/www.haus-des-erinnerns-mainz.de\/wp-content\/uploads\/2024\/09\/Cover_Rausblick-214x300.jpg 214w, https:\/\/www.haus-des-erinnerns-mainz.de\/wp-content\/uploads\/2024\/09\/Cover_Rausblick-107x150.jpg 107w\" sizes=\"auto, (max-width: 683px) 100vw, 683px\" \/><\/figure>\n<\/div>\n<\/div>\n\n\n\n<p><a id=\"_msocom_1\"><\/a><\/p>\n\n\n\n<p><\/p>\n\n\n\n<p><a id=\"_msocom_2\"><\/a><\/p>\n\n\n\n<p><\/p>\n\n\n\n<p><\/p>\n","protected":false},"excerpt":{"rendered":"<p>Wir freuen uns sehr, nun endlich unseren Jahresbericht 2023 pr\u00e4sentieren zu k\u00f6nnen und laden alle Interessierten herzlich dazu ein, sich einen Einblick in unsere vielf\u00e4ltigen T\u00e4tigkeiten im vergangenen Jahr zu verschaffen. Ab sofort kann unser aktueller Jahresbericht auf unserer Homepage\u00a0hier eingesehen werden. Auch dieser Jahresbericht ist wieder als interaktives Dokument&#8230;<\/p>\n<p> <a class=\"continue-reading-link\" href=\"https:\/\/www.haus-des-erinnerns-mainz.de\/index.php\/2024\/09\/20\/jahresbericht-2023-und-rausblick-2024-25\/\"><span>Weiterlesen<\/span><i class=\"crycon-right-dir\"><\/i><\/a> <\/p>\n","protected":false},"author":4,"featured_media":7466,"comment_status":"closed","ping_status":"closed","sticky":false,"template":"","format":"standard","meta":{"episode_type":"audio","audio_file":"","podmotor_file_id":"","podmotor_episode_id":"","cover_image":"","cover_image_id":"","duration":"","filesize":"","filesize_raw":"","date_recorded":"","explicit":"","block":"","ngg_post_thumbnail":0,"_price":"","_stock":"","_tribe_ticket_header":"","_tribe_default_ticket_provider":"","_tribe_ticket_capacity":"0","_ticket_start_date":"","_ticket_end_date":"","_tribe_ticket_show_description":"","_tribe_ticket_show_not_going":false,"_tribe_ticket_use_global_stock":"","_tribe_ticket_global_stock_level":"","_global_stock_mode":"","_global_stock_cap":"","_tribe_rsvp_for_event":"","_tribe_ticket_going_count":"","_tribe_ticket_not_going_count":"","_tribe_tickets_list":"[]","_tribe_ticket_has_attendee_info_fields":false,"footnotes":""},"categories":[75,1],"tags":[],"series":[547],"class_list":["post-7465","post","type-post","status-publish","format-standard","has-post-thumbnail","hentry","category-aktuelles","category-allgemein","series-haus-des-erinnerns"],"episode_featured_image":"https:\/\/www.haus-des-erinnerns-mainz.de\/wp-content\/uploads\/2024\/09\/Cover_Jahresbericht_2023.jpg","episode_player_image":"https:\/\/www.haus-des-erinnerns-mainz.de\/wp-content\/plugins\/seriously-simple-podcasting\/assets\/images\/no-album-art.png","download_link":"","player_link":"","audio_player":false,"episode_data":{"playerMode":"dark","subscribeUrls":[],"rssFeedUrl":"https:\/\/www.haus-des-erinnerns-mainz.de\/feed\/podcast\/haus-des-erinnerns","embedCode":"<blockquote class=\"wp-embedded-content\" data-secret=\"KuiXKCemfH\"><a href=\"https:\/\/www.haus-des-erinnerns-mainz.de\/index.php\/2024\/09\/20\/jahresbericht-2023-und-rausblick-2024-25\/\">Jahresbericht 2023 und (R)Ausblick 2024\/25<\/a><\/blockquote><iframe sandbox=\"allow-scripts\" security=\"restricted\" src=\"https:\/\/www.haus-des-erinnerns-mainz.de\/index.php\/2024\/09\/20\/jahresbericht-2023-und-rausblick-2024-25\/embed\/#?secret=KuiXKCemfH\" width=\"500\" height=\"350\" title=\"&#8222;Jahresbericht 2023 und (R)Ausblick 2024\/25&#8220; &#8211; Haus des Erinnerns\" data-secret=\"KuiXKCemfH\" frameborder=\"0\" marginwidth=\"0\" marginheight=\"0\" scrolling=\"no\" class=\"wp-embedded-content\"><\/iframe><script type=\"text\/javascript\">\n\/* <![CDATA[ *\/\n\/*! This file is auto-generated *\/\n!function(d,l){\"use strict\";l.querySelector&&d.addEventListener&&\"undefined\"!=typeof URL&&(d.wp=d.wp||{},d.wp.receiveEmbedMessage||(d.wp.receiveEmbedMessage=function(e){var t=e.data;if((t||t.secret||t.message||t.value)&&!\/[^a-zA-Z0-9]\/.test(t.secret)){for(var s,r,n,a=l.querySelectorAll('iframe[data-secret=\"'+t.secret+'\"]'),o=l.querySelectorAll('blockquote[data-secret=\"'+t.secret+'\"]'),c=new RegExp(\"^https?:$\",\"i\"),i=0;i<o.length;i++)o[i].style.display=\"none\";for(i=0;i<a.length;i++)s=a[i],e.source===s.contentWindow&&(s.removeAttribute(\"style\"),\"height\"===t.message?(1e3<(r=parseInt(t.value,10))?r=1e3:~~r<200&&(r=200),s.height=r):\"link\"===t.message&&(r=new URL(s.getAttribute(\"src\")),n=new URL(t.value),c.test(n.protocol))&&n.host===r.host&&l.activeElement===s&&(d.top.location.href=t.value))}},d.addEventListener(\"message\",d.wp.receiveEmbedMessage,!1),l.addEventListener(\"DOMContentLoaded\",function(){for(var e,t,s=l.querySelectorAll(\"iframe.wp-embedded-content\"),r=0;r<s.length;r++)(t=(e=s[r]).getAttribute(\"data-secret\"))||(t=Math.random().toString(36).substring(2,12),e.src+=\"#?secret=\"+t,e.setAttribute(\"data-secret\",t)),e.contentWindow.postMessage({message:\"ready\",secret:t},\"*\")},!1)))}(window,document);\n\/* ]]> *\/\n<\/script>\n"},"_links":{"self":[{"href":"https:\/\/www.haus-des-erinnerns-mainz.de\/index.php\/wp-json\/wp\/v2\/posts\/7465","targetHints":{"allow":["GET"]}}],"collection":[{"href":"https:\/\/www.haus-des-erinnerns-mainz.de\/index.php\/wp-json\/wp\/v2\/posts"}],"about":[{"href":"https:\/\/www.haus-des-erinnerns-mainz.de\/index.php\/wp-json\/wp\/v2\/types\/post"}],"author":[{"embeddable":true,"href":"https:\/\/www.haus-des-erinnerns-mainz.de\/index.php\/wp-json\/wp\/v2\/users\/4"}],"replies":[{"embeddable":true,"href":"https:\/\/www.haus-des-erinnerns-mainz.de\/index.php\/wp-json\/wp\/v2\/comments?post=7465"}],"version-history":[{"count":4,"href":"https:\/\/www.haus-des-erinnerns-mainz.de\/index.php\/wp-json\/wp\/v2\/posts\/7465\/revisions"}],"predecessor-version":[{"id":7471,"href":"https:\/\/www.haus-des-erinnerns-mainz.de\/index.php\/wp-json\/wp\/v2\/posts\/7465\/revisions\/7471"}],"wp:featuredmedia":[{"embeddable":true,"href":"https:\/\/www.haus-des-erinnerns-mainz.de\/index.php\/wp-json\/wp\/v2\/media\/7466"}],"wp:attachment":[{"href":"https:\/\/www.haus-des-erinnerns-mainz.de\/index.php\/wp-json\/wp\/v2\/media?parent=7465"}],"wp:term":[{"taxonomy":"category","embeddable":true,"href":"https:\/\/www.haus-des-erinnerns-mainz.de\/index.php\/wp-json\/wp\/v2\/categories?post=7465"},{"taxonomy":"post_tag","embeddable":true,"href":"https:\/\/www.haus-des-erinnerns-mainz.de\/index.php\/wp-json\/wp\/v2\/tags?post=7465"},{"taxonomy":"series","embeddable":true,"href":"https:\/\/www.haus-des-erinnerns-mainz.de\/index.php\/wp-json\/wp\/v2\/series?post=7465"}],"curies":[{"name":"wp","href":"https:\/\/api.w.org\/{rel}","templated":true}]}}