{"id":7116,"date":"2024-06-06T10:36:02","date_gmt":"2024-06-06T08:36:02","guid":{"rendered":"https:\/\/www.haus-des-erinnerns-mainz.de\/?p=7116"},"modified":"2024-06-13T10:29:01","modified_gmt":"2024-06-13T08:29:01","slug":"nachbericht-buchvorstellung-erinnerungsorte-zur-geschichte-der-demokratie","status":"publish","type":"post","link":"https:\/\/www.haus-des-erinnerns-mainz.de\/index.php\/2024\/06\/06\/nachbericht-buchvorstellung-erinnerungsorte-zur-geschichte-der-demokratie\/","title":{"rendered":"Nachbericht Buchvorstellung \u201eErinnerungsorte zur Geschichte der Demokratie\u201c"},"content":{"rendered":"\n<p>Am 7. Mai fand die zweite Veranstaltung in unserer Reihe der Demokratiewochen im Landtag Rheinland-Pfalz statt. Hierbei ging es um die Buchvorstellung von \u201eErinnerungsorte zur Geschichte der Demokratie. Auf den Spuren der Demokratiebewegung in Rheinhessen und der Pfalz (1789\u20131849)\u201c. Der Abend begann mit einer Begr\u00fc\u00dfung durch den Pr\u00e4sidenten des Landtages Rheinland-Pfalz Hendrik Hering und einem Gru\u00dfwort f\u00fcr die Herausgeber von Bernhard Kukatzki, dem Leiter der Landeszentrale f\u00fcr politische Bildung Rheinland-Pfalz. Anschlie\u00dfend pr\u00e4sentierte der Autor Thomas Handrich sein neues Buch vor, in dem er 29 ausgew\u00e4hlte rheinhessische und pf\u00e4lzische Orte zur Erinnerung an die fr\u00fche Geschichte der Demokratie vorstellt und kritisch hinterfragt, wie es genau an diesen Orten zu den besonderen Momenten der Demokratie kam. Denn dort, im regionalen Raum, spielte sich zwischen 1789 und 1849 die gro\u00dfe Geschichte von Aufst\u00e4nden, Revolutionen und Gegenrevolutionen ab. Nach einer regionalhistorischen und demokratiegeschichtlichen Einf\u00fchrung werden die unterschiedlichen Orte nicht nur anhand materieller Spuren wie Gedenksteinen und -tafeln, sondern auch die dort handelnden Personen vorgestellt, die in der Region Demokratiegeschichte schrieben. Dr. Maria Lucia Weigel, Leiterin des Erkenbertmuseums in Frankenthal, erg\u00e4nzte die Buchvorstellung des Autors Thomas Handrich durch das Verlesen exemplarischer Zitate der historischen Pers\u00f6nlichkeiten und nahm die Teilnehmenden so mit auf eine Zeitreise in die Zeit der fr\u00fchen Demokratiegeschichte<\/p>\n\n\n\n<p>Dr. Kai-Michael Sprenger, Direktor der Bundesstiftung Orte der Demokratiegeschichte, der aufgrund seiner T\u00e4tigkeit ein absoluter Experte in diesem Themenbereich ist, stellte in seiner Ansprache verschiedene Arten des Erinnerns an die fr\u00fche Demokratiegeschichte etwas genauer vor. Das Schlusswort hielt die Verlegerin Dr. Annette N\u00fcnnerich-Asmus. Der ganze Abend wurde musikalisch von Volker Gall\u00e9 begleitet, der Lieder aus der Zeit des Vorm\u00e4rz\u2018 und der Revolution 1848\/49 sang. Der Abend endete f\u00fcr die etwa 90 Teilnehmenden mit einem Empfang in der Lobby des Landtags und der Gelegenheit, sich in einzelne Gespr\u00e4che zu vertiefen.<\/p>\n\n\n\n<br>\n\n\n\nngg_shortcode_0_placeholder\n\n\n\n<br>\n\n\n\n<p>Unser Vorstandsvorsitzender und Mitherausgeber dieses Buches, Hans Berkessel, hat eine ausf\u00fchrliche Buchbesprechung vorbereitet:<\/p>\n\n\n\n<p><strong>Thomas Handrich: Erinnerungsorte zur Geschichte der Demokratie. Auf den Spuren der Demokratiebewegung in Rheinhessen und der Pfalz (1789\u20131849)<\/strong><\/p>\n\n\n\n<p>In Deutschland zeichnet sich schon l\u00e4nger eine positive R\u00fcckbesinnung auf die von der Franz\u00f6sischen Revolution angesto\u00dfenen fr\u00fchen Emanzipations- und Freiheitsbewegungen ab. Gew\u00f6hnlich verbinden wir diese mit den Bewegungen von 1848\/49, der Weimarer Verfassung und der Gr\u00fcndung der Bundesrepublik Deutschland. Regionalhistorisch finden jedoch fr\u00fche Demokratieversuche wie die Bergzaberner und die Mainzer Republik von 1792\/93 als direkte Folgeerscheinungen der Franz\u00f6sischen Revolution seit einiger Zeit deutlich mehr Beachtung. Auch das Hambacher Fest (1832) mit seinen ca. 20.000 bis 30.000 Teilnehmer*innen, die seinerzeit gr\u00f6\u00dfte Manifestation des demokratischen Aufbruchs im Vorm\u00e4rz, wird inzwischen st\u00e4rker in seiner Bedeutung f\u00fcr die europ\u00e4ische Entwicklung gesehen. So war es kein Zufall, dass das Hambacher Fest in einer Region stattfand, die von der N\u00e4he und Zugeh\u00f6rigkeit der Region zum revolution\u00e4ren Frankreich gepr\u00e4gt war. Und ebenso wenig zuf\u00e4llig war, dass der revolution\u00e4re Aufbruch vom M\u00e4rz 1848 und die folgenden Ereignisse besonders ausgepr\u00e4gt im gesamten ehemals franz\u00f6sischen Rheinland stattgefunden haben. Dabei spielen bisher vernachl\u00e4ssigte Aspekte wie etwa die Rolle der l\u00e4ndlichen Bev\u00f6lkerung, der Frauen und progressiver sozialer Bewegungen ebenso wie biografische Bez\u00fcge und Familientraditionen eine zunehmend wichtigere Rolle.<\/p>\n\n\n\n<p>Im dritten Band der Reihe \u201eBeitr\u00e4ge zur Demokratiegeschichte in Rheinland-Pfalz\u201c werden 29 ausgew\u00e4hlte rheinhessische und pf\u00e4lzische Erinnerungsorte von Alzey bis Zweibr\u00fccken zur fr\u00fchen Geschichte der Demokratie vorgestellt: Hier spielte sich zwischen 1789 und 1849 die gro\u00dfe Geschichte von Aufst\u00e4nden, Revolutionen und Gegenrevolutionen im regionalen Raum ab. Bei seiner Spurensuche fragt der Autor Thomas Handrich, was damals viele Bewohner*innen der D\u00f6rfer und St\u00e4dte dazu bewegte, jahrhundertealte Abh\u00e4ngigkeiten von weltlichen und geistlichen Obrigkeiten infrage zu stellen. Wie kam es, dass jetzt Forderungen nach Freiheit, Demokratie und Selbstbestimmung aufkamen und teilweise auch gleich in die Tat umgesetzt wurden?<\/p>\n\n\n\n<p>Nach einer regionalhistorischen und demokratiegeschichtlichen Einf\u00fchrung werden in den ausgew\u00e4hlten Orten nicht nur materielle Spuren wie Gedenksteine und -tafeln, schriftliche Zeugnisse, sondern auch die handelnden Personen vorgestellt, die vor Ort Demokratiegeschichte schrieben. Dabei werden auch famili\u00e4re Traditionen sichtbar, die von der Franz\u00f6sischen Revolution, der Mainzer und Bergzaberner Republik \u00fcber das Hambacher Fest bis zur Revolution von 1848\/49 reichen.<\/p>\n\n\n\n<p>In den Beispielen guter Vermittlungspraxis von Theaterauff\u00fchrungen, \u00fcber Rundg\u00e4nge bis hin zu Erz\u00e4hlungen und Liedern werden Interessierte vor Ort zugleich motiviert, sich selbst auf die Spurensuche nach den demokratischen Wurzeln zu machen oder zu deren Bewusstmachung oder Vermittlung beizutragen. Gerade bei der Arbeit mit jungen Menschen, insbesondere auch im schulischen Kontext, k\u00f6nnen diese Beispiele zu eigenen Spurensuche-Projekten motivieren und helfen, die lokale Geschichte unter dem Aspekt der Demokratiegeschichte neu zu entdecken.<\/p>\n\n\n\n<div class=\"wp-block-media-text is-stacked-on-mobile\"><figure class=\"wp-block-media-text__media\"><img loading=\"lazy\" decoding=\"async\" width=\"1826\" height=\"2560\" src=\"https:\/\/www.haus-des-erinnerns-mainz.de\/wp-content\/uploads\/2024\/04\/BRZ_Demokkratie_Cover_final-scaled.jpg\" alt=\"\" class=\"wp-image-6963 size-full\" srcset=\"https:\/\/www.haus-des-erinnerns-mainz.de\/wp-content\/uploads\/2024\/04\/BRZ_Demokkratie_Cover_final-scaled.jpg 1826w, https:\/\/www.haus-des-erinnerns-mainz.de\/wp-content\/uploads\/2024\/04\/BRZ_Demokkratie_Cover_final-214x300.jpg 214w, https:\/\/www.haus-des-erinnerns-mainz.de\/wp-content\/uploads\/2024\/04\/BRZ_Demokkratie_Cover_final-768x1077.jpg 768w, https:\/\/www.haus-des-erinnerns-mainz.de\/wp-content\/uploads\/2024\/04\/BRZ_Demokkratie_Cover_final-1096x1536.jpg 1096w, https:\/\/www.haus-des-erinnerns-mainz.de\/wp-content\/uploads\/2024\/04\/BRZ_Demokkratie_Cover_final-1461x2048.jpg 1461w, https:\/\/www.haus-des-erinnerns-mainz.de\/wp-content\/uploads\/2024\/04\/BRZ_Demokkratie_Cover_final-107x150.jpg 107w\" sizes=\"auto, (max-width: 1826px) 100vw, 1826px\" \/><\/figure><div class=\"wp-block-media-text__content\">\n<p><strong>Thomas Handrich: Erinnerungsorte zur Geschichte der Demokratie. Auf den Spuren der Demokratiebewegung in Rheinhessen und der Pfalz (1789\u20131849), Bd. 3 der Beitr\u00e4ge zur Demokratiegeschichte in Rheinland-Pfalz, hrsg. von Hans Berkessel, Bernhard Kukatzki, Walter Rummel u. Kai-Michael Sprenger im Auftrag der LpB und des HdE, 384 S. m. 146 Abb., geb. 32,00 \u20ac, N\u00fcnnerich-Asmus-Verlag, Oppenheim am Rhein (ISBN: 978-3-96176-252-1)<\/strong><\/p>\n<\/div><\/div>\n\n\n\n<p><\/p>\n","protected":false},"excerpt":{"rendered":"<p>Am 7. Mai fand die zweite Veranstaltung in unserer Reihe der Demokratiewochen im Landtag Rheinland-Pfalz statt. Hierbei ging es um die Buchvorstellung von \u201eErinnerungsorte zur Geschichte der Demokratie. Auf den Spuren der Demokratiebewegung in Rheinhessen und der Pfalz (1789\u20131849)\u201c. Der Abend begann mit einer Begr\u00fc\u00dfung durch den Pr\u00e4sidenten des Landtages&#8230;<\/p>\n<p> <a class=\"continue-reading-link\" href=\"https:\/\/www.haus-des-erinnerns-mainz.de\/index.php\/2024\/06\/06\/nachbericht-buchvorstellung-erinnerungsorte-zur-geschichte-der-demokratie\/\"><span>Weiterlesen<\/span><i class=\"crycon-right-dir\"><\/i><\/a> <\/p>\n","protected":false},"author":4,"featured_media":6963,"comment_status":"closed","ping_status":"closed","sticky":false,"template":"","format":"standard","meta":{"episode_type":"audio","audio_file":"","podmotor_file_id":"","podmotor_episode_id":"","cover_image":"","cover_image_id":"","duration":"","filesize":"","filesize_raw":"","date_recorded":"","explicit":"","block":"","ngg_post_thumbnail":0,"_price":"","_stock":"","_tribe_ticket_header":"","_tribe_default_ticket_provider":"","_tribe_ticket_capacity":"0","_ticket_start_date":"","_ticket_end_date":"","_tribe_ticket_show_description":"","_tribe_ticket_show_not_going":false,"_tribe_ticket_use_global_stock":"","_tribe_ticket_global_stock_level":"","_global_stock_mode":"","_global_stock_cap":"","_tribe_rsvp_for_event":"","_tribe_ticket_going_count":"","_tribe_ticket_not_going_count":"","_tribe_tickets_list":"[]","_tribe_ticket_has_attendee_info_fields":false,"footnotes":""},"categories":[75,1,87],"tags":[],"series":[547],"class_list":["post-7116","post","type-post","status-publish","format-standard","has-post-thumbnail","hentry","category-aktuelles","category-allgemein","category-nachberichte","series-haus-des-erinnerns"],"episode_featured_image":"https:\/\/www.haus-des-erinnerns-mainz.de\/wp-content\/uploads\/2024\/04\/BRZ_Demokkratie_Cover_final-scaled.jpg","episode_player_image":"https:\/\/www.haus-des-erinnerns-mainz.de\/wp-content\/plugins\/seriously-simple-podcasting\/assets\/images\/no-album-art.png","download_link":"","player_link":"","audio_player":false,"episode_data":{"playerMode":"dark","subscribeUrls":[],"rssFeedUrl":"https:\/\/www.haus-des-erinnerns-mainz.de\/feed\/podcast\/haus-des-erinnerns","embedCode":"<blockquote class=\"wp-embedded-content\" data-secret=\"MEuUJ6mD6R\"><a href=\"https:\/\/www.haus-des-erinnerns-mainz.de\/index.php\/2024\/06\/06\/nachbericht-buchvorstellung-erinnerungsorte-zur-geschichte-der-demokratie\/\">Nachbericht Buchvorstellung \u201eErinnerungsorte zur Geschichte der Demokratie\u201c<\/a><\/blockquote><iframe sandbox=\"allow-scripts\" security=\"restricted\" src=\"https:\/\/www.haus-des-erinnerns-mainz.de\/index.php\/2024\/06\/06\/nachbericht-buchvorstellung-erinnerungsorte-zur-geschichte-der-demokratie\/embed\/#?secret=MEuUJ6mD6R\" width=\"500\" height=\"350\" title=\"&#8222;Nachbericht Buchvorstellung \u201eErinnerungsorte zur Geschichte der Demokratie\u201c&#8220; &#8211; Haus des Erinnerns\" data-secret=\"MEuUJ6mD6R\" frameborder=\"0\" marginwidth=\"0\" marginheight=\"0\" scrolling=\"no\" class=\"wp-embedded-content\"><\/iframe><script type=\"text\/javascript\">\n\/* <![CDATA[ *\/\n\/*! This file is auto-generated *\/\n!function(d,l){\"use strict\";l.querySelector&&d.addEventListener&&\"undefined\"!=typeof URL&&(d.wp=d.wp||{},d.wp.receiveEmbedMessage||(d.wp.receiveEmbedMessage=function(e){var t=e.data;if((t||t.secret||t.message||t.value)&&!\/[^a-zA-Z0-9]\/.test(t.secret)){for(var s,r,n,a=l.querySelectorAll('iframe[data-secret=\"'+t.secret+'\"]'),o=l.querySelectorAll('blockquote[data-secret=\"'+t.secret+'\"]'),c=new RegExp(\"^https?:$\",\"i\"),i=0;i<o.length;i++)o[i].style.display=\"none\";for(i=0;i<a.length;i++)s=a[i],e.source===s.contentWindow&&(s.removeAttribute(\"style\"),\"height\"===t.message?(1e3<(r=parseInt(t.value,10))?r=1e3:~~r<200&&(r=200),s.height=r):\"link\"===t.message&&(r=new URL(s.getAttribute(\"src\")),n=new URL(t.value),c.test(n.protocol))&&n.host===r.host&&l.activeElement===s&&(d.top.location.href=t.value))}},d.addEventListener(\"message\",d.wp.receiveEmbedMessage,!1),l.addEventListener(\"DOMContentLoaded\",function(){for(var e,t,s=l.querySelectorAll(\"iframe.wp-embedded-content\"),r=0;r<s.length;r++)(t=(e=s[r]).getAttribute(\"data-secret\"))||(t=Math.random().toString(36).substring(2,12),e.src+=\"#?secret=\"+t,e.setAttribute(\"data-secret\",t)),e.contentWindow.postMessage({message:\"ready\",secret:t},\"*\")},!1)))}(window,document);\n\/* ]]> *\/\n<\/script>\n"},"_links":{"self":[{"href":"https:\/\/www.haus-des-erinnerns-mainz.de\/index.php\/wp-json\/wp\/v2\/posts\/7116","targetHints":{"allow":["GET"]}}],"collection":[{"href":"https:\/\/www.haus-des-erinnerns-mainz.de\/index.php\/wp-json\/wp\/v2\/posts"}],"about":[{"href":"https:\/\/www.haus-des-erinnerns-mainz.de\/index.php\/wp-json\/wp\/v2\/types\/post"}],"author":[{"embeddable":true,"href":"https:\/\/www.haus-des-erinnerns-mainz.de\/index.php\/wp-json\/wp\/v2\/users\/4"}],"replies":[{"embeddable":true,"href":"https:\/\/www.haus-des-erinnerns-mainz.de\/index.php\/wp-json\/wp\/v2\/comments?post=7116"}],"version-history":[{"count":8,"href":"https:\/\/www.haus-des-erinnerns-mainz.de\/index.php\/wp-json\/wp\/v2\/posts\/7116\/revisions"}],"predecessor-version":[{"id":7149,"href":"https:\/\/www.haus-des-erinnerns-mainz.de\/index.php\/wp-json\/wp\/v2\/posts\/7116\/revisions\/7149"}],"wp:featuredmedia":[{"embeddable":true,"href":"https:\/\/www.haus-des-erinnerns-mainz.de\/index.php\/wp-json\/wp\/v2\/media\/6963"}],"wp:attachment":[{"href":"https:\/\/www.haus-des-erinnerns-mainz.de\/index.php\/wp-json\/wp\/v2\/media?parent=7116"}],"wp:term":[{"taxonomy":"category","embeddable":true,"href":"https:\/\/www.haus-des-erinnerns-mainz.de\/index.php\/wp-json\/wp\/v2\/categories?post=7116"},{"taxonomy":"post_tag","embeddable":true,"href":"https:\/\/www.haus-des-erinnerns-mainz.de\/index.php\/wp-json\/wp\/v2\/tags?post=7116"},{"taxonomy":"series","embeddable":true,"href":"https:\/\/www.haus-des-erinnerns-mainz.de\/index.php\/wp-json\/wp\/v2\/series?post=7116"}],"curies":[{"name":"wp","href":"https:\/\/api.w.org\/{rel}","templated":true}]}}