{"id":7062,"date":"2024-05-14T20:00:53","date_gmt":"2024-05-14T18:00:53","guid":{"rendered":"https:\/\/www.haus-des-erinnerns-mainz.de\/?p=7062"},"modified":"2024-05-27T11:49:36","modified_gmt":"2024-05-27T09:49:36","slug":"am-15-mai-bleibt-das-haus-geschlossen","status":"publish","type":"post","link":"https:\/\/www.haus-des-erinnerns-mainz.de\/index.php\/2024\/05\/14\/am-15-mai-bleibt-das-haus-geschlossen\/","title":{"rendered":"Am 15. Mai bleibt das Haus geschlossen!"},"content":{"rendered":"\n<p>Am 13. Mai haben wir nach einer Rede der Ministerpr\u00e4sidentin Malu Dreyer auf dem Gutenbergplatz den Staffelstab der Tour de Demokratie von den Mainzer Schwellk\u00f6pp \u00fcberreicht bekommen.<\/p>\n\n\n\n<p>Morgen, am 15. Mai 2024, reisen wir an das Jagdschloss Niederwald, um den Staffelstab weiterzugeben. Deshalb wird unser Haus geschlossen bleiben!<\/p>\n\n\n\n<p>Die Tour de Demokratie wird anl\u00e4sslich des Verfassungsjubil\u00e4ums &#8222;75 Jahre Grundgesetz&#8220; von der GEDG organisiert und umfasst 15 Etappen von Weimar bis Bonn.<\/p>\n\n\n\n<figure class=\"wp-block-image size-full\"><img loading=\"lazy\" decoding=\"async\" width=\"1200\" height=\"1600\" src=\"https:\/\/www.haus-des-erinnerns-mainz.de\/wp-content\/uploads\/2024\/05\/Bild2.jpg\" alt=\"\" class=\"wp-image-7063\" srcset=\"https:\/\/www.haus-des-erinnerns-mainz.de\/wp-content\/uploads\/2024\/05\/Bild2.jpg 1200w, https:\/\/www.haus-des-erinnerns-mainz.de\/wp-content\/uploads\/2024\/05\/Bild2-225x300.jpg 225w, https:\/\/www.haus-des-erinnerns-mainz.de\/wp-content\/uploads\/2024\/05\/Bild2-768x1024.jpg 768w, https:\/\/www.haus-des-erinnerns-mainz.de\/wp-content\/uploads\/2024\/05\/Bild2-1152x1536.jpg 1152w, https:\/\/www.haus-des-erinnerns-mainz.de\/wp-content\/uploads\/2024\/05\/Bild2-113x150.jpg 113w\" sizes=\"auto, (max-width: 1200px) 100vw, 1200px\" \/><\/figure>\n","protected":false},"excerpt":{"rendered":"<p>Am 13. Mai haben wir nach einer Rede der Ministerpr\u00e4sidentin Malu Dreyer auf dem Gutenbergplatz den Staffelstab der Tour de Demokratie von den Mainzer Schwellk\u00f6pp \u00fcberreicht bekommen. Morgen, am 15. Mai 2024, reisen wir an das Jagdschloss Niederwald, um den Staffelstab weiterzugeben. Deshalb wird unser Haus geschlossen bleiben! Die Tour&#8230;<\/p>\n<p> <a class=\"continue-reading-link\" href=\"https:\/\/www.haus-des-erinnerns-mainz.de\/index.php\/2024\/05\/14\/am-15-mai-bleibt-das-haus-geschlossen\/\"><span>Weiterlesen<\/span><i class=\"crycon-right-dir\"><\/i><\/a> <\/p>\n","protected":false},"author":4,"featured_media":0,"comment_status":"closed","ping_status":"closed","sticky":false,"template":"","format":"standard","meta":{"episode_type":"audio","audio_file":"","podmotor_file_id":"","podmotor_episode_id":"","cover_image":"","cover_image_id":"","duration":"","filesize":"","filesize_raw":"","date_recorded":"","explicit":"","block":"","ngg_post_thumbnail":0,"_price":"","_stock":"","_tribe_ticket_header":"","_tribe_default_ticket_provider":"","_tribe_ticket_capacity":"0","_ticket_start_date":"","_ticket_end_date":"","_tribe_ticket_show_description":"","_tribe_ticket_show_not_going":false,"_tribe_ticket_use_global_stock":"","_tribe_ticket_global_stock_level":"","_global_stock_mode":"","_global_stock_cap":"","_tribe_rsvp_for_event":"","_tribe_ticket_going_count":"","_tribe_ticket_not_going_count":"","_tribe_tickets_list":"[]","_tribe_ticket_has_attendee_info_fields":false,"footnotes":""},"categories":[75,1],"tags":[],"series":[547],"class_list":["post-7062","post","type-post","status-publish","format-standard","hentry","category-aktuelles","category-allgemein","series-haus-des-erinnerns"],"episode_featured_image":false,"episode_player_image":"https:\/\/www.haus-des-erinnerns-mainz.de\/wp-content\/plugins\/seriously-simple-podcasting\/assets\/images\/no-album-art.png","download_link":"","player_link":"","audio_player":false,"episode_data":{"playerMode":"dark","subscribeUrls":[],"rssFeedUrl":"https:\/\/www.haus-des-erinnerns-mainz.de\/feed\/podcast\/haus-des-erinnerns","embedCode":"<blockquote class=\"wp-embedded-content\" data-secret=\"d1SXWoA2kR\"><a href=\"https:\/\/www.haus-des-erinnerns-mainz.de\/index.php\/2024\/05\/14\/am-15-mai-bleibt-das-haus-geschlossen\/\">Am 15. Mai bleibt das Haus geschlossen!<\/a><\/blockquote><iframe sandbox=\"allow-scripts\" security=\"restricted\" src=\"https:\/\/www.haus-des-erinnerns-mainz.de\/index.php\/2024\/05\/14\/am-15-mai-bleibt-das-haus-geschlossen\/embed\/#?secret=d1SXWoA2kR\" width=\"500\" height=\"350\" title=\"&#8222;Am 15. Mai bleibt das Haus geschlossen!&#8220; &#8211; Haus des Erinnerns\" data-secret=\"d1SXWoA2kR\" frameborder=\"0\" marginwidth=\"0\" marginheight=\"0\" scrolling=\"no\" class=\"wp-embedded-content\"><\/iframe><script type=\"text\/javascript\">\n\/* <![CDATA[ *\/\n\/*! This file is auto-generated *\/\n!function(d,l){\"use strict\";l.querySelector&&d.addEventListener&&\"undefined\"!=typeof URL&&(d.wp=d.wp||{},d.wp.receiveEmbedMessage||(d.wp.receiveEmbedMessage=function(e){var t=e.data;if((t||t.secret||t.message||t.value)&&!\/[^a-zA-Z0-9]\/.test(t.secret)){for(var s,r,n,a=l.querySelectorAll('iframe[data-secret=\"'+t.secret+'\"]'),o=l.querySelectorAll('blockquote[data-secret=\"'+t.secret+'\"]'),c=new RegExp(\"^https?:$\",\"i\"),i=0;i<o.length;i++)o[i].style.display=\"none\";for(i=0;i<a.length;i++)s=a[i],e.source===s.contentWindow&&(s.removeAttribute(\"style\"),\"height\"===t.message?(1e3<(r=parseInt(t.value,10))?r=1e3:~~r<200&&(r=200),s.height=r):\"link\"===t.message&&(r=new URL(s.getAttribute(\"src\")),n=new URL(t.value),c.test(n.protocol))&&n.host===r.host&&l.activeElement===s&&(d.top.location.href=t.value))}},d.addEventListener(\"message\",d.wp.receiveEmbedMessage,!1),l.addEventListener(\"DOMContentLoaded\",function(){for(var e,t,s=l.querySelectorAll(\"iframe.wp-embedded-content\"),r=0;r<s.length;r++)(t=(e=s[r]).getAttribute(\"data-secret\"))||(t=Math.random().toString(36).substring(2,12),e.src+=\"#?secret=\"+t,e.setAttribute(\"data-secret\",t)),e.contentWindow.postMessage({message:\"ready\",secret:t},\"*\")},!1)))}(window,document);\n\/* ]]> *\/\n<\/script>\n"},"_links":{"self":[{"href":"https:\/\/www.haus-des-erinnerns-mainz.de\/index.php\/wp-json\/wp\/v2\/posts\/7062","targetHints":{"allow":["GET"]}}],"collection":[{"href":"https:\/\/www.haus-des-erinnerns-mainz.de\/index.php\/wp-json\/wp\/v2\/posts"}],"about":[{"href":"https:\/\/www.haus-des-erinnerns-mainz.de\/index.php\/wp-json\/wp\/v2\/types\/post"}],"author":[{"embeddable":true,"href":"https:\/\/www.haus-des-erinnerns-mainz.de\/index.php\/wp-json\/wp\/v2\/users\/4"}],"replies":[{"embeddable":true,"href":"https:\/\/www.haus-des-erinnerns-mainz.de\/index.php\/wp-json\/wp\/v2\/comments?post=7062"}],"version-history":[{"count":2,"href":"https:\/\/www.haus-des-erinnerns-mainz.de\/index.php\/wp-json\/wp\/v2\/posts\/7062\/revisions"}],"predecessor-version":[{"id":7082,"href":"https:\/\/www.haus-des-erinnerns-mainz.de\/index.php\/wp-json\/wp\/v2\/posts\/7062\/revisions\/7082"}],"wp:attachment":[{"href":"https:\/\/www.haus-des-erinnerns-mainz.de\/index.php\/wp-json\/wp\/v2\/media?parent=7062"}],"wp:term":[{"taxonomy":"category","embeddable":true,"href":"https:\/\/www.haus-des-erinnerns-mainz.de\/index.php\/wp-json\/wp\/v2\/categories?post=7062"},{"taxonomy":"post_tag","embeddable":true,"href":"https:\/\/www.haus-des-erinnerns-mainz.de\/index.php\/wp-json\/wp\/v2\/tags?post=7062"},{"taxonomy":"series","embeddable":true,"href":"https:\/\/www.haus-des-erinnerns-mainz.de\/index.php\/wp-json\/wp\/v2\/series?post=7062"}],"curies":[{"name":"wp","href":"https:\/\/api.w.org\/{rel}","templated":true}]}}