{"id":6930,"date":"2024-03-28T11:11:41","date_gmt":"2024-03-28T10:11:41","guid":{"rendered":"https:\/\/www.haus-des-erinnerns-mainz.de\/?p=6930"},"modified":"2024-03-28T11:11:42","modified_gmt":"2024-03-28T10:11:42","slug":"programmkonferenz-des-bundesprogramms-demokratie-leben","status":"publish","type":"post","link":"https:\/\/www.haus-des-erinnerns-mainz.de\/index.php\/2024\/03\/28\/programmkonferenz-des-bundesprogramms-demokratie-leben\/","title":{"rendered":"Programmkonferenz des Bundesprogramms \u201eDemokratie leben!\u201c"},"content":{"rendered":"\n<p>Am 18. und 19. M\u00e4rz fand in Berlin eine Programmkonferenz des Bundesprogramms \u201eDemokratie leben!\u201c statt, zu der alle gef\u00f6rderten Initiativen und Partnerschaften f\u00fcr Demokratie eingeladen waren. So kamen rund 1.000 Teilnehmende aus den gef\u00f6rderten Projekten zusammen, um dort gemeinsam mit der Bundesministerin f\u00fcr Familie, Senioren, Frauen und Jugend, Lisa Paus, \u00fcber den Start der dritten F\u00f6rderperiode 2025 zu sprechen.<\/p>\n\n\n\n<p>In ihrer Ansprache dankte Lisa Paus den Anwesenden f\u00fcr ihren t\u00e4glichen Einsatz f\u00fcr die Demokratie und gegen Extremismus: \u201eDie j\u00fcngsten Ereignisse haben gezeigt, dass unsere Grundwerte durch Demokratiefeinde angegriffen werden. Gleichzeitig haben die Demonstrationen der letzten Monate verdeutlicht: Millionen treten f\u00fcr unsere Demokratie ein. Wir haben eine starke demokratische Zivilgesellschaft. Es sind die Menschen, die sich vor Ort engagieren, die unsere Demokratie tagt\u00e4glich gestalten und mit Leben f\u00fcllen. Sie tun dies zum Teil unter widrigen Umst\u00e4nden. Einige sind regelm\u00e4\u00dfig mit Widerst\u00e4nden bis hin zu Anfeindungen konfrontiert. Um unsere demokratischen Werte zu sch\u00fctzen und zu bewahren, unterst\u00fctzen wir die zivilgesellschaftlichen Akteurinnen und Akteure in unserem Land. Das Programm &#8218;Demokratie leben!&#8216; leistet dazu einen wichtigen Beitrag. Mit einem Demokratief\u00f6rdergesetz wollen wir die Zivilgesellschaft k\u00fcnftig noch besser unterst\u00fctzen: Denn das Gesetz schafft die gesetzliche Grundlage, um zivilgesellschaftliches Engagement langfristig und bedarfsgerecht zu f\u00f6rdern.\u201c<\/p>\n\n\n\n<p>Wir stecken nun gro\u00dfe Energie in die Vorbereitung der Antragstellung f\u00fcr die dritte F\u00f6rderperiode und hoffen, dass unser Haus des Erinnerns \u2013 f\u00fcr Demokratie und Akzeptanz\u201c auch zuk\u00fcnftig als Partnerschaft f\u00fcr Demokratie durch das Bundesprogramm \u201eDemokratie leben!\u201c gef\u00f6rdert werden kann.<\/p>\n\n\n\n<p><\/p>\n","protected":false},"excerpt":{"rendered":"<p>Am 18. und 19. M\u00e4rz fand in Berlin eine Programmkonferenz des Bundesprogramms \u201eDemokratie leben!\u201c statt, zu der alle gef\u00f6rderten Initiativen und Partnerschaften f\u00fcr Demokratie eingeladen waren. So kamen rund 1.000 Teilnehmende aus den gef\u00f6rderten Projekten zusammen, um dort gemeinsam mit der Bundesministerin f\u00fcr Familie, Senioren, Frauen und Jugend, Lisa Paus,&#8230;<\/p>\n<p> <a class=\"continue-reading-link\" href=\"https:\/\/www.haus-des-erinnerns-mainz.de\/index.php\/2024\/03\/28\/programmkonferenz-des-bundesprogramms-demokratie-leben\/\"><span>Weiterlesen<\/span><i class=\"crycon-right-dir\"><\/i><\/a> <\/p>\n","protected":false},"author":4,"featured_media":0,"comment_status":"closed","ping_status":"closed","sticky":false,"template":"","format":"standard","meta":{"episode_type":"audio","audio_file":"","podmotor_file_id":"","podmotor_episode_id":"","cover_image":"","cover_image_id":"","duration":"","filesize":"","filesize_raw":"","date_recorded":"","explicit":"","block":"","ngg_post_thumbnail":0,"_price":"","_stock":"","_tribe_ticket_header":"","_tribe_default_ticket_provider":"","_tribe_ticket_capacity":"0","_ticket_start_date":"","_ticket_end_date":"","_tribe_ticket_show_description":"","_tribe_ticket_show_not_going":false,"_tribe_ticket_use_global_stock":"","_tribe_ticket_global_stock_level":"","_global_stock_mode":"","_global_stock_cap":"","_tribe_rsvp_for_event":"","_tribe_ticket_going_count":"","_tribe_ticket_not_going_count":"","_tribe_tickets_list":"[]","_tribe_ticket_has_attendee_info_fields":false,"footnotes":""},"categories":[75],"tags":[564,565,566,549],"series":[547],"class_list":["post-6930","post","type-post","status-publish","format-standard","hentry","category-aktuelles","tag-demokratie-leben","tag-foerderung","tag-konferenz","tag-zukunft","series-haus-des-erinnerns"],"episode_featured_image":false,"episode_player_image":"https:\/\/www.haus-des-erinnerns-mainz.de\/wp-content\/plugins\/seriously-simple-podcasting\/assets\/images\/no-album-art.png","download_link":"","player_link":"","audio_player":false,"episode_data":{"playerMode":"dark","subscribeUrls":[],"rssFeedUrl":"https:\/\/www.haus-des-erinnerns-mainz.de\/feed\/podcast\/haus-des-erinnerns","embedCode":"<blockquote class=\"wp-embedded-content\" data-secret=\"yauHardJrX\"><a href=\"https:\/\/www.haus-des-erinnerns-mainz.de\/index.php\/2024\/03\/28\/programmkonferenz-des-bundesprogramms-demokratie-leben\/\">Programmkonferenz des Bundesprogramms \u201eDemokratie leben!\u201c<\/a><\/blockquote><iframe sandbox=\"allow-scripts\" security=\"restricted\" src=\"https:\/\/www.haus-des-erinnerns-mainz.de\/index.php\/2024\/03\/28\/programmkonferenz-des-bundesprogramms-demokratie-leben\/embed\/#?secret=yauHardJrX\" width=\"500\" height=\"350\" title=\"&#8222;Programmkonferenz des Bundesprogramms \u201eDemokratie leben!\u201c&#8220; &#8211; Haus des Erinnerns\" data-secret=\"yauHardJrX\" frameborder=\"0\" marginwidth=\"0\" marginheight=\"0\" scrolling=\"no\" class=\"wp-embedded-content\"><\/iframe><script type=\"text\/javascript\">\n\/* <![CDATA[ *\/\n\/*! This file is auto-generated *\/\n!function(d,l){\"use strict\";l.querySelector&&d.addEventListener&&\"undefined\"!=typeof URL&&(d.wp=d.wp||{},d.wp.receiveEmbedMessage||(d.wp.receiveEmbedMessage=function(e){var t=e.data;if((t||t.secret||t.message||t.value)&&!\/[^a-zA-Z0-9]\/.test(t.secret)){for(var s,r,n,a=l.querySelectorAll('iframe[data-secret=\"'+t.secret+'\"]'),o=l.querySelectorAll('blockquote[data-secret=\"'+t.secret+'\"]'),c=new RegExp(\"^https?:$\",\"i\"),i=0;i<o.length;i++)o[i].style.display=\"none\";for(i=0;i<a.length;i++)s=a[i],e.source===s.contentWindow&&(s.removeAttribute(\"style\"),\"height\"===t.message?(1e3<(r=parseInt(t.value,10))?r=1e3:~~r<200&&(r=200),s.height=r):\"link\"===t.message&&(r=new URL(s.getAttribute(\"src\")),n=new URL(t.value),c.test(n.protocol))&&n.host===r.host&&l.activeElement===s&&(d.top.location.href=t.value))}},d.addEventListener(\"message\",d.wp.receiveEmbedMessage,!1),l.addEventListener(\"DOMContentLoaded\",function(){for(var e,t,s=l.querySelectorAll(\"iframe.wp-embedded-content\"),r=0;r<s.length;r++)(t=(e=s[r]).getAttribute(\"data-secret\"))||(t=Math.random().toString(36).substring(2,12),e.src+=\"#?secret=\"+t,e.setAttribute(\"data-secret\",t)),e.contentWindow.postMessage({message:\"ready\",secret:t},\"*\")},!1)))}(window,document);\n\/* ]]> *\/\n<\/script>\n"},"_links":{"self":[{"href":"https:\/\/www.haus-des-erinnerns-mainz.de\/index.php\/wp-json\/wp\/v2\/posts\/6930","targetHints":{"allow":["GET"]}}],"collection":[{"href":"https:\/\/www.haus-des-erinnerns-mainz.de\/index.php\/wp-json\/wp\/v2\/posts"}],"about":[{"href":"https:\/\/www.haus-des-erinnerns-mainz.de\/index.php\/wp-json\/wp\/v2\/types\/post"}],"author":[{"embeddable":true,"href":"https:\/\/www.haus-des-erinnerns-mainz.de\/index.php\/wp-json\/wp\/v2\/users\/4"}],"replies":[{"embeddable":true,"href":"https:\/\/www.haus-des-erinnerns-mainz.de\/index.php\/wp-json\/wp\/v2\/comments?post=6930"}],"version-history":[{"count":1,"href":"https:\/\/www.haus-des-erinnerns-mainz.de\/index.php\/wp-json\/wp\/v2\/posts\/6930\/revisions"}],"predecessor-version":[{"id":6931,"href":"https:\/\/www.haus-des-erinnerns-mainz.de\/index.php\/wp-json\/wp\/v2\/posts\/6930\/revisions\/6931"}],"wp:attachment":[{"href":"https:\/\/www.haus-des-erinnerns-mainz.de\/index.php\/wp-json\/wp\/v2\/media?parent=6930"}],"wp:term":[{"taxonomy":"category","embeddable":true,"href":"https:\/\/www.haus-des-erinnerns-mainz.de\/index.php\/wp-json\/wp\/v2\/categories?post=6930"},{"taxonomy":"post_tag","embeddable":true,"href":"https:\/\/www.haus-des-erinnerns-mainz.de\/index.php\/wp-json\/wp\/v2\/tags?post=6930"},{"taxonomy":"series","embeddable":true,"href":"https:\/\/www.haus-des-erinnerns-mainz.de\/index.php\/wp-json\/wp\/v2\/series?post=6930"}],"curies":[{"name":"wp","href":"https:\/\/api.w.org\/{rel}","templated":true}]}}