{"id":6854,"date":"2024-03-01T14:10:37","date_gmt":"2024-03-01T13:10:37","guid":{"rendered":"https:\/\/www.haus-des-erinnerns-mainz.de\/?p=6854"},"modified":"2024-03-01T14:11:20","modified_gmt":"2024-03-01T13:11:20","slug":"pressemitteilung-des-stiftungsvorstandes-zur-zukunft-des-hde","status":"publish","type":"post","link":"https:\/\/www.haus-des-erinnerns-mainz.de\/index.php\/2024\/03\/01\/pressemitteilung-des-stiftungsvorstandes-zur-zukunft-des-hde\/","title":{"rendered":"Pressemitteilung des Stiftungsvorstandes zur Standortfrage des HdE"},"content":{"rendered":"\n<p><strong>Vorstand der Stiftung \u201eHaus des Erinnerns \u2013 f\u00fcr Demokratie und Akzeptanz Mainz\u201c begr\u00fc\u00dft die Option einer vor\u00fcbergehenden oder auch langfristigen Unterbringung in sanierter Neutorschule<\/strong><\/p>\n\n\n\n<p class=\"has-text-align-left\"><strong>23.02.2024<\/strong><\/p>\n\n\n\n<p>In der vergangenen Woche gab es in der lokalen Presse unterschiedliche Berichte \u00fcber die Pl\u00e4ne, das Haus des Erinnerns \u2013 f\u00fcr Demokratie und Akzeptanz langfristig in der Neutorschule unterzubringen. Der Vorstand der Stiftung Haus des Erinnerns \u2013 f\u00fcr Demokratie und Akzeptanz begr\u00fc\u00dft diesen Vorschlag als eine m\u00f6gliche Option und kann sich sehr gut vorstellen, zusammen mit den anderen angedachten Nutzungen dort eine dauerhafte Heimstatt zu finden, wenn ein professioneller Seminarbetrieb gew\u00e4hrleistet und ein gro\u00dfer Veranstaltungsraum zur Verf\u00fcgung gestellt werden kann. Zus\u00e4tzlich muss die Sichtbarkeit unserer Einrichtung gegeben sein und die Pr\u00e4sentation einer Dauerausstellung sowie thematisch wechselnder Ausstellungen erm\u00f6glicht werden.<\/p>\n\n\n\n<p>Der Stiftungsvorstand und die Leitung des Hauses des Erinnerns \u2013 f\u00fcr Demokratie und Akzeptanz stehen seit langem in einem engen und sehr guten Austausch mit dem Dezernat f\u00fcr Bauen, Denkmalpflege und Kultur, insbesondere auch im Hinblick auf die r\u00e4umliche Zukunft des Hauses. Das Dezernat hatte der Stiftung diesen L\u00f6sungsvorschlag f\u00fcr die Standortfrage sowie die dazugeh\u00f6rigen verwaltungsinternen Pr\u00fcfungen vorgestellt.<\/p>\n\n\n\n<p>Die Unterbringung des Hauses des Erinnerns \u2013 f\u00fcr Demokratie und Akzeptanz in der dann neu sanierten Neutorschule erschien dabei als r\u00e4umlich und strukturell potenziell sinnvolle und zukunftsf\u00e4hige L\u00f6sung. Es gab dazu auch bereits vor l\u00e4ngerer Zeit eine Begehung vor Ort in der Neutorschule mit Mitgliedern des Stiftungsvorstandes, die auch gezeigt hat, dass der Raumbedarf f\u00fcr einen laufenden Seminarbetrieb abgebildet werden kann. Der Vorstand bef\u00fcrwortet die weitere Verfolgung dieser Planungen, wie der Vorsitzende der Stiftung Hans Berkessel im Kulturausschuss und in Interviews mit der lokalen Presse zuletzt deutlich gemacht hat.<\/p>\n\n\n\n<p>Der gro\u00dfe Vorteil der Liegenschaft Neutorschule ist die M\u00f6glichkeit einer Kooperation u. a. mit dem LEIZA, die z. B. in der gemeinsamen Nutzung eines gro\u00dfen Veranstaltungsraumes bestehen kann: \u201eWir freuen uns \u00fcber das gro\u00dfe Interesse der Presse und die Unterst\u00fctzung der Stadtgesellschaft f\u00fcr unsere T\u00e4tigkeiten sowie die starke Positionierung der Kommunalpolitik. Insbesondere begr\u00fc\u00dfen wir, dass sich der Stadtrat in einem fraktions\u00fcbergreifenden Beschluss aller demokratischen Parteien f\u00fcr die r\u00e4umliche und finanzielle Sicherung und den Ausbau der vielf\u00e4ltigen Aktivit\u00e4ten des Hauses des Erinnerns \u2013 f\u00fcr Demokratie und Akzeptanz einsetzen will. Dies ist ein ebenso starkes und wichtiges Bekenntnis zur Demokratiearbeit. In all diesen Fragen und Strukturen stand die Landeshauptstadt Mainz von Beginn an l\u00f6sungsorientiert an unserer Seite\u201c, so Hans Berkessel.<\/p>\n\n\n\n<p>Die Geb\u00e4udewirtschaft Mainz ist zust\u00e4ndig f\u00fcr die baulichen Ma\u00dfnahmen an der Neutorschule. Obwohl die R\u00fcck\u00fcbertragung der Liegenschaft aus dem Besitz des Landes an die Stadt noch nicht abschlie\u00dfend vollzogen ist, hat die Geb\u00e4udewirtschaft fr\u00fchzeitig die Weichen f\u00fcr das Projekt gestellt. Es wurde dazu bereits ein VgV-Verfahren zur Findung des Planungsteams eingel\u00e4utet und die damit verbundene europaweite Ausschreibung ist gestartet. Die zust\u00e4ndigen st\u00e4dtischen Gremien beraten im aktuellen Sitzungslauf bereits \u00fcber das Projekt. Sobald das Planungsteam feststeht, wird das Haus des Erinnerns \u2013 f\u00fcr Demokratie und Akzeptanz als k\u00fcnftige Nutzerin in die Planungen detailliert einbezogen, um alles bedarfsgerecht und bestm\u00f6glich f\u00fcr die Aktivit\u00e4ten der Stiftung planen zu k\u00f6nnen.<\/p>\n\n\n\n<p>Fest steht derzeit, dass neben dem Haus des Erinnerns \u2013 f\u00fcr Demokratie und Akzeptanz in der Liegenschaft eine Kita untergebracht wird (im EG), sowie R\u00e4ume f\u00fcr das derzeit schon dort bestehende Schulmuseum und den ebenfalls bereits dort befindlichen Musik-Verein \u201eDie Bauern\u201c. Eine Machbarkeitsstudie der Geb\u00e4udewirtschaft von M\u00e4rz 2023 hat gezeigt, dass diese Nutzungen sich r\u00e4umlich an diesem Standort vereinbaren lassen.<\/p>\n\n\n\n<p>Alle noch offenen Fragen werden derzeit von den zust\u00e4ndigen Stellen mit hoher Priorit\u00e4t gekl\u00e4rt. Gleichzeitig l\u00e4uft ein ebenso intensiver Findungsprozess f\u00fcr eine Interimsl\u00f6sung. Ganz unabh\u00e4ngig davon hat sich die Verwaltung daf\u00fcr eingesetzt, dass das Haus des Erinnerns \u2013 f\u00fcr Demokratie und Akzeptanz m\u00f6glichst lange im Allianzhaus verbleiben kann, bis gekl\u00e4rt ist, was mit dem Geb\u00e4ude passiert.<\/p>\n","protected":false},"excerpt":{"rendered":"<p>Vorstand der Stiftung \u201eHaus des Erinnerns \u2013 f\u00fcr Demokratie und Akzeptanz Mainz\u201c begr\u00fc\u00dft die Option einer vor\u00fcbergehenden oder auch langfristigen Unterbringung in sanierter Neutorschule 23.02.2024 In der vergangenen Woche gab es in der lokalen Presse unterschiedliche Berichte \u00fcber die Pl\u00e4ne, das Haus des Erinnerns \u2013 f\u00fcr Demokratie und Akzeptanz langfristig&#8230;<\/p>\n<p> <a class=\"continue-reading-link\" href=\"https:\/\/www.haus-des-erinnerns-mainz.de\/index.php\/2024\/03\/01\/pressemitteilung-des-stiftungsvorstandes-zur-zukunft-des-hde\/\"><span>Weiterlesen<\/span><i class=\"crycon-right-dir\"><\/i><\/a> <\/p>\n","protected":false},"author":4,"featured_media":0,"comment_status":"closed","ping_status":"closed","sticky":false,"template":"","format":"standard","meta":{"episode_type":"audio","audio_file":"","podmotor_file_id":"","podmotor_episode_id":"","cover_image":"","cover_image_id":"","duration":"","filesize":"","filesize_raw":"","date_recorded":"","explicit":"","block":"","ngg_post_thumbnail":0,"_price":"","_stock":"","_tribe_ticket_header":"","_tribe_default_ticket_provider":"","_tribe_ticket_capacity":"0","_ticket_start_date":"","_ticket_end_date":"","_tribe_ticket_show_description":"","_tribe_ticket_show_not_going":false,"_tribe_ticket_use_global_stock":"","_tribe_ticket_global_stock_level":"","_global_stock_mode":"","_global_stock_cap":"","_tribe_rsvp_for_event":"","_tribe_ticket_going_count":"","_tribe_ticket_not_going_count":"","_tribe_tickets_list":"[]","_tribe_ticket_has_attendee_info_fields":false,"footnotes":""},"categories":[75,1],"tags":[550,553,551,552,548,549],"series":[547],"class_list":["post-6854","post","type-post","status-publish","format-standard","hentry","category-aktuelles","category-allgemein","tag-neutorschule","tag-optionen","tag-planung","tag-sicherheit","tag-standort-hde","tag-zukunft","series-haus-des-erinnerns"],"episode_featured_image":false,"episode_player_image":"https:\/\/www.haus-des-erinnerns-mainz.de\/wp-content\/plugins\/seriously-simple-podcasting\/assets\/images\/no-album-art.png","download_link":"","player_link":"","audio_player":false,"episode_data":{"playerMode":"dark","subscribeUrls":[],"rssFeedUrl":"https:\/\/www.haus-des-erinnerns-mainz.de\/feed\/podcast\/haus-des-erinnerns","embedCode":"<blockquote class=\"wp-embedded-content\" data-secret=\"EU74zTx9oA\"><a href=\"https:\/\/www.haus-des-erinnerns-mainz.de\/index.php\/2024\/03\/01\/pressemitteilung-des-stiftungsvorstandes-zur-zukunft-des-hde\/\">Pressemitteilung des Stiftungsvorstandes zur Standortfrage des HdE<\/a><\/blockquote><iframe sandbox=\"allow-scripts\" security=\"restricted\" src=\"https:\/\/www.haus-des-erinnerns-mainz.de\/index.php\/2024\/03\/01\/pressemitteilung-des-stiftungsvorstandes-zur-zukunft-des-hde\/embed\/#?secret=EU74zTx9oA\" width=\"500\" height=\"350\" title=\"&#8222;Pressemitteilung des Stiftungsvorstandes zur Standortfrage des HdE&#8220; &#8211; Haus des Erinnerns\" data-secret=\"EU74zTx9oA\" frameborder=\"0\" marginwidth=\"0\" marginheight=\"0\" scrolling=\"no\" class=\"wp-embedded-content\"><\/iframe><script type=\"text\/javascript\">\n\/* <![CDATA[ *\/\n\/*! This file is auto-generated *\/\n!function(d,l){\"use strict\";l.querySelector&&d.addEventListener&&\"undefined\"!=typeof URL&&(d.wp=d.wp||{},d.wp.receiveEmbedMessage||(d.wp.receiveEmbedMessage=function(e){var t=e.data;if((t||t.secret||t.message||t.value)&&!\/[^a-zA-Z0-9]\/.test(t.secret)){for(var s,r,n,a=l.querySelectorAll('iframe[data-secret=\"'+t.secret+'\"]'),o=l.querySelectorAll('blockquote[data-secret=\"'+t.secret+'\"]'),c=new RegExp(\"^https?:$\",\"i\"),i=0;i<o.length;i++)o[i].style.display=\"none\";for(i=0;i<a.length;i++)s=a[i],e.source===s.contentWindow&&(s.removeAttribute(\"style\"),\"height\"===t.message?(1e3<(r=parseInt(t.value,10))?r=1e3:~~r<200&&(r=200),s.height=r):\"link\"===t.message&&(r=new URL(s.getAttribute(\"src\")),n=new URL(t.value),c.test(n.protocol))&&n.host===r.host&&l.activeElement===s&&(d.top.location.href=t.value))}},d.addEventListener(\"message\",d.wp.receiveEmbedMessage,!1),l.addEventListener(\"DOMContentLoaded\",function(){for(var e,t,s=l.querySelectorAll(\"iframe.wp-embedded-content\"),r=0;r<s.length;r++)(t=(e=s[r]).getAttribute(\"data-secret\"))||(t=Math.random().toString(36).substring(2,12),e.src+=\"#?secret=\"+t,e.setAttribute(\"data-secret\",t)),e.contentWindow.postMessage({message:\"ready\",secret:t},\"*\")},!1)))}(window,document);\n\/* ]]> *\/\n<\/script>\n"},"_links":{"self":[{"href":"https:\/\/www.haus-des-erinnerns-mainz.de\/index.php\/wp-json\/wp\/v2\/posts\/6854","targetHints":{"allow":["GET"]}}],"collection":[{"href":"https:\/\/www.haus-des-erinnerns-mainz.de\/index.php\/wp-json\/wp\/v2\/posts"}],"about":[{"href":"https:\/\/www.haus-des-erinnerns-mainz.de\/index.php\/wp-json\/wp\/v2\/types\/post"}],"author":[{"embeddable":true,"href":"https:\/\/www.haus-des-erinnerns-mainz.de\/index.php\/wp-json\/wp\/v2\/users\/4"}],"replies":[{"embeddable":true,"href":"https:\/\/www.haus-des-erinnerns-mainz.de\/index.php\/wp-json\/wp\/v2\/comments?post=6854"}],"version-history":[{"count":3,"href":"https:\/\/www.haus-des-erinnerns-mainz.de\/index.php\/wp-json\/wp\/v2\/posts\/6854\/revisions"}],"predecessor-version":[{"id":6858,"href":"https:\/\/www.haus-des-erinnerns-mainz.de\/index.php\/wp-json\/wp\/v2\/posts\/6854\/revisions\/6858"}],"wp:attachment":[{"href":"https:\/\/www.haus-des-erinnerns-mainz.de\/index.php\/wp-json\/wp\/v2\/media?parent=6854"}],"wp:term":[{"taxonomy":"category","embeddable":true,"href":"https:\/\/www.haus-des-erinnerns-mainz.de\/index.php\/wp-json\/wp\/v2\/categories?post=6854"},{"taxonomy":"post_tag","embeddable":true,"href":"https:\/\/www.haus-des-erinnerns-mainz.de\/index.php\/wp-json\/wp\/v2\/tags?post=6854"},{"taxonomy":"series","embeddable":true,"href":"https:\/\/www.haus-des-erinnerns-mainz.de\/index.php\/wp-json\/wp\/v2\/series?post=6854"}],"curies":[{"name":"wp","href":"https:\/\/api.w.org\/{rel}","templated":true}]}}