{"id":6837,"date":"2024-02-20T12:59:40","date_gmt":"2024-02-20T11:59:40","guid":{"rendered":"https:\/\/www.haus-des-erinnerns-mainz.de\/?p=6837"},"modified":"2024-02-20T13:20:37","modified_gmt":"2024-02-20T12:20:37","slug":"im-gedenken-an-alexej-nawalny","status":"publish","type":"post","link":"https:\/\/www.haus-des-erinnerns-mainz.de\/index.php\/2024\/02\/20\/im-gedenken-an-alexej-nawalny\/","title":{"rendered":"Im Gedenken an Alexej Nawalny"},"content":{"rendered":"\n<br>\n\n\n\n<p>Die Nachricht \u00fcber den Tod von Alexej Anatoljewitsch Nawalny am 16. Februar 2024 l\u00f6ste weltweit Entsetzen aus. Der 1976 geborene russische Jurist, Antikorruptionsaktivist, Oppositionspolitiker und Dissident starb im Strafgefangenenlager in Charp.<\/p>\n\n\n\n<p>Nawalny gilt im Westen \u2013 so auch in Deutschland \u2013 als einer der wichtigsten Verfechter von Menschenrechten und Demokratie in Russland. Er war einer der bedeutendsten Gegner Wladimir Putins und als Kreml-Kritiker in oppositionellen Gruppen weithin anerkannt. Dies zeigt nicht alleine, dass der russische Pr\u00e4sident den Namen Nawalnys bei \u00f6ffentlichen Reden nie aussprach. Alexej Nawalny wurde aufgrund seines Einsatzes f\u00fcr die Demokratie politisch verfolgt. 2020 konnte er einen Giftanschlag mit dem chemischen Kampfstoff Nowitschok knapp \u00fcberleben. Nachdem er in der Berliner Charit\u00e9 medizinisch betreut worden war, reiste er im Januar 2021 zur\u00fcck nach Russland \u2013 wohlwissend, dass ihm dort eine Verhaftung bevorstand. Noch am Flughafen von Moskau wurde er von russischen Sicherheitsbeamten verhaftet. In mehreren Gerichtsprozessen wurde Alexej Nawalny letztlich zu neun Jahren Haft verurteilt. Nun soll er russischen Medien zufolge in einem nordrussischen Straflager im Alter von 47 Jahren verstorben sein. Seine Leiche wurde zu einer gerichtsmedizinischen Untersuchung nicht frei gegeben und auch der Familie bisher verweigert.<\/p>\n\n\n\n<p>In Erinnerung bleibt Alexej Nawalny als einer der bedeutendsten und charismatischsten Anf\u00fchrer der russischen Opposition. Er setzte sich mit Mut, Offenheit und Furchtlosigkeit f\u00fcr seine \u00dcberzeugungen, f\u00fcr die Achtung von Menschenrechten und f\u00fcr die Demokratie ein.<\/p>\n\n\n\n<blockquote class=\"wp-block-quote is-layout-flow wp-block-quote-is-layout-flow\">\n<p><br>\u201eWenn sie [Putin und seine Anh\u00e4nger*innen] sich dazu entschieden haben, mich zu t\u00f6ten, hei\u00dft das, dass wir unglaublich stark sind. Denkt daran, dass wir eine gro\u00dfe Kraft besitzen, die von diesen B\u00f6sewichten unterdr\u00fcckt wird. F\u00fcr den Triumph des B\u00f6sen braucht es nichts weiter, als dass die Guten unt\u00e4tig bleiben. Also bleibt aktiv!\u201c,<\/p>\n<cite>so Alexej Nawalny in einer Botschaft an die russische Bev\u00f6lkerung f\u00fcr den Fall seiner Ermordung.<\/cite><\/blockquote>\n\n\n\n<br>\n\n\n\n<p>Nach dem Tod ihres Mannes rief Julija Nawalnaja am 16. Februar 2024 auf der 60. M\u00fcnchner Sicherheitskonferenz unter anderem dazu auf, Putin zur Rechenschaft zu ziehen. Er und seine Verb\u00fcndeten sollten \u201ebestraft werden f\u00fcr das, was sie unserem Land, meiner Familie und meinem Mann angetan haben\u201c und \u201eWir sollten heute gegen dieses schreckliche Regime in Russland k\u00e4mpfen.\u201c Putin m\u00fcsse \u201epers\u00f6nlich f\u00fcr alle Gr\u00e4ueltaten zur Rechenschaft gezogen werden.\u201c<\/p>\n\n\n\n<p>Wir gedenken Alexej Nawalny, sind in Gedanken bei seiner Familie und wollen seine Botschaft mit unseren M\u00f6glichkeiten weiterhin in die Tat umsetzen: Aktiv bleiben im Einsatz f\u00fcr die Demokratie!<\/p>\n","protected":false},"excerpt":{"rendered":"<p>Die Nachricht \u00fcber den Tod von Alexej Anatoljewitsch Nawalny am 16. Februar 2024 l\u00f6ste weltweit Entsetzen aus. Der 1976 geborene russische Jurist, Antikorruptionsaktivist, Oppositionspolitiker und Dissident starb im Strafgefangenenlager in Charp. Nawalny gilt im Westen \u2013 so auch in Deutschland \u2013 als einer der wichtigsten Verfechter von Menschenrechten und Demokratie&#8230;<\/p>\n<p> <a class=\"continue-reading-link\" href=\"https:\/\/www.haus-des-erinnerns-mainz.de\/index.php\/2024\/02\/20\/im-gedenken-an-alexej-nawalny\/\"><span>Weiterlesen<\/span><i class=\"crycon-right-dir\"><\/i><\/a> <\/p>\n","protected":false},"author":4,"featured_media":0,"comment_status":"closed","ping_status":"closed","sticky":false,"template":"","format":"standard","meta":{"episode_type":"audio","audio_file":"","podmotor_file_id":"","podmotor_episode_id":"","cover_image":"","cover_image_id":"","duration":"","filesize":"","filesize_raw":"","date_recorded":"","explicit":"","block":"","ngg_post_thumbnail":0,"_price":"","_stock":"","_tribe_ticket_header":"","_tribe_default_ticket_provider":"","_tribe_ticket_capacity":"0","_ticket_start_date":"","_ticket_end_date":"","_tribe_ticket_show_description":"","_tribe_ticket_show_not_going":false,"_tribe_ticket_use_global_stock":"","_tribe_ticket_global_stock_level":"","_global_stock_mode":"","_global_stock_cap":"","_tribe_rsvp_for_event":"","_tribe_ticket_going_count":"","_tribe_ticket_not_going_count":"","_tribe_tickets_list":"[]","_tribe_ticket_has_attendee_info_fields":false,"footnotes":""},"categories":[75,1],"tags":[],"series":[547],"class_list":["post-6837","post","type-post","status-publish","format-standard","hentry","category-aktuelles","category-allgemein","series-haus-des-erinnerns"],"episode_featured_image":false,"episode_player_image":"https:\/\/www.haus-des-erinnerns-mainz.de\/wp-content\/plugins\/seriously-simple-podcasting\/assets\/images\/no-album-art.png","download_link":"","player_link":"","audio_player":false,"episode_data":{"playerMode":"dark","subscribeUrls":[],"rssFeedUrl":"https:\/\/www.haus-des-erinnerns-mainz.de\/feed\/podcast\/haus-des-erinnerns","embedCode":"<blockquote class=\"wp-embedded-content\" data-secret=\"VbcvY9lzik\"><a href=\"https:\/\/www.haus-des-erinnerns-mainz.de\/index.php\/2024\/02\/20\/im-gedenken-an-alexej-nawalny\/\">Im Gedenken an Alexej Nawalny<\/a><\/blockquote><iframe sandbox=\"allow-scripts\" security=\"restricted\" src=\"https:\/\/www.haus-des-erinnerns-mainz.de\/index.php\/2024\/02\/20\/im-gedenken-an-alexej-nawalny\/embed\/#?secret=VbcvY9lzik\" width=\"500\" height=\"350\" title=\"&#8222;Im Gedenken an Alexej Nawalny&#8220; &#8211; Haus des Erinnerns\" data-secret=\"VbcvY9lzik\" frameborder=\"0\" marginwidth=\"0\" marginheight=\"0\" scrolling=\"no\" class=\"wp-embedded-content\"><\/iframe><script type=\"text\/javascript\">\n\/* <![CDATA[ *\/\n\/*! This file is auto-generated *\/\n!function(d,l){\"use strict\";l.querySelector&&d.addEventListener&&\"undefined\"!=typeof URL&&(d.wp=d.wp||{},d.wp.receiveEmbedMessage||(d.wp.receiveEmbedMessage=function(e){var t=e.data;if((t||t.secret||t.message||t.value)&&!\/[^a-zA-Z0-9]\/.test(t.secret)){for(var s,r,n,a=l.querySelectorAll('iframe[data-secret=\"'+t.secret+'\"]'),o=l.querySelectorAll('blockquote[data-secret=\"'+t.secret+'\"]'),c=new RegExp(\"^https?:$\",\"i\"),i=0;i<o.length;i++)o[i].style.display=\"none\";for(i=0;i<a.length;i++)s=a[i],e.source===s.contentWindow&&(s.removeAttribute(\"style\"),\"height\"===t.message?(1e3<(r=parseInt(t.value,10))?r=1e3:~~r<200&&(r=200),s.height=r):\"link\"===t.message&&(r=new URL(s.getAttribute(\"src\")),n=new URL(t.value),c.test(n.protocol))&&n.host===r.host&&l.activeElement===s&&(d.top.location.href=t.value))}},d.addEventListener(\"message\",d.wp.receiveEmbedMessage,!1),l.addEventListener(\"DOMContentLoaded\",function(){for(var e,t,s=l.querySelectorAll(\"iframe.wp-embedded-content\"),r=0;r<s.length;r++)(t=(e=s[r]).getAttribute(\"data-secret\"))||(t=Math.random().toString(36).substring(2,12),e.src+=\"#?secret=\"+t,e.setAttribute(\"data-secret\",t)),e.contentWindow.postMessage({message:\"ready\",secret:t},\"*\")},!1)))}(window,document);\n\/* ]]> *\/\n<\/script>\n"},"_links":{"self":[{"href":"https:\/\/www.haus-des-erinnerns-mainz.de\/index.php\/wp-json\/wp\/v2\/posts\/6837","targetHints":{"allow":["GET"]}}],"collection":[{"href":"https:\/\/www.haus-des-erinnerns-mainz.de\/index.php\/wp-json\/wp\/v2\/posts"}],"about":[{"href":"https:\/\/www.haus-des-erinnerns-mainz.de\/index.php\/wp-json\/wp\/v2\/types\/post"}],"author":[{"embeddable":true,"href":"https:\/\/www.haus-des-erinnerns-mainz.de\/index.php\/wp-json\/wp\/v2\/users\/4"}],"replies":[{"embeddable":true,"href":"https:\/\/www.haus-des-erinnerns-mainz.de\/index.php\/wp-json\/wp\/v2\/comments?post=6837"}],"version-history":[{"count":5,"href":"https:\/\/www.haus-des-erinnerns-mainz.de\/index.php\/wp-json\/wp\/v2\/posts\/6837\/revisions"}],"predecessor-version":[{"id":6842,"href":"https:\/\/www.haus-des-erinnerns-mainz.de\/index.php\/wp-json\/wp\/v2\/posts\/6837\/revisions\/6842"}],"wp:attachment":[{"href":"https:\/\/www.haus-des-erinnerns-mainz.de\/index.php\/wp-json\/wp\/v2\/media?parent=6837"}],"wp:term":[{"taxonomy":"category","embeddable":true,"href":"https:\/\/www.haus-des-erinnerns-mainz.de\/index.php\/wp-json\/wp\/v2\/categories?post=6837"},{"taxonomy":"post_tag","embeddable":true,"href":"https:\/\/www.haus-des-erinnerns-mainz.de\/index.php\/wp-json\/wp\/v2\/tags?post=6837"},{"taxonomy":"series","embeddable":true,"href":"https:\/\/www.haus-des-erinnerns-mainz.de\/index.php\/wp-json\/wp\/v2\/series?post=6837"}],"curies":[{"name":"wp","href":"https:\/\/api.w.org\/{rel}","templated":true}]}}