{"id":6500,"date":"2023-12-20T10:06:47","date_gmt":"2023-12-20T09:06:47","guid":{"rendered":"https:\/\/www.haus-des-erinnerns-mainz.de\/?p=6500"},"modified":"2023-12-20T10:06:48","modified_gmt":"2023-12-20T09:06:48","slug":"winterpause-im-haus-des-erinnerns-fuer-demokratie-und-akzeptanz","status":"publish","type":"post","link":"https:\/\/www.haus-des-erinnerns-mainz.de\/index.php\/2023\/12\/20\/winterpause-im-haus-des-erinnerns-fuer-demokratie-und-akzeptanz\/","title":{"rendered":"Winterpause im Haus des Erinnerns \u2013 f\u00fcr Demokratie und Akzeptanz"},"content":{"rendered":"\n<figure class=\"wp-block-image size-full\"><img loading=\"lazy\" decoding=\"async\" width=\"1080\" height=\"1080\" src=\"https:\/\/www.haus-des-erinnerns-mainz.de\/wp-content\/uploads\/2023\/12\/Jahresabschluss_2023-2.png\" alt=\"\" class=\"wp-image-6501\" srcset=\"https:\/\/www.haus-des-erinnerns-mainz.de\/wp-content\/uploads\/2023\/12\/Jahresabschluss_2023-2.png 1080w, https:\/\/www.haus-des-erinnerns-mainz.de\/wp-content\/uploads\/2023\/12\/Jahresabschluss_2023-2-300x300.png 300w, https:\/\/www.haus-des-erinnerns-mainz.de\/wp-content\/uploads\/2023\/12\/Jahresabschluss_2023-2-150x150.png 150w, https:\/\/www.haus-des-erinnerns-mainz.de\/wp-content\/uploads\/2023\/12\/Jahresabschluss_2023-2-768x768.png 768w\" sizes=\"auto, (max-width: 1080px) 100vw, 1080px\" \/><\/figure>\n\n\n\n<br>\n\n\n\n<p>Nach einem spannenden und erfolgreichen Jahr verabschiedet sich das Team des Hauses des Erinnerns \u2013 f\u00fcr Demokratie und Akzeptanz in die Winterpause. Vom 20. Dezember 2023 bis zum 7. Januar 2024 bleibt unser Haus geschlossen. Wir w\u00fcnschen sch\u00f6ne Festtage und einen guten Start in ein hoffentlich gesundes, friedliches und erf\u00fclltes neues Jahr!<\/p>\n\n\n\n<p><strong>Ab dem 8. Januar 2024 \u00f6ffnen wir das Haus des Erinnerns \u2013 f\u00fcr Demokratie und Akzeptanz mit neuen \u00d6ffnungszeiten!<\/strong><br>Montag bis Mittwoch: 10\u201313 und 14\u201316 Uhr<br>Donnerstag: 10\u201313 und 14\u201318 Uhr<br>Freitag: geschlossen<br>sowie nach Vereinbarung<\/p>\n\n\n\n<br>\n\n\n\n<figure class=\"wp-block-image size-full\"><img loading=\"lazy\" decoding=\"async\" width=\"1080\" height=\"1080\" src=\"https:\/\/www.haus-des-erinnerns-mainz.de\/wp-content\/uploads\/2023\/12\/Jahresabschluss_2023-3.png\" alt=\"\" class=\"wp-image-6502\" srcset=\"https:\/\/www.haus-des-erinnerns-mainz.de\/wp-content\/uploads\/2023\/12\/Jahresabschluss_2023-3.png 1080w, https:\/\/www.haus-des-erinnerns-mainz.de\/wp-content\/uploads\/2023\/12\/Jahresabschluss_2023-3-300x300.png 300w, https:\/\/www.haus-des-erinnerns-mainz.de\/wp-content\/uploads\/2023\/12\/Jahresabschluss_2023-3-150x150.png 150w, https:\/\/www.haus-des-erinnerns-mainz.de\/wp-content\/uploads\/2023\/12\/Jahresabschluss_2023-3-768x768.png 768w\" sizes=\"auto, (max-width: 1080px) 100vw, 1080px\" \/><\/figure>\n","protected":false},"excerpt":{"rendered":"<p>Nach einem spannenden und erfolgreichen Jahr verabschiedet sich das Team des Hauses des Erinnerns \u2013 f\u00fcr Demokratie und Akzeptanz in die Winterpause. Vom 20. Dezember 2023 bis zum 7. Januar 2024 bleibt unser Haus geschlossen. Wir w\u00fcnschen sch\u00f6ne Festtage und einen guten Start in ein hoffentlich gesundes, friedliches und erf\u00fclltes&#8230;<\/p>\n<p> <a class=\"continue-reading-link\" href=\"https:\/\/www.haus-des-erinnerns-mainz.de\/index.php\/2023\/12\/20\/winterpause-im-haus-des-erinnerns-fuer-demokratie-und-akzeptanz\/\"><span>Weiterlesen<\/span><i class=\"crycon-right-dir\"><\/i><\/a> <\/p>\n","protected":false},"author":4,"featured_media":0,"comment_status":"closed","ping_status":"closed","sticky":false,"template":"","format":"standard","meta":{"episode_type":"audio","audio_file":"","podmotor_file_id":"","podmotor_episode_id":"","cover_image":"","cover_image_id":"","duration":"","filesize":"","filesize_raw":"","date_recorded":"","explicit":"","block":"","ngg_post_thumbnail":0,"_price":"","_stock":"","_tribe_ticket_header":"","_tribe_default_ticket_provider":"","_tribe_ticket_capacity":"0","_ticket_start_date":"","_ticket_end_date":"","_tribe_ticket_show_description":"","_tribe_ticket_show_not_going":false,"_tribe_ticket_use_global_stock":"","_tribe_ticket_global_stock_level":"","_global_stock_mode":"","_global_stock_cap":"","_tribe_rsvp_for_event":"","_tribe_ticket_going_count":"","_tribe_ticket_not_going_count":"","_tribe_tickets_list":"[]","_tribe_ticket_has_attendee_info_fields":false,"footnotes":""},"categories":[75,1],"tags":[522,143,521,520],"series":[547],"class_list":["post-6500","post","type-post","status-publish","format-standard","hentry","category-aktuelles","category-allgemein","tag-geschlossen","tag-oeffnungszeiten","tag-weihnachten","tag-winterpause","series-haus-des-erinnerns"],"episode_featured_image":false,"episode_player_image":"https:\/\/www.haus-des-erinnerns-mainz.de\/wp-content\/plugins\/seriously-simple-podcasting\/assets\/images\/no-album-art.png","download_link":"","player_link":"","audio_player":false,"episode_data":{"playerMode":"dark","subscribeUrls":[],"rssFeedUrl":"https:\/\/www.haus-des-erinnerns-mainz.de\/feed\/podcast\/haus-des-erinnerns","embedCode":"<blockquote class=\"wp-embedded-content\" data-secret=\"EwbSFZBLXb\"><a href=\"https:\/\/www.haus-des-erinnerns-mainz.de\/index.php\/2023\/12\/20\/winterpause-im-haus-des-erinnerns-fuer-demokratie-und-akzeptanz\/\">Winterpause im Haus des Erinnerns \u2013 f\u00fcr Demokratie und Akzeptanz<\/a><\/blockquote><iframe sandbox=\"allow-scripts\" security=\"restricted\" src=\"https:\/\/www.haus-des-erinnerns-mainz.de\/index.php\/2023\/12\/20\/winterpause-im-haus-des-erinnerns-fuer-demokratie-und-akzeptanz\/embed\/#?secret=EwbSFZBLXb\" width=\"500\" height=\"350\" title=\"&#8222;Winterpause im Haus des Erinnerns \u2013 f\u00fcr Demokratie und Akzeptanz&#8220; &#8211; Haus des Erinnerns\" data-secret=\"EwbSFZBLXb\" frameborder=\"0\" marginwidth=\"0\" marginheight=\"0\" scrolling=\"no\" class=\"wp-embedded-content\"><\/iframe><script type=\"text\/javascript\">\n\/* <![CDATA[ *\/\n\/*! This file is auto-generated *\/\n!function(d,l){\"use strict\";l.querySelector&&d.addEventListener&&\"undefined\"!=typeof URL&&(d.wp=d.wp||{},d.wp.receiveEmbedMessage||(d.wp.receiveEmbedMessage=function(e){var t=e.data;if((t||t.secret||t.message||t.value)&&!\/[^a-zA-Z0-9]\/.test(t.secret)){for(var s,r,n,a=l.querySelectorAll('iframe[data-secret=\"'+t.secret+'\"]'),o=l.querySelectorAll('blockquote[data-secret=\"'+t.secret+'\"]'),c=new RegExp(\"^https?:$\",\"i\"),i=0;i<o.length;i++)o[i].style.display=\"none\";for(i=0;i<a.length;i++)s=a[i],e.source===s.contentWindow&&(s.removeAttribute(\"style\"),\"height\"===t.message?(1e3<(r=parseInt(t.value,10))?r=1e3:~~r<200&&(r=200),s.height=r):\"link\"===t.message&&(r=new URL(s.getAttribute(\"src\")),n=new URL(t.value),c.test(n.protocol))&&n.host===r.host&&l.activeElement===s&&(d.top.location.href=t.value))}},d.addEventListener(\"message\",d.wp.receiveEmbedMessage,!1),l.addEventListener(\"DOMContentLoaded\",function(){for(var e,t,s=l.querySelectorAll(\"iframe.wp-embedded-content\"),r=0;r<s.length;r++)(t=(e=s[r]).getAttribute(\"data-secret\"))||(t=Math.random().toString(36).substring(2,12),e.src+=\"#?secret=\"+t,e.setAttribute(\"data-secret\",t)),e.contentWindow.postMessage({message:\"ready\",secret:t},\"*\")},!1)))}(window,document);\n\/* ]]> *\/\n<\/script>\n"},"_links":{"self":[{"href":"https:\/\/www.haus-des-erinnerns-mainz.de\/index.php\/wp-json\/wp\/v2\/posts\/6500","targetHints":{"allow":["GET"]}}],"collection":[{"href":"https:\/\/www.haus-des-erinnerns-mainz.de\/index.php\/wp-json\/wp\/v2\/posts"}],"about":[{"href":"https:\/\/www.haus-des-erinnerns-mainz.de\/index.php\/wp-json\/wp\/v2\/types\/post"}],"author":[{"embeddable":true,"href":"https:\/\/www.haus-des-erinnerns-mainz.de\/index.php\/wp-json\/wp\/v2\/users\/4"}],"replies":[{"embeddable":true,"href":"https:\/\/www.haus-des-erinnerns-mainz.de\/index.php\/wp-json\/wp\/v2\/comments?post=6500"}],"version-history":[{"count":2,"href":"https:\/\/www.haus-des-erinnerns-mainz.de\/index.php\/wp-json\/wp\/v2\/posts\/6500\/revisions"}],"predecessor-version":[{"id":6504,"href":"https:\/\/www.haus-des-erinnerns-mainz.de\/index.php\/wp-json\/wp\/v2\/posts\/6500\/revisions\/6504"}],"wp:attachment":[{"href":"https:\/\/www.haus-des-erinnerns-mainz.de\/index.php\/wp-json\/wp\/v2\/media?parent=6500"}],"wp:term":[{"taxonomy":"category","embeddable":true,"href":"https:\/\/www.haus-des-erinnerns-mainz.de\/index.php\/wp-json\/wp\/v2\/categories?post=6500"},{"taxonomy":"post_tag","embeddable":true,"href":"https:\/\/www.haus-des-erinnerns-mainz.de\/index.php\/wp-json\/wp\/v2\/tags?post=6500"},{"taxonomy":"series","embeddable":true,"href":"https:\/\/www.haus-des-erinnerns-mainz.de\/index.php\/wp-json\/wp\/v2\/series?post=6500"}],"curies":[{"name":"wp","href":"https:\/\/api.w.org\/{rel}","templated":true}]}}