{"id":6329,"date":"2023-09-30T18:01:52","date_gmt":"2023-09-30T16:01:52","guid":{"rendered":"https:\/\/www.haus-des-erinnerns-mainz.de\/?p=6329"},"modified":"2023-09-30T18:11:26","modified_gmt":"2023-09-30T16:11:26","slug":"nachbericht-ausstellungseroeffnung-mit-vortrag-es-lebe-die-freiheit-junge-menschen-gegen-den-nationalsozialismus-am-11-september","status":"publish","type":"post","link":"https:\/\/www.haus-des-erinnerns-mainz.de\/index.php\/2023\/09\/30\/nachbericht-ausstellungseroeffnung-mit-vortrag-es-lebe-die-freiheit-junge-menschen-gegen-den-nationalsozialismus-am-11-september\/","title":{"rendered":"Nachbericht: Ausstellungser\u00f6ffnung mit Vortrag: \u201eEs lebe die Freiheit! Junge Menschen gegen den Nationalsozialismus\u201d am 11. September"},"content":{"rendered":"\n<figure class=\"wp-block-image size-full\"><img loading=\"lazy\" decoding=\"async\" width=\"2560\" height=\"1647\" src=\"https:\/\/www.haus-des-erinnerns-mainz.de\/wp-content\/uploads\/2023\/09\/IMG_3611-scaled.jpg\" alt=\"\" class=\"wp-image-6331\" srcset=\"https:\/\/www.haus-des-erinnerns-mainz.de\/wp-content\/uploads\/2023\/09\/IMG_3611-scaled.jpg 2560w, https:\/\/www.haus-des-erinnerns-mainz.de\/wp-content\/uploads\/2023\/09\/IMG_3611-300x193.jpg 300w, https:\/\/www.haus-des-erinnerns-mainz.de\/wp-content\/uploads\/2023\/09\/IMG_3611-768x494.jpg 768w, https:\/\/www.haus-des-erinnerns-mainz.de\/wp-content\/uploads\/2023\/09\/IMG_3611-1536x988.jpg 1536w, https:\/\/www.haus-des-erinnerns-mainz.de\/wp-content\/uploads\/2023\/09\/IMG_3611-2048x1317.jpg 2048w, https:\/\/www.haus-des-erinnerns-mainz.de\/wp-content\/uploads\/2023\/09\/IMG_3611-150x96.jpg 150w\" sizes=\"auto, (max-width: 2560px) 100vw, 2560px\" \/><\/figure>\n\n\n\n<br>\n\n\n\n<p>In der zweiten H\u00e4lfte dieses Jahres setzt sich das Haus des Erinnerns \u2013 F\u00fcr Demokratie und Akzeptanz mit dem Themenschwerpunkt \u201eKindheit und Jugend in der NS-Zeit\u201d auseinander. Dieser begann mit der Einf\u00fchrung in die Sonderausstellung \u201eEs lebe die Freiheit! Junge Menschen gegen den Nationalsozialismus\u201d am 11. September. Viele junge Menschen verfielen den Ideen des NS-Regimes. Nur eine Minderheit zeigte den Mut, im Alltag \u201eNein\u201c zu sagen oder Widerstand zu leisten. Diesen jungen Menschen, die aus verschiedenen sozialen und politischen Milieus entstammten und die auf ganz verschiedene Arten Widerstand leisteten, widmet sich diese Ausstellung des Studienkreises Deutscher Widerstand 1933\u20131945 e.V.<\/p>\n\n\n\n<p>Thomas Altmeyer, Wissenschaftliche Leitung beim Studienkreis Deutscher Widerstand 1933-1945, freier Referent in der Jugend- und Erwachsenenbildung unter anderem mit den Schwerpunkten NS-Zeit und Widerstand und Mitglied des Sprecherrates der Landesarbeitsgemeinschaft Gedenkst\u00e4tten und Erinnerungsinitiativen in Hessen, f\u00fchrte zun\u00e4chst allgemein in die Ausstellung, ihren Aufbau und das Thema des jugendlichen Widerstandes ein. Anschlie\u00dfend w\u00e4hlte er einzelne Biografien aus, die exemplarisch verschiedene Arten des Widerstandes aufzeigten, von offenen Demonstrationen, der Herstellung und Verteilung verbotener Schriften oder auch der Verweigerung des Hitler-Gru\u00dfes. So vielf\u00e4ltig wie die Arten des Widerstands waren, waren auch die Schicksale und Folgen f\u00fcr die Jugendlichen und jungen Erwachsenen. Wera Jeske, ein ehemaliges BDM-M\u00e4dchen, welches in Konflikt geriet und die Lehren der Nationalsozialisten aufgrund ihres Glaubens anfing zu hinterfragen und sich in verschiedenen Momenten f\u00fcr ihren Glauben und gegen BDM-Befehle entschied, sagte dazu: \u201eWenn man standhaft bei seiner Meinung blieb, bedeutete das in dieser Zeit zwar gro\u00dfes Risiko, aber es gab doch die M\u00f6glichkeit, sich durchzusetzen, zumindest in kleinen Dingen.\u201c<\/p>\n\n\n\n<p>Ein gro\u00dfes Augenmerk wurde auch auf die unterschiedlichen Hintergr\u00fcnde der Widerst\u00e4ndler*innen gelegt. Viele kamen aus Arbeitermilieus und waren Teil von politisch anders eingestellten Jugendgruppen, die durch die Nationalsozialisten verboten wurden. Somit gab es viele, die aufgrund von Ausgrenzung und politischer Verfolgung statt sich anzupassen in den Widerstand. Andere waren Teil von Verfolgten-Gruppen der Nazi-Ideologie und wehrten sich deshalb im Widerstand. Auch Subkulturen spielten eine gro\u00dfe Rolle, wie zum Beispiel die Musikrichtung des Swing. Hier ist auch fraglich, ob die Verbote dieser Subkulturen zum Widerstand f\u00fchrten, oder ob der Widerstand zu den Verboten f\u00fchrte. Gerade im Jugendalter versucht man anders zu sein und sich abzugrenzen, was nicht in die Nazi-Ideologie und ihre Jugendpolitik passte. Doch auch ehemals Anh\u00e4nger*innen oder Mitglieder der Nazi-Jugendverb\u00e4nde fanden den Weg in den Widerstand. Die anschlie\u00dfende Diskussion mit den rund 25 Besuchenden zeigte gro\u00dfes Interesse an den unterschiedlichen Schicksalen und Mechanismen des Widerstandes. Die Ausstellung und einzelnen Schicksale waren bis zum 29. September im Haus des Erinnerns- F\u00fcr Demokratie und Akzeptanz zu sehen.<\/p>\n\n\n\n<p><em>Diese Veranstaltung fand im Rahmen der SchUM-Kulturtage 2023 Mainz und der interkulturellen Woche statt.<\/em><\/p>\n\n\n\n<figure class=\"wp-block-gallery has-nested-images columns-default is-cropped wp-block-gallery-1 is-layout-flex wp-block-gallery-is-layout-flex\">\n<figure class=\"wp-block-image size-large\"><img loading=\"lazy\" decoding=\"async\" width=\"2560\" height=\"1545\" data-id=\"6332\" src=\"https:\/\/www.haus-des-erinnerns-mainz.de\/wp-content\/uploads\/2023\/09\/IMG_3605-scaled.jpg\" alt=\"\" class=\"wp-image-6332\" srcset=\"https:\/\/www.haus-des-erinnerns-mainz.de\/wp-content\/uploads\/2023\/09\/IMG_3605-scaled.jpg 2560w, https:\/\/www.haus-des-erinnerns-mainz.de\/wp-content\/uploads\/2023\/09\/IMG_3605-300x181.jpg 300w, https:\/\/www.haus-des-erinnerns-mainz.de\/wp-content\/uploads\/2023\/09\/IMG_3605-768x464.jpg 768w, https:\/\/www.haus-des-erinnerns-mainz.de\/wp-content\/uploads\/2023\/09\/IMG_3605-1536x927.jpg 1536w, https:\/\/www.haus-des-erinnerns-mainz.de\/wp-content\/uploads\/2023\/09\/IMG_3605-2048x1236.jpg 2048w, https:\/\/www.haus-des-erinnerns-mainz.de\/wp-content\/uploads\/2023\/09\/IMG_3605-150x91.jpg 150w\" sizes=\"auto, (max-width: 2560px) 100vw, 2560px\" \/><\/figure>\n\n\n\n<figure class=\"wp-block-image size-large\"><img loading=\"lazy\" decoding=\"async\" width=\"2560\" height=\"2250\" data-id=\"6333\" src=\"https:\/\/www.haus-des-erinnerns-mainz.de\/wp-content\/uploads\/2023\/09\/IMG_3616-scaled.jpg\" alt=\"\" class=\"wp-image-6333\" srcset=\"https:\/\/www.haus-des-erinnerns-mainz.de\/wp-content\/uploads\/2023\/09\/IMG_3616-scaled.jpg 2560w, https:\/\/www.haus-des-erinnerns-mainz.de\/wp-content\/uploads\/2023\/09\/IMG_3616-300x264.jpg 300w, https:\/\/www.haus-des-erinnerns-mainz.de\/wp-content\/uploads\/2023\/09\/IMG_3616-768x675.jpg 768w, https:\/\/www.haus-des-erinnerns-mainz.de\/wp-content\/uploads\/2023\/09\/IMG_3616-1536x1350.jpg 1536w, https:\/\/www.haus-des-erinnerns-mainz.de\/wp-content\/uploads\/2023\/09\/IMG_3616-2048x1800.jpg 2048w, https:\/\/www.haus-des-erinnerns-mainz.de\/wp-content\/uploads\/2023\/09\/IMG_3616-150x132.jpg 150w\" sizes=\"auto, (max-width: 2560px) 100vw, 2560px\" \/><\/figure>\n<\/figure>\n","protected":false},"excerpt":{"rendered":"<p>In der zweiten H\u00e4lfte dieses Jahres setzt sich das Haus des Erinnerns \u2013 F\u00fcr Demokratie und Akzeptanz mit dem Themenschwerpunkt \u201eKindheit und Jugend in der NS-Zeit\u201d auseinander. Dieser begann mit der Einf\u00fchrung in die Sonderausstellung \u201eEs lebe die Freiheit! Junge Menschen gegen den Nationalsozialismus\u201d am 11. September. Viele junge Menschen&#8230;<\/p>\n<p> <a class=\"continue-reading-link\" href=\"https:\/\/www.haus-des-erinnerns-mainz.de\/index.php\/2023\/09\/30\/nachbericht-ausstellungseroeffnung-mit-vortrag-es-lebe-die-freiheit-junge-menschen-gegen-den-nationalsozialismus-am-11-september\/\"><span>Weiterlesen<\/span><i class=\"crycon-right-dir\"><\/i><\/a> <\/p>\n","protected":false},"author":4,"featured_media":0,"comment_status":"closed","ping_status":"closed","sticky":false,"template":"","format":"standard","meta":{"episode_type":"audio","audio_file":"","podmotor_file_id":"","podmotor_episode_id":"","cover_image":"","cover_image_id":"","duration":"","filesize":"","filesize_raw":"","date_recorded":"","explicit":"","block":"","ngg_post_thumbnail":0,"_price":"","_stock":"","_tribe_ticket_header":"","_tribe_default_ticket_provider":"","_tribe_ticket_capacity":"0","_ticket_start_date":"","_ticket_end_date":"","_tribe_ticket_show_description":"","_tribe_ticket_show_not_going":false,"_tribe_ticket_use_global_stock":"","_tribe_ticket_global_stock_level":"","_global_stock_mode":"","_global_stock_cap":"","_tribe_rsvp_for_event":"","_tribe_ticket_going_count":"","_tribe_ticket_not_going_count":"","_tribe_tickets_list":"[]","_tribe_ticket_has_attendee_info_fields":false,"footnotes":""},"categories":[75,1,87],"tags":[96,12,95],"series":[547],"class_list":["post-6329","post","type-post","status-publish","format-standard","hentry","category-aktuelles","category-allgemein","category-nachberichte","tag-ausstellung","tag-vortrag","tag-widerstand","series-haus-des-erinnerns"],"episode_featured_image":false,"episode_player_image":"https:\/\/www.haus-des-erinnerns-mainz.de\/wp-content\/plugins\/seriously-simple-podcasting\/assets\/images\/no-album-art.png","download_link":"","player_link":"","audio_player":false,"episode_data":{"playerMode":"dark","subscribeUrls":[],"rssFeedUrl":"https:\/\/www.haus-des-erinnerns-mainz.de\/feed\/podcast\/haus-des-erinnerns","embedCode":"<blockquote class=\"wp-embedded-content\" data-secret=\"C8wT86HQMS\"><a href=\"https:\/\/www.haus-des-erinnerns-mainz.de\/index.php\/2023\/09\/30\/nachbericht-ausstellungseroeffnung-mit-vortrag-es-lebe-die-freiheit-junge-menschen-gegen-den-nationalsozialismus-am-11-september\/\">Nachbericht: Ausstellungser\u00f6ffnung mit Vortrag: \u201eEs lebe die Freiheit! Junge Menschen gegen den Nationalsozialismus\u201d am 11. September<\/a><\/blockquote><iframe sandbox=\"allow-scripts\" security=\"restricted\" src=\"https:\/\/www.haus-des-erinnerns-mainz.de\/index.php\/2023\/09\/30\/nachbericht-ausstellungseroeffnung-mit-vortrag-es-lebe-die-freiheit-junge-menschen-gegen-den-nationalsozialismus-am-11-september\/embed\/#?secret=C8wT86HQMS\" width=\"500\" height=\"350\" title=\"&#8222;Nachbericht: Ausstellungser\u00f6ffnung mit Vortrag: \u201eEs lebe die Freiheit! Junge Menschen gegen den Nationalsozialismus\u201d am 11. September&#8220; &#8211; Haus des Erinnerns\" data-secret=\"C8wT86HQMS\" frameborder=\"0\" marginwidth=\"0\" marginheight=\"0\" scrolling=\"no\" class=\"wp-embedded-content\"><\/iframe><script type=\"text\/javascript\">\n\/* <![CDATA[ *\/\n\/*! This file is auto-generated *\/\n!function(d,l){\"use strict\";l.querySelector&&d.addEventListener&&\"undefined\"!=typeof URL&&(d.wp=d.wp||{},d.wp.receiveEmbedMessage||(d.wp.receiveEmbedMessage=function(e){var t=e.data;if((t||t.secret||t.message||t.value)&&!\/[^a-zA-Z0-9]\/.test(t.secret)){for(var s,r,n,a=l.querySelectorAll('iframe[data-secret=\"'+t.secret+'\"]'),o=l.querySelectorAll('blockquote[data-secret=\"'+t.secret+'\"]'),c=new RegExp(\"^https?:$\",\"i\"),i=0;i<o.length;i++)o[i].style.display=\"none\";for(i=0;i<a.length;i++)s=a[i],e.source===s.contentWindow&&(s.removeAttribute(\"style\"),\"height\"===t.message?(1e3<(r=parseInt(t.value,10))?r=1e3:~~r<200&&(r=200),s.height=r):\"link\"===t.message&&(r=new URL(s.getAttribute(\"src\")),n=new URL(t.value),c.test(n.protocol))&&n.host===r.host&&l.activeElement===s&&(d.top.location.href=t.value))}},d.addEventListener(\"message\",d.wp.receiveEmbedMessage,!1),l.addEventListener(\"DOMContentLoaded\",function(){for(var e,t,s=l.querySelectorAll(\"iframe.wp-embedded-content\"),r=0;r<s.length;r++)(t=(e=s[r]).getAttribute(\"data-secret\"))||(t=Math.random().toString(36).substring(2,12),e.src+=\"#?secret=\"+t,e.setAttribute(\"data-secret\",t)),e.contentWindow.postMessage({message:\"ready\",secret:t},\"*\")},!1)))}(window,document);\n\/* ]]> *\/\n<\/script>\n"},"_links":{"self":[{"href":"https:\/\/www.haus-des-erinnerns-mainz.de\/index.php\/wp-json\/wp\/v2\/posts\/6329","targetHints":{"allow":["GET"]}}],"collection":[{"href":"https:\/\/www.haus-des-erinnerns-mainz.de\/index.php\/wp-json\/wp\/v2\/posts"}],"about":[{"href":"https:\/\/www.haus-des-erinnerns-mainz.de\/index.php\/wp-json\/wp\/v2\/types\/post"}],"author":[{"embeddable":true,"href":"https:\/\/www.haus-des-erinnerns-mainz.de\/index.php\/wp-json\/wp\/v2\/users\/4"}],"replies":[{"embeddable":true,"href":"https:\/\/www.haus-des-erinnerns-mainz.de\/index.php\/wp-json\/wp\/v2\/comments?post=6329"}],"version-history":[{"count":2,"href":"https:\/\/www.haus-des-erinnerns-mainz.de\/index.php\/wp-json\/wp\/v2\/posts\/6329\/revisions"}],"predecessor-version":[{"id":6338,"href":"https:\/\/www.haus-des-erinnerns-mainz.de\/index.php\/wp-json\/wp\/v2\/posts\/6329\/revisions\/6338"}],"wp:attachment":[{"href":"https:\/\/www.haus-des-erinnerns-mainz.de\/index.php\/wp-json\/wp\/v2\/media?parent=6329"}],"wp:term":[{"taxonomy":"category","embeddable":true,"href":"https:\/\/www.haus-des-erinnerns-mainz.de\/index.php\/wp-json\/wp\/v2\/categories?post=6329"},{"taxonomy":"post_tag","embeddable":true,"href":"https:\/\/www.haus-des-erinnerns-mainz.de\/index.php\/wp-json\/wp\/v2\/tags?post=6329"},{"taxonomy":"series","embeddable":true,"href":"https:\/\/www.haus-des-erinnerns-mainz.de\/index.php\/wp-json\/wp\/v2\/series?post=6329"}],"curies":[{"name":"wp","href":"https:\/\/api.w.org\/{rel}","templated":true}]}}