{"id":6277,"date":"2023-09-28T17:54:30","date_gmt":"2023-09-28T15:54:30","guid":{"rendered":"https:\/\/www.haus-des-erinnerns-mainz.de\/?p=6277"},"modified":"2023-09-28T17:54:32","modified_gmt":"2023-09-28T15:54:32","slug":"nachbericht-lesung-stell-dir-vor-es-waere-frieden-mit-den-herausgeberinnen-reiner-engelmann-claudia-freund-und-mit-gerhard-trabert-am-8-september","status":"publish","type":"post","link":"https:\/\/www.haus-des-erinnerns-mainz.de\/index.php\/2023\/09\/28\/nachbericht-lesung-stell-dir-vor-es-waere-frieden-mit-den-herausgeberinnen-reiner-engelmann-claudia-freund-und-mit-gerhard-trabert-am-8-september\/","title":{"rendered":"Nachbericht: Lesung \u201eStell dir vor es w\u00e4re Frieden\u201c mit den Herausgeber*innen Reiner Engelmann, Claudia Freund und mit Gerhard Trabert am 8. September"},"content":{"rendered":"\n<figure class=\"wp-block-image size-full\"><img loading=\"lazy\" decoding=\"async\" width=\"1196\" height=\"812\" src=\"https:\/\/www.haus-des-erinnerns-mainz.de\/wp-content\/uploads\/2023\/09\/RE3.jpg\" alt=\"\" class=\"wp-image-6278\" srcset=\"https:\/\/www.haus-des-erinnerns-mainz.de\/wp-content\/uploads\/2023\/09\/RE3.jpg 1196w, https:\/\/www.haus-des-erinnerns-mainz.de\/wp-content\/uploads\/2023\/09\/RE3-300x204.jpg 300w, https:\/\/www.haus-des-erinnerns-mainz.de\/wp-content\/uploads\/2023\/09\/RE3-768x521.jpg 768w, https:\/\/www.haus-des-erinnerns-mainz.de\/wp-content\/uploads\/2023\/09\/RE3-150x102.jpg 150w\" sizes=\"auto, (max-width: 1196px) 100vw, 1196px\" \/><\/figure>\n\n\n\n<br>\n\n\n\n<p>Anl\u00e4sslich des Antikriegstags am 1. September luden wir im Haus des Erinnerns \u2013 f\u00fcr Demokratie und Akzeptanz am 8. September zur Buchvorstellung des neuerschienenen Buches \u201eStell dir vor, es w\u00e4re Frieden\u201c, die Herausgeber*innen Reiner Engelmann und Claudia Freund ein. In diesem Buch haben zwanzig Autor*innen ihren Wunsch nach Frieden in Gedichten, Kurzgeschichten und Tatsachenberichten zusammengetragen. Hierin teilen Sie ihre Gedanken, W\u00fcnsche, Tr\u00e4ume und ganz realen Erfahrungen zum Thema Krieg und Frieden mit. Dazu hei\u00dft es im Vorwort:<\/p>\n\n\n\n<p class=\"has-text-align-center\">\u201eKriege haben nicht nur unz\u00e4hlige Tote zur Folge, sondern auch Vertreibung, Armut, Hunger, Krankheit und Flucht. Menschen m\u00fcssen ihre Heimat verlassen, weil sie dort nicht mehr sicher leben k\u00f6nnen. Die meisten von ihnen fl\u00fcchten in Nachbarl\u00e4nder, viele aber auch nach Europa. Profiteure der Kriege sind in der Regel die Machthaber, die sie beginnen [\u2026]. Profiteure sind aber auch die R\u00fcstungskonzerne, die durch den Export ihrer Waffen Kriege in diesen Ausma\u00dfen befeuern. Milliarden von Euro werden von den Staaten in die Produktion und Entwicklung neuer Waffen gesteckt, Geld, das zur Bek\u00e4mpfung von Hunger und Armut nicht mehr zur Verf\u00fcgung steht und somit den inneren Frieden gef\u00e4hrdet. [\u2026]<\/p>\n\n\n\n<figure class=\"wp-block-image size-full\"><img loading=\"lazy\" decoding=\"async\" width=\"1021\" height=\"965\" src=\"https:\/\/www.haus-des-erinnerns-mainz.de\/wp-content\/uploads\/2023\/09\/RE5.jpg\" alt=\"\" class=\"wp-image-6279\" srcset=\"https:\/\/www.haus-des-erinnerns-mainz.de\/wp-content\/uploads\/2023\/09\/RE5.jpg 1021w, https:\/\/www.haus-des-erinnerns-mainz.de\/wp-content\/uploads\/2023\/09\/RE5-300x284.jpg 300w, https:\/\/www.haus-des-erinnerns-mainz.de\/wp-content\/uploads\/2023\/09\/RE5-768x726.jpg 768w, https:\/\/www.haus-des-erinnerns-mainz.de\/wp-content\/uploads\/2023\/09\/RE5-150x142.jpg 150w\" sizes=\"auto, (max-width: 1021px) 100vw, 1021px\" \/><\/figure>\n\n\n\n<br>\n\n\n\n<p>Der Lesung von verschiedenen dieser Texte h\u00f6rten rund 15 Besuchende gespannt zu und bekamen einen Einblick in die verschiedenen Arten der Texte und Gedanken der Autor*innen. Anschlie\u00dfend wurde die Thematik des Friedens aber eben auch Krieges auf dem Podium mit Claudia Freund, Reiner Engelmann und Gerhard Trabert, ein Autor des Buches und Sozialmediziner aus Mainz diskutiert. Danach gab es auch f\u00fcr das Publikum ausreichend Gelegenheit sich an dieser Diskussion zu beteiligen. Gerade aktuelle Themen wie der Angriffskrieg Russlands gegen die Ukraine fanden breiten Diskussionsbedarf. Bei unterschiedlichen Verst\u00e4ndnissen und Ideen von Frieden wurde deutlich, wie schwer es ist einen \u201egerechten\u201c Frieden zu finden mit dem jeder zufrieden w\u00e4re. Zum Schluss gab es f\u00fcr die Besuchenden die M\u00f6glichkeit bei einem B\u00fcchertisch von \u201eErlesenes und die B\u00fcchergilde\u201c aus Mainz einige der B\u00fccher von den Herausgeber*innen und Autoren zu erwerben. Bei Snacks und Getr\u00e4nken kam es dann zu weiteren spannenden Diskussionen zum Thema Frieden.<\/p>\n\n\n\n<figure class=\"wp-block-gallery has-nested-images columns-default is-cropped wp-block-gallery-1 is-layout-flex wp-block-gallery-is-layout-flex\">\n<figure class=\"wp-block-image size-large\"><img loading=\"lazy\" decoding=\"async\" width=\"1200\" height=\"748\" data-id=\"6281\" src=\"https:\/\/www.haus-des-erinnerns-mainz.de\/wp-content\/uploads\/2023\/09\/RE1.jpg\" alt=\"\" class=\"wp-image-6281\" srcset=\"https:\/\/www.haus-des-erinnerns-mainz.de\/wp-content\/uploads\/2023\/09\/RE1.jpg 1200w, https:\/\/www.haus-des-erinnerns-mainz.de\/wp-content\/uploads\/2023\/09\/RE1-300x187.jpg 300w, https:\/\/www.haus-des-erinnerns-mainz.de\/wp-content\/uploads\/2023\/09\/RE1-768x479.jpg 768w, https:\/\/www.haus-des-erinnerns-mainz.de\/wp-content\/uploads\/2023\/09\/RE1-150x94.jpg 150w\" sizes=\"auto, (max-width: 1200px) 100vw, 1200px\" \/><\/figure>\n\n\n\n<figure class=\"wp-block-image size-large\"><img loading=\"lazy\" decoding=\"async\" width=\"1071\" height=\"770\" data-id=\"6280\" src=\"https:\/\/www.haus-des-erinnerns-mainz.de\/wp-content\/uploads\/2023\/09\/RE2.jpg\" alt=\"\" class=\"wp-image-6280\" srcset=\"https:\/\/www.haus-des-erinnerns-mainz.de\/wp-content\/uploads\/2023\/09\/RE2.jpg 1071w, https:\/\/www.haus-des-erinnerns-mainz.de\/wp-content\/uploads\/2023\/09\/RE2-300x216.jpg 300w, https:\/\/www.haus-des-erinnerns-mainz.de\/wp-content\/uploads\/2023\/09\/RE2-768x552.jpg 768w, https:\/\/www.haus-des-erinnerns-mainz.de\/wp-content\/uploads\/2023\/09\/RE2-150x108.jpg 150w\" sizes=\"auto, (max-width: 1071px) 100vw, 1071px\" \/><\/figure>\n<\/figure>\n","protected":false},"excerpt":{"rendered":"<p>Anl\u00e4sslich des Antikriegstags am 1. September luden wir im Haus des Erinnerns \u2013 f\u00fcr Demokratie und Akzeptanz am 8. September zur Buchvorstellung des neuerschienenen Buches \u201eStell dir vor, es w\u00e4re Frieden\u201c, die Herausgeber*innen Reiner Engelmann und Claudia Freund ein. In diesem Buch haben zwanzig Autor*innen ihren Wunsch nach Frieden in&#8230;<\/p>\n<p> <a class=\"continue-reading-link\" href=\"https:\/\/www.haus-des-erinnerns-mainz.de\/index.php\/2023\/09\/28\/nachbericht-lesung-stell-dir-vor-es-waere-frieden-mit-den-herausgeberinnen-reiner-engelmann-claudia-freund-und-mit-gerhard-trabert-am-8-september\/\"><span>Weiterlesen<\/span><i class=\"crycon-right-dir\"><\/i><\/a> <\/p>\n","protected":false},"author":4,"featured_media":0,"comment_status":"closed","ping_status":"closed","sticky":false,"template":"","format":"standard","meta":{"episode_type":"audio","audio_file":"","podmotor_file_id":"","podmotor_episode_id":"","cover_image":"","cover_image_id":"","duration":"","filesize":"","filesize_raw":"","date_recorded":"","explicit":"","block":"","ngg_post_thumbnail":0,"_price":"","_stock":"","_tribe_ticket_header":"","_tribe_default_ticket_provider":"","_tribe_ticket_capacity":"0","_ticket_start_date":"","_ticket_end_date":"","_tribe_ticket_show_description":"","_tribe_ticket_show_not_going":false,"_tribe_ticket_use_global_stock":"","_tribe_ticket_global_stock_level":"","_global_stock_mode":"","_global_stock_cap":"","_tribe_rsvp_for_event":"","_tribe_ticket_going_count":"","_tribe_ticket_not_going_count":"","_tribe_tickets_list":"[]","_tribe_ticket_has_attendee_info_fields":false,"footnotes":""},"categories":[75,1,87],"tags":[5,49,354,14,302],"series":[547],"class_list":["post-6277","post","type-post","status-publish","format-standard","hentry","category-aktuelles","category-allgemein","category-nachberichte","tag-buchvorstellung","tag-diskussion","tag-frieden","tag-lesung","tag-reiner-engelmann","series-haus-des-erinnerns"],"episode_featured_image":false,"episode_player_image":"https:\/\/www.haus-des-erinnerns-mainz.de\/wp-content\/plugins\/seriously-simple-podcasting\/assets\/images\/no-album-art.png","download_link":"","player_link":"","audio_player":false,"episode_data":{"playerMode":"dark","subscribeUrls":[],"rssFeedUrl":"https:\/\/www.haus-des-erinnerns-mainz.de\/feed\/podcast\/haus-des-erinnerns","embedCode":"<blockquote class=\"wp-embedded-content\" data-secret=\"KWvnr5GDPV\"><a href=\"https:\/\/www.haus-des-erinnerns-mainz.de\/index.php\/2023\/09\/28\/nachbericht-lesung-stell-dir-vor-es-waere-frieden-mit-den-herausgeberinnen-reiner-engelmann-claudia-freund-und-mit-gerhard-trabert-am-8-september\/\">Nachbericht: Lesung \u201eStell dir vor es w\u00e4re Frieden\u201c mit den Herausgeber*innen Reiner Engelmann, Claudia Freund und mit Gerhard Trabert am 8. September<\/a><\/blockquote><iframe sandbox=\"allow-scripts\" security=\"restricted\" src=\"https:\/\/www.haus-des-erinnerns-mainz.de\/index.php\/2023\/09\/28\/nachbericht-lesung-stell-dir-vor-es-waere-frieden-mit-den-herausgeberinnen-reiner-engelmann-claudia-freund-und-mit-gerhard-trabert-am-8-september\/embed\/#?secret=KWvnr5GDPV\" width=\"500\" height=\"350\" title=\"&#8222;Nachbericht: Lesung \u201eStell dir vor es w\u00e4re Frieden\u201c mit den Herausgeber*innen Reiner Engelmann, Claudia Freund und mit Gerhard Trabert am 8. September&#8220; &#8211; Haus des Erinnerns\" data-secret=\"KWvnr5GDPV\" frameborder=\"0\" marginwidth=\"0\" marginheight=\"0\" scrolling=\"no\" class=\"wp-embedded-content\"><\/iframe><script type=\"text\/javascript\">\n\/* <![CDATA[ *\/\n\/*! This file is auto-generated *\/\n!function(d,l){\"use strict\";l.querySelector&&d.addEventListener&&\"undefined\"!=typeof URL&&(d.wp=d.wp||{},d.wp.receiveEmbedMessage||(d.wp.receiveEmbedMessage=function(e){var t=e.data;if((t||t.secret||t.message||t.value)&&!\/[^a-zA-Z0-9]\/.test(t.secret)){for(var s,r,n,a=l.querySelectorAll('iframe[data-secret=\"'+t.secret+'\"]'),o=l.querySelectorAll('blockquote[data-secret=\"'+t.secret+'\"]'),c=new RegExp(\"^https?:$\",\"i\"),i=0;i<o.length;i++)o[i].style.display=\"none\";for(i=0;i<a.length;i++)s=a[i],e.source===s.contentWindow&&(s.removeAttribute(\"style\"),\"height\"===t.message?(1e3<(r=parseInt(t.value,10))?r=1e3:~~r<200&&(r=200),s.height=r):\"link\"===t.message&&(r=new URL(s.getAttribute(\"src\")),n=new URL(t.value),c.test(n.protocol))&&n.host===r.host&&l.activeElement===s&&(d.top.location.href=t.value))}},d.addEventListener(\"message\",d.wp.receiveEmbedMessage,!1),l.addEventListener(\"DOMContentLoaded\",function(){for(var e,t,s=l.querySelectorAll(\"iframe.wp-embedded-content\"),r=0;r<s.length;r++)(t=(e=s[r]).getAttribute(\"data-secret\"))||(t=Math.random().toString(36).substring(2,12),e.src+=\"#?secret=\"+t,e.setAttribute(\"data-secret\",t)),e.contentWindow.postMessage({message:\"ready\",secret:t},\"*\")},!1)))}(window,document);\n\/* ]]> *\/\n<\/script>\n"},"_links":{"self":[{"href":"https:\/\/www.haus-des-erinnerns-mainz.de\/index.php\/wp-json\/wp\/v2\/posts\/6277","targetHints":{"allow":["GET"]}}],"collection":[{"href":"https:\/\/www.haus-des-erinnerns-mainz.de\/index.php\/wp-json\/wp\/v2\/posts"}],"about":[{"href":"https:\/\/www.haus-des-erinnerns-mainz.de\/index.php\/wp-json\/wp\/v2\/types\/post"}],"author":[{"embeddable":true,"href":"https:\/\/www.haus-des-erinnerns-mainz.de\/index.php\/wp-json\/wp\/v2\/users\/4"}],"replies":[{"embeddable":true,"href":"https:\/\/www.haus-des-erinnerns-mainz.de\/index.php\/wp-json\/wp\/v2\/comments?post=6277"}],"version-history":[{"count":2,"href":"https:\/\/www.haus-des-erinnerns-mainz.de\/index.php\/wp-json\/wp\/v2\/posts\/6277\/revisions"}],"predecessor-version":[{"id":6283,"href":"https:\/\/www.haus-des-erinnerns-mainz.de\/index.php\/wp-json\/wp\/v2\/posts\/6277\/revisions\/6283"}],"wp:attachment":[{"href":"https:\/\/www.haus-des-erinnerns-mainz.de\/index.php\/wp-json\/wp\/v2\/media?parent=6277"}],"wp:term":[{"taxonomy":"category","embeddable":true,"href":"https:\/\/www.haus-des-erinnerns-mainz.de\/index.php\/wp-json\/wp\/v2\/categories?post=6277"},{"taxonomy":"post_tag","embeddable":true,"href":"https:\/\/www.haus-des-erinnerns-mainz.de\/index.php\/wp-json\/wp\/v2\/tags?post=6277"},{"taxonomy":"series","embeddable":true,"href":"https:\/\/www.haus-des-erinnerns-mainz.de\/index.php\/wp-json\/wp\/v2\/series?post=6277"}],"curies":[{"name":"wp","href":"https:\/\/api.w.org\/{rel}","templated":true}]}}