{"id":6177,"date":"2023-06-24T21:03:28","date_gmt":"2023-06-24T19:03:28","guid":{"rendered":"https:\/\/www.haus-des-erinnerns-mainz.de\/?p=6177"},"modified":"2023-06-24T21:06:40","modified_gmt":"2023-06-24T19:06:40","slug":"buecherverbrennung-in-mainz-23-juni-1933","status":"publish","type":"post","link":"https:\/\/www.haus-des-erinnerns-mainz.de\/index.php\/2023\/06\/24\/buecherverbrennung-in-mainz-23-juni-1933\/","title":{"rendered":"B\u00fccherverbrennung in Mainz | 23. Juni 1933"},"content":{"rendered":"\n<figure class=\"wp-block-image size-full\"><img loading=\"lazy\" decoding=\"async\" width=\"1080\" height=\"1080\" src=\"https:\/\/www.haus-des-erinnerns-mainz.de\/wp-content\/uploads\/2023\/06\/27.-Januar-neu-1.jpg\" alt=\"\" class=\"wp-image-6178\" srcset=\"https:\/\/www.haus-des-erinnerns-mainz.de\/wp-content\/uploads\/2023\/06\/27.-Januar-neu-1.jpg 1080w, https:\/\/www.haus-des-erinnerns-mainz.de\/wp-content\/uploads\/2023\/06\/27.-Januar-neu-1-300x300.jpg 300w, https:\/\/www.haus-des-erinnerns-mainz.de\/wp-content\/uploads\/2023\/06\/27.-Januar-neu-1-150x150.jpg 150w, https:\/\/www.haus-des-erinnerns-mainz.de\/wp-content\/uploads\/2023\/06\/27.-Januar-neu-1-768x768.jpg 768w\" sizes=\"auto, (max-width: 1080px) 100vw, 1080px\" \/><\/figure>\n\n\n\n<br>\n\n\n\n<p>Heute vor 90 Jahren, am 23. Juni 1933, bezeichnenderweise dem Vorabend des Gutenberg-Festes, organisierten Mainzer Studierende des P\u00e4dagogischen Instituts eine B\u00fccherverbrennung. Vor der Verbrennung zog ein von den Studierenden gef\u00fchrter Fackelzug durch Mainz, der vom P\u00e4dagogischen Institut in der Holzstra\u00dfe \u00fcber die Rheinstra\u00dfe, das H\u00f6fchen, die Ludwigstra\u00dfe, Schillerstra\u00dfe und Gro\u00dfe Bleiche, von dort zur\u00fcck zur Rheinstra\u00dfe bis zum Ort der Verbrennung f\u00fchrte.<\/p>\n\n\n\n<p>Auf dem Adolf-Hitler-Platz (vormalig Halleplatz), einem der wichtigsten Pl\u00e4tze in Mainz, verbrannte die Studentenschaft so, ausgerechnet am Vorabend des Festes, bei dem man voller Stolz die Erfindung des Buchdruckes durch den Sohn der Stadt Johannes Gutenberg feierte, Werke bedeutender Autor*innen.<\/p>\n\n\n\n<p>Anl\u00e4sslich der Erinnerung an die B\u00fccherverbrennungen vor nunmehr 90 Jahren, im Jahr 1933, zeigt die Landeshauptstadt Mainz in Kooperation mit der Stiftung \u201eHaus des Erinnerns \u2013 f\u00fcr Demokratie und Akzeptanz Mainz\u201c die Ausstellung \u201eVerbrannte Orte \u2013 Die B\u00fccherverbrennungen von 1933\u201c. Die Ausstellung schildert sowohl die reichsweiten Geschehnisse als auch die regionalen Ereignisse. Sie ist vom 29. Juni bis zum 3. September 2023 auf dem Dr.G\u00fcnter-Storch-Platz, direkt gegen\u00fcber des Landesmuseums zu sehen.<\/p>\n\n\n\n<p><a rel=\"noreferrer noopener\" href=\"https:\/\/www.haus-des-erinnerns-mainz.de\/index.php\/veranstaltungsprogramm\/\" target=\"_blank\">Hier<\/a> gelangt man zum aktuellen Veranstaltungsprogramm, bei dem es mehrere begleitende Veranstaltungen zu dieser Ausstellung geben wird. <\/p>\n","protected":false},"excerpt":{"rendered":"<p>Heute vor 90 Jahren, am 23. Juni 1933, bezeichnenderweise dem Vorabend des Gutenberg-Festes, organisierten Mainzer Studierende des P\u00e4dagogischen Instituts eine B\u00fccherverbrennung. Vor der Verbrennung zog ein von den Studierenden gef\u00fchrter Fackelzug durch Mainz, der vom P\u00e4dagogischen Institut in der Holzstra\u00dfe \u00fcber die Rheinstra\u00dfe, das H\u00f6fchen, die Ludwigstra\u00dfe, Schillerstra\u00dfe und Gro\u00dfe&#8230;<\/p>\n<p> <a class=\"continue-reading-link\" href=\"https:\/\/www.haus-des-erinnerns-mainz.de\/index.php\/2023\/06\/24\/buecherverbrennung-in-mainz-23-juni-1933\/\"><span>Weiterlesen<\/span><i class=\"crycon-right-dir\"><\/i><\/a> <\/p>\n","protected":false},"author":4,"featured_media":0,"comment_status":"closed","ping_status":"closed","sticky":false,"template":"","format":"standard","meta":{"episode_type":"audio","audio_file":"","podmotor_file_id":"","podmotor_episode_id":"","cover_image":"","cover_image_id":"","duration":"","filesize":"","filesize_raw":"","date_recorded":"","explicit":"","block":"","ngg_post_thumbnail":0,"_price":"","_stock":"","_tribe_ticket_header":"","_tribe_default_ticket_provider":"","_tribe_ticket_capacity":"0","_ticket_start_date":"","_ticket_end_date":"","_tribe_ticket_show_description":"","_tribe_ticket_show_not_going":false,"_tribe_ticket_use_global_stock":"","_tribe_ticket_global_stock_level":"","_global_stock_mode":"","_global_stock_cap":"","_tribe_rsvp_for_event":"","_tribe_ticket_going_count":"","_tribe_ticket_not_going_count":"","_tribe_tickets_list":"[]","_tribe_ticket_has_attendee_info_fields":false,"footnotes":""},"categories":[75,1],"tags":[509,500,336,252,146],"series":[547],"class_list":["post-6177","post","type-post","status-publish","format-standard","hentry","category-aktuelles","category-allgemein","tag-90-jahre","tag-buecherverbrennung","tag-erinnern","tag-gedenken","tag-mainz","series-haus-des-erinnerns"],"episode_featured_image":false,"episode_player_image":"https:\/\/www.haus-des-erinnerns-mainz.de\/wp-content\/plugins\/seriously-simple-podcasting\/assets\/images\/no-album-art.png","download_link":"","player_link":"","audio_player":false,"episode_data":{"playerMode":"dark","subscribeUrls":[],"rssFeedUrl":"https:\/\/www.haus-des-erinnerns-mainz.de\/feed\/podcast\/haus-des-erinnerns","embedCode":"<blockquote class=\"wp-embedded-content\" data-secret=\"FeifQRn6IZ\"><a href=\"https:\/\/www.haus-des-erinnerns-mainz.de\/index.php\/2023\/06\/24\/buecherverbrennung-in-mainz-23-juni-1933\/\">B\u00fccherverbrennung in Mainz | 23. Juni 1933<\/a><\/blockquote><iframe sandbox=\"allow-scripts\" security=\"restricted\" src=\"https:\/\/www.haus-des-erinnerns-mainz.de\/index.php\/2023\/06\/24\/buecherverbrennung-in-mainz-23-juni-1933\/embed\/#?secret=FeifQRn6IZ\" width=\"500\" height=\"350\" title=\"&#8222;B\u00fccherverbrennung in Mainz | 23. Juni 1933&#8220; &#8211; Haus des Erinnerns\" data-secret=\"FeifQRn6IZ\" frameborder=\"0\" marginwidth=\"0\" marginheight=\"0\" scrolling=\"no\" class=\"wp-embedded-content\"><\/iframe><script type=\"text\/javascript\">\n\/* <![CDATA[ *\/\n\/*! This file is auto-generated *\/\n!function(d,l){\"use strict\";l.querySelector&&d.addEventListener&&\"undefined\"!=typeof URL&&(d.wp=d.wp||{},d.wp.receiveEmbedMessage||(d.wp.receiveEmbedMessage=function(e){var t=e.data;if((t||t.secret||t.message||t.value)&&!\/[^a-zA-Z0-9]\/.test(t.secret)){for(var s,r,n,a=l.querySelectorAll('iframe[data-secret=\"'+t.secret+'\"]'),o=l.querySelectorAll('blockquote[data-secret=\"'+t.secret+'\"]'),c=new RegExp(\"^https?:$\",\"i\"),i=0;i<o.length;i++)o[i].style.display=\"none\";for(i=0;i<a.length;i++)s=a[i],e.source===s.contentWindow&&(s.removeAttribute(\"style\"),\"height\"===t.message?(1e3<(r=parseInt(t.value,10))?r=1e3:~~r<200&&(r=200),s.height=r):\"link\"===t.message&&(r=new URL(s.getAttribute(\"src\")),n=new URL(t.value),c.test(n.protocol))&&n.host===r.host&&l.activeElement===s&&(d.top.location.href=t.value))}},d.addEventListener(\"message\",d.wp.receiveEmbedMessage,!1),l.addEventListener(\"DOMContentLoaded\",function(){for(var e,t,s=l.querySelectorAll(\"iframe.wp-embedded-content\"),r=0;r<s.length;r++)(t=(e=s[r]).getAttribute(\"data-secret\"))||(t=Math.random().toString(36).substring(2,12),e.src+=\"#?secret=\"+t,e.setAttribute(\"data-secret\",t)),e.contentWindow.postMessage({message:\"ready\",secret:t},\"*\")},!1)))}(window,document);\n\/* ]]> *\/\n<\/script>\n"},"_links":{"self":[{"href":"https:\/\/www.haus-des-erinnerns-mainz.de\/index.php\/wp-json\/wp\/v2\/posts\/6177","targetHints":{"allow":["GET"]}}],"collection":[{"href":"https:\/\/www.haus-des-erinnerns-mainz.de\/index.php\/wp-json\/wp\/v2\/posts"}],"about":[{"href":"https:\/\/www.haus-des-erinnerns-mainz.de\/index.php\/wp-json\/wp\/v2\/types\/post"}],"author":[{"embeddable":true,"href":"https:\/\/www.haus-des-erinnerns-mainz.de\/index.php\/wp-json\/wp\/v2\/users\/4"}],"replies":[{"embeddable":true,"href":"https:\/\/www.haus-des-erinnerns-mainz.de\/index.php\/wp-json\/wp\/v2\/comments?post=6177"}],"version-history":[{"count":3,"href":"https:\/\/www.haus-des-erinnerns-mainz.de\/index.php\/wp-json\/wp\/v2\/posts\/6177\/revisions"}],"predecessor-version":[{"id":6181,"href":"https:\/\/www.haus-des-erinnerns-mainz.de\/index.php\/wp-json\/wp\/v2\/posts\/6177\/revisions\/6181"}],"wp:attachment":[{"href":"https:\/\/www.haus-des-erinnerns-mainz.de\/index.php\/wp-json\/wp\/v2\/media?parent=6177"}],"wp:term":[{"taxonomy":"category","embeddable":true,"href":"https:\/\/www.haus-des-erinnerns-mainz.de\/index.php\/wp-json\/wp\/v2\/categories?post=6177"},{"taxonomy":"post_tag","embeddable":true,"href":"https:\/\/www.haus-des-erinnerns-mainz.de\/index.php\/wp-json\/wp\/v2\/tags?post=6177"},{"taxonomy":"series","embeddable":true,"href":"https:\/\/www.haus-des-erinnerns-mainz.de\/index.php\/wp-json\/wp\/v2\/series?post=6177"}],"curies":[{"name":"wp","href":"https:\/\/api.w.org\/{rel}","templated":true}]}}