{"id":6172,"date":"2023-06-20T16:05:25","date_gmt":"2023-06-20T14:05:25","guid":{"rendered":"https:\/\/www.haus-des-erinnerns-mainz.de\/?p=6172"},"modified":"2023-06-20T16:05:26","modified_gmt":"2023-06-20T14:05:26","slug":"weltfluechtlingstag-20-juni-2023","status":"publish","type":"post","link":"https:\/\/www.haus-des-erinnerns-mainz.de\/index.php\/2023\/06\/20\/weltfluechtlingstag-20-juni-2023\/","title":{"rendered":"Weltfl\u00fcchtlingstag | 20. Juni 2023"},"content":{"rendered":"\n<p><span style=\"mso-bidi-font-weight:bold\">Heute, am Weltfl\u00fcchtlingstag, gedenken wir den weltweiten Opfern von Flucht und Vertreibung. Flucht und Vertreibung sind keinesfalls lediglich Probleme der Vergangenheit, sondern auch der Gegenwart und solange es Krieg, Naturkatastrophen und Missst\u00e4nde gibt, auch ein Problem der Zukunft. Dieser           Gedenktag wird seit 2015 j\u00e4hrlich am 20. Juni mit dem Weltfl\u00fcchtlingstag durchgef\u00fchrt.<\/span><div class=\"moz-text-html\" lang=\"x-unicode\"><p class=\"MsoNormal\"><\/p><p class=\"MsoNormal\"><span style=\"mso-bidi-font-weight:bold\">Aufgrund von politischer, sexueller oder religi\u00f6ser Verfolgung, weniger Zukunftsperspektiven f\u00fcr sich und ihre Kinder, oder schlechter bis unm\u00f6glicher Lebensqualit\u00e4ten werden Menschen dazu gezwungen, ihre Heimat zu verlassen und h\u00e4ufig damit auch Teile ihrer Familie oder Freunde. Im letzten Jahr stieg die Zahl von 89,3 Millionen Fl\u00fcchtlingen 2021 auf 108,4 Millionen 2022. Dies zeigt, wie brisant dieses Thema bleibt \u2013 gerade mit Blick auf die steigende Klimakriese und Kriege, wie dem Angriffskrieg Russlands auf die Ukraine.<\/span><\/p><\/div>Heute um 17 Uhr startet die Demonstration \u201eMarche des Parapluies \u2013 Schutz f\u00fcr Alle\u201c an der Schottstra\u00dfe vor der Ausl\u00e4nderbeh\u00f6rde (B\u00fcrgeramt) Mainz. <\/p>\n\n\n\n<p>Gerne weisen wir hier auf eine <a href=\"https:\/\/www.aktion-deutschland-hilft.de\/de\/fachthemen\/fluechtlinge\/weltfluechtlingstag-am-20-juni\/?wc_id=50888&amp;ref_id=nonpaid&amp;utm_source=2023-06-20-enews-wft-2023&amp;utm_medium=email&amp;utm_campaign=allgemein\" target=\"_blank\" rel=\"noreferrer noopener\">Seite<\/a> von \u201eAktion Deutschland Hilft\u201c, auf der sie die wichtigsten Informationen rund um die Themen Flucht und Weltfl\u00fcchtlingstag zusammengestellt haben. <\/p>\n","protected":false},"excerpt":{"rendered":"<p>Heute, am Weltfl\u00fcchtlingstag, gedenken wir den weltweiten Opfern von Flucht und Vertreibung. Flucht und Vertreibung sind keinesfalls lediglich Probleme der Vergangenheit, sondern auch der Gegenwart und solange es Krieg, Naturkatastrophen und Missst\u00e4nde gibt, auch ein Problem der Zukunft. Dieser Gedenktag wird seit 2015 j\u00e4hrlich am 20. Juni mit dem Weltfl\u00fcchtlingstag&#8230;<\/p>\n<p> <a class=\"continue-reading-link\" href=\"https:\/\/www.haus-des-erinnerns-mainz.de\/index.php\/2023\/06\/20\/weltfluechtlingstag-20-juni-2023\/\"><span>Weiterlesen<\/span><i class=\"crycon-right-dir\"><\/i><\/a> <\/p>\n","protected":false},"author":4,"featured_media":0,"comment_status":"closed","ping_status":"closed","sticky":false,"template":"","format":"standard","meta":{"episode_type":"audio","audio_file":"","podmotor_file_id":"","podmotor_episode_id":"","cover_image":"","cover_image_id":"","duration":"","filesize":"","filesize_raw":"","date_recorded":"","explicit":"","block":"","ngg_post_thumbnail":0,"_price":"","_stock":"","_tribe_ticket_header":"","_tribe_default_ticket_provider":"","_tribe_ticket_capacity":"0","_ticket_start_date":"","_ticket_end_date":"","_tribe_ticket_show_description":"","_tribe_ticket_show_not_going":false,"_tribe_ticket_use_global_stock":"","_tribe_ticket_global_stock_level":"","_global_stock_mode":"","_global_stock_cap":"","_tribe_rsvp_for_event":"","_tribe_ticket_going_count":"","_tribe_ticket_not_going_count":"","_tribe_tickets_list":"[]","_tribe_ticket_has_attendee_info_fields":false,"footnotes":""},"categories":[75],"tags":[108,506],"series":[547],"class_list":["post-6172","post","type-post","status-publish","format-standard","hentry","category-aktuelles","tag-flucht","tag-weltfluechtlingstag","series-haus-des-erinnerns"],"episode_featured_image":false,"episode_player_image":"https:\/\/www.haus-des-erinnerns-mainz.de\/wp-content\/plugins\/seriously-simple-podcasting\/assets\/images\/no-album-art.png","download_link":"","player_link":"","audio_player":false,"episode_data":{"playerMode":"dark","subscribeUrls":[],"rssFeedUrl":"https:\/\/www.haus-des-erinnerns-mainz.de\/feed\/podcast\/haus-des-erinnerns","embedCode":"<blockquote class=\"wp-embedded-content\" data-secret=\"flVKLchEBr\"><a href=\"https:\/\/www.haus-des-erinnerns-mainz.de\/index.php\/2023\/06\/20\/weltfluechtlingstag-20-juni-2023\/\">Weltfl\u00fcchtlingstag | 20. Juni 2023<\/a><\/blockquote><iframe sandbox=\"allow-scripts\" security=\"restricted\" src=\"https:\/\/www.haus-des-erinnerns-mainz.de\/index.php\/2023\/06\/20\/weltfluechtlingstag-20-juni-2023\/embed\/#?secret=flVKLchEBr\" width=\"500\" height=\"350\" title=\"&#8222;Weltfl\u00fcchtlingstag | 20. Juni 2023&#8220; &#8211; Haus des Erinnerns\" data-secret=\"flVKLchEBr\" frameborder=\"0\" marginwidth=\"0\" marginheight=\"0\" scrolling=\"no\" class=\"wp-embedded-content\"><\/iframe><script type=\"text\/javascript\">\n\/* <![CDATA[ *\/\n\/*! This file is auto-generated *\/\n!function(d,l){\"use strict\";l.querySelector&&d.addEventListener&&\"undefined\"!=typeof URL&&(d.wp=d.wp||{},d.wp.receiveEmbedMessage||(d.wp.receiveEmbedMessage=function(e){var t=e.data;if((t||t.secret||t.message||t.value)&&!\/[^a-zA-Z0-9]\/.test(t.secret)){for(var s,r,n,a=l.querySelectorAll('iframe[data-secret=\"'+t.secret+'\"]'),o=l.querySelectorAll('blockquote[data-secret=\"'+t.secret+'\"]'),c=new RegExp(\"^https?:$\",\"i\"),i=0;i<o.length;i++)o[i].style.display=\"none\";for(i=0;i<a.length;i++)s=a[i],e.source===s.contentWindow&&(s.removeAttribute(\"style\"),\"height\"===t.message?(1e3<(r=parseInt(t.value,10))?r=1e3:~~r<200&&(r=200),s.height=r):\"link\"===t.message&&(r=new URL(s.getAttribute(\"src\")),n=new URL(t.value),c.test(n.protocol))&&n.host===r.host&&l.activeElement===s&&(d.top.location.href=t.value))}},d.addEventListener(\"message\",d.wp.receiveEmbedMessage,!1),l.addEventListener(\"DOMContentLoaded\",function(){for(var e,t,s=l.querySelectorAll(\"iframe.wp-embedded-content\"),r=0;r<s.length;r++)(t=(e=s[r]).getAttribute(\"data-secret\"))||(t=Math.random().toString(36).substring(2,12),e.src+=\"#?secret=\"+t,e.setAttribute(\"data-secret\",t)),e.contentWindow.postMessage({message:\"ready\",secret:t},\"*\")},!1)))}(window,document);\n\/* ]]> *\/\n<\/script>\n"},"_links":{"self":[{"href":"https:\/\/www.haus-des-erinnerns-mainz.de\/index.php\/wp-json\/wp\/v2\/posts\/6172","targetHints":{"allow":["GET"]}}],"collection":[{"href":"https:\/\/www.haus-des-erinnerns-mainz.de\/index.php\/wp-json\/wp\/v2\/posts"}],"about":[{"href":"https:\/\/www.haus-des-erinnerns-mainz.de\/index.php\/wp-json\/wp\/v2\/types\/post"}],"author":[{"embeddable":true,"href":"https:\/\/www.haus-des-erinnerns-mainz.de\/index.php\/wp-json\/wp\/v2\/users\/4"}],"replies":[{"embeddable":true,"href":"https:\/\/www.haus-des-erinnerns-mainz.de\/index.php\/wp-json\/wp\/v2\/comments?post=6172"}],"version-history":[{"count":1,"href":"https:\/\/www.haus-des-erinnerns-mainz.de\/index.php\/wp-json\/wp\/v2\/posts\/6172\/revisions"}],"predecessor-version":[{"id":6173,"href":"https:\/\/www.haus-des-erinnerns-mainz.de\/index.php\/wp-json\/wp\/v2\/posts\/6172\/revisions\/6173"}],"wp:attachment":[{"href":"https:\/\/www.haus-des-erinnerns-mainz.de\/index.php\/wp-json\/wp\/v2\/media?parent=6172"}],"wp:term":[{"taxonomy":"category","embeddable":true,"href":"https:\/\/www.haus-des-erinnerns-mainz.de\/index.php\/wp-json\/wp\/v2\/categories?post=6172"},{"taxonomy":"post_tag","embeddable":true,"href":"https:\/\/www.haus-des-erinnerns-mainz.de\/index.php\/wp-json\/wp\/v2\/tags?post=6172"},{"taxonomy":"series","embeddable":true,"href":"https:\/\/www.haus-des-erinnerns-mainz.de\/index.php\/wp-json\/wp\/v2\/series?post=6172"}],"curies":[{"name":"wp","href":"https:\/\/api.w.org\/{rel}","templated":true}]}}