{"id":6076,"date":"2023-04-27T21:10:07","date_gmt":"2023-04-27T19:10:07","guid":{"rendered":"https:\/\/www.haus-des-erinnerns-mainz.de\/?p=6076"},"modified":"2023-05-12T12:38:14","modified_gmt":"2023-05-12T10:38:14","slug":"nachbericht-zu-ludwig-kalisch-vortrag-von-hans-berkessel-lesung-aus-der-narrhalla-mit-gaby-reichardt","status":"publish","type":"post","link":"https:\/\/www.haus-des-erinnerns-mainz.de\/index.php\/2023\/04\/27\/nachbericht-zu-ludwig-kalisch-vortrag-von-hans-berkessel-lesung-aus-der-narrhalla-mit-gaby-reichardt\/","title":{"rendered":"Nachbericht zu: Ludwig Kalisch: Vortrag von Hans Berkessel \/ Lesung aus der Narrhalla mit Gaby Reichardt"},"content":{"rendered":"\n<figure class=\"wp-block-gallery has-nested-images columns-default is-cropped wp-block-gallery-1 is-layout-flex wp-block-gallery-is-layout-flex\">\n<figure class=\"wp-block-image size-large\"><img loading=\"lazy\" decoding=\"async\" width=\"775\" height=\"1024\" data-id=\"6081\" src=\"https:\/\/www.haus-des-erinnerns-mainz.de\/wp-content\/uploads\/2023\/04\/IMG_8666-775x1024.jpg\" alt=\"\" class=\"wp-image-6081\" srcset=\"https:\/\/www.haus-des-erinnerns-mainz.de\/wp-content\/uploads\/2023\/04\/IMG_8666-775x1024.jpg 775w, https:\/\/www.haus-des-erinnerns-mainz.de\/wp-content\/uploads\/2023\/04\/IMG_8666-227x300.jpg 227w, https:\/\/www.haus-des-erinnerns-mainz.de\/wp-content\/uploads\/2023\/04\/IMG_8666-768x1015.jpg 768w, https:\/\/www.haus-des-erinnerns-mainz.de\/wp-content\/uploads\/2023\/04\/IMG_8666-1162x1536.jpg 1162w, https:\/\/www.haus-des-erinnerns-mainz.de\/wp-content\/uploads\/2023\/04\/IMG_8666-1549x2048.jpg 1549w, https:\/\/www.haus-des-erinnerns-mainz.de\/wp-content\/uploads\/2023\/04\/IMG_8666-113x150.jpg 113w, https:\/\/www.haus-des-erinnerns-mainz.de\/wp-content\/uploads\/2023\/04\/IMG_8666-scaled.jpg 1937w\" sizes=\"auto, (max-width: 775px) 100vw, 775px\" \/><\/figure>\n\n\n\n<figure class=\"wp-block-image size-large\"><img loading=\"lazy\" decoding=\"async\" width=\"946\" height=\"1024\" data-id=\"6080\" src=\"https:\/\/www.haus-des-erinnerns-mainz.de\/wp-content\/uploads\/2023\/04\/IMG_8656-946x1024.jpg\" alt=\"\" class=\"wp-image-6080\" srcset=\"https:\/\/www.haus-des-erinnerns-mainz.de\/wp-content\/uploads\/2023\/04\/IMG_8656-946x1024.jpg 946w, https:\/\/www.haus-des-erinnerns-mainz.de\/wp-content\/uploads\/2023\/04\/IMG_8656-277x300.jpg 277w, https:\/\/www.haus-des-erinnerns-mainz.de\/wp-content\/uploads\/2023\/04\/IMG_8656-768x832.jpg 768w, https:\/\/www.haus-des-erinnerns-mainz.de\/wp-content\/uploads\/2023\/04\/IMG_8656-1419x1536.jpg 1419w, https:\/\/www.haus-des-erinnerns-mainz.de\/wp-content\/uploads\/2023\/04\/IMG_8656-139x150.jpg 139w, https:\/\/www.haus-des-erinnerns-mainz.de\/wp-content\/uploads\/2023\/04\/IMG_8656.jpg 1836w\" sizes=\"auto, (max-width: 946px) 100vw, 946px\" \/><\/figure>\n<\/figure>\n\n\n\n<br>\n\n\n\n<p>Am 19. April fand ein weiterer Vortrag in der Reihe zum Jubil\u00e4umsjahr \u201e175 Jahre M\u00e4rzrevolution 1848-2023 \u2013 Rheinhessen und Pfalz\u201c statt. Es handelte sich um einen Vortrag von Hans Berkessel zu Ludwig Kalisch und einer Lesung von verschiedenen seiner Texte durch Gaby Reichardt. Ludwig Kalisch (1814\u20131882) war einer der bedeutendsten Vertreter des literarisch-politischen Mainzer Karnevals. In Lissa (Polen) im j\u00fcdischen Stetl geboren, \u00fcbersiedelte er sp\u00e4ter nach Frankfurt am Main, wo er Medizin, Sprach- und Literaturwissenschaft studierte. 1843 \u00fcbernahm er in Mainz die Redaktion der Karnevalszeitschrift Narrhalla, deren liberal-demokratischen Charakter er mit seinen politisch-satirischen Beitr\u00e4gen pr\u00e4gte. Er beteiligte sich 1848 an der Gr\u00fcndung des \u201eDemokratischen Vereins\u201c und schloss sich nach dem Scheitern des Paulskirchen-Parlaments den Aufst\u00e4ndischen in der Pfalz an. Im Zweibr\u00fccker Hochverratsprozess (1851) wurde er in Abwesenheit zum Tode verurteilt und emigrierte nach Frankreich, wo er wie Heinrich Heine im Pariser Exil starb.<\/p>\n\n\n\n<p>In Kooperation mit der Akademie der Wissenschaften und der Literatur Mainz, dem Verein f\u00fcr Sozialgeschichte Mainz e. V. und dem F\u00f6rderverein Mainzer Fastnachtsmuseum e. V. erhielt die Veranstaltung im gro\u00dfen Saal der Akademie der Wissenschaften und der Literatur Mainz einen w\u00fcrdigen Rahmen. Der Abend begann mit einem stellvertretend f\u00fcr alle Veranstaltenden gehaltenen Gru\u00dfwort des ehemaligen Mainzer Kultur- und Schuldezernenten Peter Krawietz. Leider konnte Herr Berkessel seinen Vortrag nicht pers\u00f6nlich halten, sodass unsere Referentin f\u00fcr Kommunikation und P\u00e4dagogik Franziska Hendrich diesen \u00fcbernahm. Dieser besch\u00e4ftigte sich mit den verschiedenen Lebensstationen Kalischs, beginnend mit seiner Kindheit und den Wanderjahren, die ihn von Polen nach Deutschland brachten. Anschlie\u00dfend wurde sein Aufenthalt und nachhaltiges Wirken in Mainz als Sprachlehrer, Schriftsteller und Redakteur thematisiert und ein spezielles Augenmerk auf seine Verbindung zur Narrhalla gelegt. Aber auch sein politisches Wirken als politischer Leitartikler, Demokrat und Revolution\u00e4r und seine Eins\u00e4tze f\u00fcr die Demokratie wurden hervorgehoben. Zum Schluss wurde auf seine Vertreibung, die letzten Jahre im Exil und Treffen mit Heinrich Heine eingegangen. <a href=\"https:\/\/www.haus-des-erinnerns-mainz.de\/wp-content\/uploads\/2023\/05\/Vortrag-zur-Biografie-und-zum-Werk-von-Ludwig-Kalisch_19.04.2023_AdW-Mz.pdf\" data-type=\"URL\" data-id=\"https:\/\/www.haus-des-erinnerns-mainz.de\/wp-content\/uploads\/2023\/05\/Vortrag-zur-Biografie-und-zum-Werk-von-Ludwig-Kalisch_19.04.2023_AdW-Mz.pdf\" target=\"_blank\" rel=\"noreferrer noopener\">Hier<\/a> k\u00f6nnen sie den ganzen Vortrag einsehen.<\/p>\n\n\n\n<p>Gaby Reichardt gab seinen Texten auf ihre unvergleichliche Art neues Leben. Sie las aus der Narrhalla vor, wobei den rund 35 Teilnehmenden gerade die politische Satire und behandelten Themen sehr aktuell vorkam. Auch der Auszug aus dem Buch <em>Pariser Leben<\/em> \u00fcber die Unterhaltungen mit Heinrich Heine gaben ein eindrucksvolles Bild wieder und regten zum Nachdenken an. Die verschiedenen satirischen Portraits zeitgen\u00f6ssischer Politiker und besonders das sehr harte Urteil \u00fcber den Turnvater Jahn sorgten f\u00fcr viel Lachen. Der kr\u00f6nende Abschluss bestand aus <em>Der deutsche Magen und die deutsche Freiheit<\/em> aus der Narrhalla und entlie\u00df das Publikum nachdenklich, aber erheitert. Anschlie\u00dfend wurde sich viel \u00fcber die Aktualit\u00e4t seiner Texte bei einem kleinen Umtrunk ausgetauscht. Vielen Dank an alle Kooperationspartner*innen und vor allem Gaby Reichardt f\u00fcr diesen gelungenen Abend.<\/p>\n","protected":false},"excerpt":{"rendered":"<p>Am 19. April fand ein weiterer Vortrag in der Reihe zum Jubil\u00e4umsjahr \u201e175 Jahre M\u00e4rzrevolution 1848-2023 \u2013 Rheinhessen und Pfalz\u201c statt. Es handelte sich um einen Vortrag von Hans Berkessel zu Ludwig Kalisch und einer Lesung von verschiedenen seiner Texte durch Gaby Reichardt. Ludwig Kalisch (1814\u20131882) war einer der bedeutendsten&#8230;<\/p>\n<p> <a class=\"continue-reading-link\" href=\"https:\/\/www.haus-des-erinnerns-mainz.de\/index.php\/2023\/04\/27\/nachbericht-zu-ludwig-kalisch-vortrag-von-hans-berkessel-lesung-aus-der-narrhalla-mit-gaby-reichardt\/\"><span>Weiterlesen<\/span><i class=\"crycon-right-dir\"><\/i><\/a> <\/p>\n","protected":false},"author":4,"featured_media":0,"comment_status":"closed","ping_status":"closed","sticky":false,"template":"","format":"standard","meta":{"episode_type":"audio","audio_file":"","podmotor_file_id":"","podmotor_episode_id":"","cover_image":"","cover_image_id":"","duration":"","filesize":"","filesize_raw":"","date_recorded":"","explicit":"","block":"","ngg_post_thumbnail":0,"_price":"","_stock":"","_tribe_ticket_header":"","_tribe_default_ticket_provider":"","_tribe_ticket_capacity":"0","_ticket_start_date":"","_ticket_end_date":"","_tribe_ticket_show_description":"","_tribe_ticket_show_not_going":false,"_tribe_ticket_use_global_stock":"","_tribe_ticket_global_stock_level":"","_global_stock_mode":"","_global_stock_cap":"","_tribe_rsvp_for_event":"","_tribe_ticket_going_count":"","_tribe_ticket_not_going_count":"","_tribe_tickets_list":"[]","_tribe_ticket_has_attendee_info_fields":false,"footnotes":""},"categories":[75,1,87],"tags":[],"series":[547],"class_list":["post-6076","post","type-post","status-publish","format-standard","hentry","category-aktuelles","category-allgemein","category-nachberichte","series-haus-des-erinnerns"],"episode_featured_image":false,"episode_player_image":"https:\/\/www.haus-des-erinnerns-mainz.de\/wp-content\/plugins\/seriously-simple-podcasting\/assets\/images\/no-album-art.png","download_link":"","player_link":"","audio_player":false,"episode_data":{"playerMode":"dark","subscribeUrls":[],"rssFeedUrl":"https:\/\/www.haus-des-erinnerns-mainz.de\/feed\/podcast\/haus-des-erinnerns","embedCode":"<blockquote class=\"wp-embedded-content\" data-secret=\"v906dkX9bq\"><a href=\"https:\/\/www.haus-des-erinnerns-mainz.de\/index.php\/2023\/04\/27\/nachbericht-zu-ludwig-kalisch-vortrag-von-hans-berkessel-lesung-aus-der-narrhalla-mit-gaby-reichardt\/\">Nachbericht zu: Ludwig Kalisch: Vortrag von Hans Berkessel \/ Lesung aus der Narrhalla mit Gaby Reichardt<\/a><\/blockquote><iframe sandbox=\"allow-scripts\" security=\"restricted\" src=\"https:\/\/www.haus-des-erinnerns-mainz.de\/index.php\/2023\/04\/27\/nachbericht-zu-ludwig-kalisch-vortrag-von-hans-berkessel-lesung-aus-der-narrhalla-mit-gaby-reichardt\/embed\/#?secret=v906dkX9bq\" width=\"500\" height=\"350\" title=\"&#8222;Nachbericht zu: Ludwig Kalisch: Vortrag von Hans Berkessel \/ Lesung aus der Narrhalla mit Gaby Reichardt&#8220; &#8211; Haus des Erinnerns\" data-secret=\"v906dkX9bq\" frameborder=\"0\" marginwidth=\"0\" marginheight=\"0\" scrolling=\"no\" class=\"wp-embedded-content\"><\/iframe><script type=\"text\/javascript\">\n\/* <![CDATA[ *\/\n\/*! This file is auto-generated *\/\n!function(d,l){\"use strict\";l.querySelector&&d.addEventListener&&\"undefined\"!=typeof URL&&(d.wp=d.wp||{},d.wp.receiveEmbedMessage||(d.wp.receiveEmbedMessage=function(e){var t=e.data;if((t||t.secret||t.message||t.value)&&!\/[^a-zA-Z0-9]\/.test(t.secret)){for(var s,r,n,a=l.querySelectorAll('iframe[data-secret=\"'+t.secret+'\"]'),o=l.querySelectorAll('blockquote[data-secret=\"'+t.secret+'\"]'),c=new RegExp(\"^https?:$\",\"i\"),i=0;i<o.length;i++)o[i].style.display=\"none\";for(i=0;i<a.length;i++)s=a[i],e.source===s.contentWindow&&(s.removeAttribute(\"style\"),\"height\"===t.message?(1e3<(r=parseInt(t.value,10))?r=1e3:~~r<200&&(r=200),s.height=r):\"link\"===t.message&&(r=new URL(s.getAttribute(\"src\")),n=new URL(t.value),c.test(n.protocol))&&n.host===r.host&&l.activeElement===s&&(d.top.location.href=t.value))}},d.addEventListener(\"message\",d.wp.receiveEmbedMessage,!1),l.addEventListener(\"DOMContentLoaded\",function(){for(var e,t,s=l.querySelectorAll(\"iframe.wp-embedded-content\"),r=0;r<s.length;r++)(t=(e=s[r]).getAttribute(\"data-secret\"))||(t=Math.random().toString(36).substring(2,12),e.src+=\"#?secret=\"+t,e.setAttribute(\"data-secret\",t)),e.contentWindow.postMessage({message:\"ready\",secret:t},\"*\")},!1)))}(window,document);\n\/* ]]> *\/\n<\/script>\n"},"_links":{"self":[{"href":"https:\/\/www.haus-des-erinnerns-mainz.de\/index.php\/wp-json\/wp\/v2\/posts\/6076","targetHints":{"allow":["GET"]}}],"collection":[{"href":"https:\/\/www.haus-des-erinnerns-mainz.de\/index.php\/wp-json\/wp\/v2\/posts"}],"about":[{"href":"https:\/\/www.haus-des-erinnerns-mainz.de\/index.php\/wp-json\/wp\/v2\/types\/post"}],"author":[{"embeddable":true,"href":"https:\/\/www.haus-des-erinnerns-mainz.de\/index.php\/wp-json\/wp\/v2\/users\/4"}],"replies":[{"embeddable":true,"href":"https:\/\/www.haus-des-erinnerns-mainz.de\/index.php\/wp-json\/wp\/v2\/comments?post=6076"}],"version-history":[{"count":3,"href":"https:\/\/www.haus-des-erinnerns-mainz.de\/index.php\/wp-json\/wp\/v2\/posts\/6076\/revisions"}],"predecessor-version":[{"id":6115,"href":"https:\/\/www.haus-des-erinnerns-mainz.de\/index.php\/wp-json\/wp\/v2\/posts\/6076\/revisions\/6115"}],"wp:attachment":[{"href":"https:\/\/www.haus-des-erinnerns-mainz.de\/index.php\/wp-json\/wp\/v2\/media?parent=6076"}],"wp:term":[{"taxonomy":"category","embeddable":true,"href":"https:\/\/www.haus-des-erinnerns-mainz.de\/index.php\/wp-json\/wp\/v2\/categories?post=6076"},{"taxonomy":"post_tag","embeddable":true,"href":"https:\/\/www.haus-des-erinnerns-mainz.de\/index.php\/wp-json\/wp\/v2\/tags?post=6076"},{"taxonomy":"series","embeddable":true,"href":"https:\/\/www.haus-des-erinnerns-mainz.de\/index.php\/wp-json\/wp\/v2\/series?post=6076"}],"curies":[{"name":"wp","href":"https:\/\/api.w.org\/{rel}","templated":true}]}}