{"id":6068,"date":"2023-04-25T20:29:46","date_gmt":"2023-04-25T18:29:46","guid":{"rendered":"https:\/\/www.haus-des-erinnerns-mainz.de\/?p=6068"},"modified":"2023-05-12T12:38:31","modified_gmt":"2023-05-12T10:38:31","slug":"nachbericht-buchvorstellung-und-lesung-die-deportation-der-juden-aus-hessen-1940-bis-1945","status":"publish","type":"post","link":"https:\/\/www.haus-des-erinnerns-mainz.de\/index.php\/2023\/04\/25\/nachbericht-buchvorstellung-und-lesung-die-deportation-der-juden-aus-hessen-1940-bis-1945\/","title":{"rendered":"Nachbericht: Buchvorstellung und Lesung: \u201eDie Deportation der Juden aus Hessen 1940 bis 1945\u201c"},"content":{"rendered":"\n<figure class=\"wp-block-image size-large\"><img loading=\"lazy\" decoding=\"async\" width=\"1024\" height=\"788\" src=\"https:\/\/www.haus-des-erinnerns-mainz.de\/wp-content\/uploads\/2023\/04\/IMG_5038-1024x788.jpg\" alt=\"\" class=\"wp-image-6069\" srcset=\"https:\/\/www.haus-des-erinnerns-mainz.de\/wp-content\/uploads\/2023\/04\/IMG_5038-1024x788.jpg 1024w, https:\/\/www.haus-des-erinnerns-mainz.de\/wp-content\/uploads\/2023\/04\/IMG_5038-300x231.jpg 300w, https:\/\/www.haus-des-erinnerns-mainz.de\/wp-content\/uploads\/2023\/04\/IMG_5038-768x591.jpg 768w, https:\/\/www.haus-des-erinnerns-mainz.de\/wp-content\/uploads\/2023\/04\/IMG_5038-1536x1182.jpg 1536w, https:\/\/www.haus-des-erinnerns-mainz.de\/wp-content\/uploads\/2023\/04\/IMG_5038-2048x1576.jpg 2048w, https:\/\/www.haus-des-erinnerns-mainz.de\/wp-content\/uploads\/2023\/04\/IMG_5038-150x115.jpg 150w\" sizes=\"auto, (max-width: 1024px) 100vw, 1024px\" \/><\/figure>\n\n\n\n<br>\n\n\n\n<p>Am 13. April fand im Haus des Erinnerns \u2013 F\u00fcr Demokratie und Akzeptanz eine Buchvorstellung mit anschlie\u00dfender Lesung statt. Der Historiker und Archivar Dr. Volker Eichler hat das von der Autorin Monica Kingreen (1952\u20132017) unvollendet hinterlassene Manuskript f\u00fcr den Druck bearbeitet und in Teilen erg\u00e4nzt. Mit diesem Buch liegt erstmals eine Gesamtdarstellung zur Deportation und Ermordung der J\u00fcdinnen und Juden f\u00fcr das ganze Land Hessen vor. Einbezogen ist \u2013 nach den Grenzen vor 1945 \u2013 auch das fr\u00fchere Gro\u00dfherzogtum (dann Volksstaat) Hessen und damit auch die Stadt Mainz mit dem rheinhessischen Umland. Sch\u00e4tzungsweise 17.000 J\u00fcdinnen und Juden wurden unter dem Nazi-Regime aus Hessen deportiert. Fast alle sind ermordet worden; kaum mehr als 950 haben \u00fcberlebt. Die Deportationen geschahen vor aller Augen \u2013 so auch in Mainz. Eine Lesung aus Selbstzeugnissen der Opfer und Erinnerungen der \u00dcberlebenden l\u00e4sst die Menschen und das Geschehen vor Augen treten: die Verschleppung aus den Wohnungen, die Zugfahrt zu Tausenden ins Ungewisse, schlie\u00dflich Leid und Tod in den Lagern und Ghettos.<\/p>\n\n\n\n<p>Es war eine sehr beeindruckende Veranstaltung mit einem lebhaften und interessanten Vortrag. Dr. Volker Eichler stellte auf ansprechende und interessante Art kurzweilig die Entstehungsgeschichte des Buches und Lebensstationen von Monica Kingreen vor. Anschlie\u00dfend gab es einen flie\u00dfenden \u00dcbergang zur Lesung, die von den rund 25 Anwesenden ebenfalls als tief beeindruckend empfunden wurde. Das Ehepaar Heinemann las abwechselnd Ausz\u00fcge aus den abgedruckten Selbstzeugnissen, wie Briefe und Erinnerungen, die zum Teil auch Mainzer Juden vor ihrer Deportation, ihrem Suizid oder auch noch aus den Ghettos und Lagern geschrieben haben. Dr. Eichler erg\u00e4nzte zwischen den Beitr\u00e4gen etwas zum Hintergrund und den Biografien der Menschen, denen mit der Lesung wieder eine Stimme gegeben wurde. Nach den circa eineinhalb Stunden fanden sich alle zu einem lebhaften Austausch bei Brezel und Spundek\u00e4s zusammen. Vielen Dank an alle Beteiligten f\u00fcr diese eindr\u00fcckliche Veranstaltung.<\/p>\n\n\n\n<figure class=\"wp-block-image size-large\"><img loading=\"lazy\" decoding=\"async\" width=\"967\" height=\"1024\" src=\"https:\/\/www.haus-des-erinnerns-mainz.de\/wp-content\/uploads\/2023\/04\/IMG_5034-967x1024.jpg\" alt=\"\" class=\"wp-image-6070\" srcset=\"https:\/\/www.haus-des-erinnerns-mainz.de\/wp-content\/uploads\/2023\/04\/IMG_5034-967x1024.jpg 967w, https:\/\/www.haus-des-erinnerns-mainz.de\/wp-content\/uploads\/2023\/04\/IMG_5034-283x300.jpg 283w, https:\/\/www.haus-des-erinnerns-mainz.de\/wp-content\/uploads\/2023\/04\/IMG_5034-768x814.jpg 768w, https:\/\/www.haus-des-erinnerns-mainz.de\/wp-content\/uploads\/2023\/04\/IMG_5034-1450x1536.jpg 1450w, https:\/\/www.haus-des-erinnerns-mainz.de\/wp-content\/uploads\/2023\/04\/IMG_5034-1933x2048.jpg 1933w, https:\/\/www.haus-des-erinnerns-mainz.de\/wp-content\/uploads\/2023\/04\/IMG_5034-142x150.jpg 142w\" sizes=\"auto, (max-width: 967px) 100vw, 967px\" \/><\/figure>\n\n\n\n<br>\n\n\n\n<p><\/p>\n","protected":false},"excerpt":{"rendered":"<p>Am 13. April fand im Haus des Erinnerns \u2013 F\u00fcr Demokratie und Akzeptanz eine Buchvorstellung mit anschlie\u00dfender Lesung statt. Der Historiker und Archivar Dr. Volker Eichler hat das von der Autorin Monica Kingreen (1952\u20132017) unvollendet hinterlassene Manuskript f\u00fcr den Druck bearbeitet und in Teilen erg\u00e4nzt. Mit diesem Buch liegt erstmals&#8230;<\/p>\n<p> <a class=\"continue-reading-link\" href=\"https:\/\/www.haus-des-erinnerns-mainz.de\/index.php\/2023\/04\/25\/nachbericht-buchvorstellung-und-lesung-die-deportation-der-juden-aus-hessen-1940-bis-1945\/\"><span>Weiterlesen<\/span><i class=\"crycon-right-dir\"><\/i><\/a> <\/p>\n","protected":false},"author":4,"featured_media":0,"comment_status":"closed","ping_status":"closed","sticky":false,"template":"","format":"standard","meta":{"episode_type":"audio","audio_file":"","podmotor_file_id":"","podmotor_episode_id":"","cover_image":"","cover_image_id":"","duration":"","filesize":"","filesize_raw":"","date_recorded":"","explicit":"","block":"","ngg_post_thumbnail":0,"_price":"","_stock":"","_tribe_ticket_header":"","_tribe_default_ticket_provider":"","_tribe_ticket_capacity":"0","_ticket_start_date":"","_ticket_end_date":"","_tribe_ticket_show_description":"","_tribe_ticket_show_not_going":false,"_tribe_ticket_use_global_stock":"","_tribe_ticket_global_stock_level":"","_global_stock_mode":"","_global_stock_cap":"","_tribe_rsvp_for_event":"","_tribe_ticket_going_count":"","_tribe_ticket_not_going_count":"","_tribe_tickets_list":"[]","_tribe_ticket_has_attendee_info_fields":false,"footnotes":""},"categories":[75,1,87],"tags":[14,12],"series":[547],"class_list":["post-6068","post","type-post","status-publish","format-standard","hentry","category-aktuelles","category-allgemein","category-nachberichte","tag-lesung","tag-vortrag","series-haus-des-erinnerns"],"episode_featured_image":false,"episode_player_image":"https:\/\/www.haus-des-erinnerns-mainz.de\/wp-content\/plugins\/seriously-simple-podcasting\/assets\/images\/no-album-art.png","download_link":"","player_link":"","audio_player":false,"episode_data":{"playerMode":"dark","subscribeUrls":[],"rssFeedUrl":"https:\/\/www.haus-des-erinnerns-mainz.de\/feed\/podcast\/haus-des-erinnerns","embedCode":"<blockquote class=\"wp-embedded-content\" data-secret=\"zQv2oDg1JP\"><a href=\"https:\/\/www.haus-des-erinnerns-mainz.de\/index.php\/2023\/04\/25\/nachbericht-buchvorstellung-und-lesung-die-deportation-der-juden-aus-hessen-1940-bis-1945\/\">Nachbericht: Buchvorstellung und Lesung: \u201eDie Deportation der Juden aus Hessen 1940 bis 1945\u201c<\/a><\/blockquote><iframe sandbox=\"allow-scripts\" security=\"restricted\" src=\"https:\/\/www.haus-des-erinnerns-mainz.de\/index.php\/2023\/04\/25\/nachbericht-buchvorstellung-und-lesung-die-deportation-der-juden-aus-hessen-1940-bis-1945\/embed\/#?secret=zQv2oDg1JP\" width=\"500\" height=\"350\" title=\"&#8222;Nachbericht: Buchvorstellung und Lesung: \u201eDie Deportation der Juden aus Hessen 1940 bis 1945\u201c&#8220; &#8211; Haus des Erinnerns\" data-secret=\"zQv2oDg1JP\" frameborder=\"0\" marginwidth=\"0\" marginheight=\"0\" scrolling=\"no\" class=\"wp-embedded-content\"><\/iframe><script type=\"text\/javascript\">\n\/* <![CDATA[ *\/\n\/*! This file is auto-generated *\/\n!function(d,l){\"use strict\";l.querySelector&&d.addEventListener&&\"undefined\"!=typeof URL&&(d.wp=d.wp||{},d.wp.receiveEmbedMessage||(d.wp.receiveEmbedMessage=function(e){var t=e.data;if((t||t.secret||t.message||t.value)&&!\/[^a-zA-Z0-9]\/.test(t.secret)){for(var s,r,n,a=l.querySelectorAll('iframe[data-secret=\"'+t.secret+'\"]'),o=l.querySelectorAll('blockquote[data-secret=\"'+t.secret+'\"]'),c=new RegExp(\"^https?:$\",\"i\"),i=0;i<o.length;i++)o[i].style.display=\"none\";for(i=0;i<a.length;i++)s=a[i],e.source===s.contentWindow&&(s.removeAttribute(\"style\"),\"height\"===t.message?(1e3<(r=parseInt(t.value,10))?r=1e3:~~r<200&&(r=200),s.height=r):\"link\"===t.message&&(r=new URL(s.getAttribute(\"src\")),n=new URL(t.value),c.test(n.protocol))&&n.host===r.host&&l.activeElement===s&&(d.top.location.href=t.value))}},d.addEventListener(\"message\",d.wp.receiveEmbedMessage,!1),l.addEventListener(\"DOMContentLoaded\",function(){for(var e,t,s=l.querySelectorAll(\"iframe.wp-embedded-content\"),r=0;r<s.length;r++)(t=(e=s[r]).getAttribute(\"data-secret\"))||(t=Math.random().toString(36).substring(2,12),e.src+=\"#?secret=\"+t,e.setAttribute(\"data-secret\",t)),e.contentWindow.postMessage({message:\"ready\",secret:t},\"*\")},!1)))}(window,document);\n\/* ]]> *\/\n<\/script>\n"},"_links":{"self":[{"href":"https:\/\/www.haus-des-erinnerns-mainz.de\/index.php\/wp-json\/wp\/v2\/posts\/6068","targetHints":{"allow":["GET"]}}],"collection":[{"href":"https:\/\/www.haus-des-erinnerns-mainz.de\/index.php\/wp-json\/wp\/v2\/posts"}],"about":[{"href":"https:\/\/www.haus-des-erinnerns-mainz.de\/index.php\/wp-json\/wp\/v2\/types\/post"}],"author":[{"embeddable":true,"href":"https:\/\/www.haus-des-erinnerns-mainz.de\/index.php\/wp-json\/wp\/v2\/users\/4"}],"replies":[{"embeddable":true,"href":"https:\/\/www.haus-des-erinnerns-mainz.de\/index.php\/wp-json\/wp\/v2\/comments?post=6068"}],"version-history":[{"count":3,"href":"https:\/\/www.haus-des-erinnerns-mainz.de\/index.php\/wp-json\/wp\/v2\/posts\/6068\/revisions"}],"predecessor-version":[{"id":6116,"href":"https:\/\/www.haus-des-erinnerns-mainz.de\/index.php\/wp-json\/wp\/v2\/posts\/6068\/revisions\/6116"}],"wp:attachment":[{"href":"https:\/\/www.haus-des-erinnerns-mainz.de\/index.php\/wp-json\/wp\/v2\/media?parent=6068"}],"wp:term":[{"taxonomy":"category","embeddable":true,"href":"https:\/\/www.haus-des-erinnerns-mainz.de\/index.php\/wp-json\/wp\/v2\/categories?post=6068"},{"taxonomy":"post_tag","embeddable":true,"href":"https:\/\/www.haus-des-erinnerns-mainz.de\/index.php\/wp-json\/wp\/v2\/tags?post=6068"},{"taxonomy":"series","embeddable":true,"href":"https:\/\/www.haus-des-erinnerns-mainz.de\/index.php\/wp-json\/wp\/v2\/series?post=6068"}],"curies":[{"name":"wp","href":"https:\/\/api.w.org\/{rel}","templated":true}]}}