{"id":5990,"date":"2023-03-21T14:10:47","date_gmt":"2023-03-21T13:10:47","guid":{"rendered":"https:\/\/www.haus-des-erinnerns-mainz.de\/?p=5990"},"modified":"2023-03-21T14:10:50","modified_gmt":"2023-03-21T13:10:50","slug":"nachbericht-zur-preisverleihung-des-jugend-engagement-wettbewerbs-sich-einmischen-was-bewegen-am-10-maerz","status":"publish","type":"post","link":"https:\/\/www.haus-des-erinnerns-mainz.de\/index.php\/2023\/03\/21\/nachbericht-zur-preisverleihung-des-jugend-engagement-wettbewerbs-sich-einmischen-was-bewegen-am-10-maerz\/","title":{"rendered":"Nachbericht zur Preisverleihung des Jugend &#8211; Engagement &#8211; Wettbewerbs \u201eSich einmischen &#8211; was bewegen\u201c am 10. M\u00e4rz"},"content":{"rendered":"\n<figure class=\"wp-block-image size-large\"><img loading=\"lazy\" decoding=\"async\" width=\"1024\" height=\"574\" src=\"https:\/\/www.haus-des-erinnerns-mainz.de\/wp-content\/uploads\/2023\/03\/52738045602_78fce5c971_o-1024x574.jpg\" alt=\"\" class=\"wp-image-5991\" srcset=\"https:\/\/www.haus-des-erinnerns-mainz.de\/wp-content\/uploads\/2023\/03\/52738045602_78fce5c971_o-1024x574.jpg 1024w, https:\/\/www.haus-des-erinnerns-mainz.de\/wp-content\/uploads\/2023\/03\/52738045602_78fce5c971_o-300x168.jpg 300w, https:\/\/www.haus-des-erinnerns-mainz.de\/wp-content\/uploads\/2023\/03\/52738045602_78fce5c971_o-768x430.jpg 768w, https:\/\/www.haus-des-erinnerns-mainz.de\/wp-content\/uploads\/2023\/03\/52738045602_78fce5c971_o-1536x861.jpg 1536w, https:\/\/www.haus-des-erinnerns-mainz.de\/wp-content\/uploads\/2023\/03\/52738045602_78fce5c971_o-2048x1147.jpg 2048w, https:\/\/www.haus-des-erinnerns-mainz.de\/wp-content\/uploads\/2023\/03\/52738045602_78fce5c971_o-150x84.jpg 150w\" sizes=\"auto, (max-width: 1024px) 100vw, 1024px\" \/><figcaption class=\"wp-element-caption\">\u00a9Staatskanzlei RLP\/ Alexander Sell<\/figcaption><\/figure>\n\n\n\n<br>\n\n\n\n<p>Am Freitag, den 10. M\u00e4rz fand im Festsaal der Staatskanzlei Rheinland-Pfalz die Preisverleihung des Jugend &#8211; Engagement Wettbewerbs RLP \u201eSich einmischen \u2013 was bewegen\u201c statt. Schon letztes Jahr durften wir uns \u00fcber eine Auszeichnung f\u00fcr unsere erste Jugenddemokratiekonferenz freuen und auch dieses Jahr hatten wir die Ehre zu den Ausgezeichneten zu geh\u00f6ren. Dieses Mal mit unserer zweiten Jugenddemokratiekonferenz, die wieder zum Demokratietag Rheinland \u2013 Pfalz am 12. Oktober stattfinden wird.<\/p>\n\n\n\n<p>Zun\u00e4chst wurden wir nach einem Musikbeitrag der Musikgruppe \u201eMeister Hora\u201c von dem Moderator Clemens Br\u00fcchert und der Co-Moderatorin Leonie Harth begr\u00fc\u00dft. Anschlie\u00dfend gab es noch eine Begr\u00fc\u00dfung und Einf\u00fchrung durch die Ministerpr\u00e4sidentin Malu Dreyer.<\/p>\n\n\n\n<figure class=\"wp-block-gallery has-nested-images columns-default is-cropped wp-block-gallery-1 is-layout-flex wp-block-gallery-is-layout-flex\">\n<figure class=\"wp-block-image size-large\"><img loading=\"lazy\" decoding=\"async\" width=\"1024\" height=\"683\" data-id=\"5996\" src=\"https:\/\/www.haus-des-erinnerns-mainz.de\/wp-content\/uploads\/2023\/03\/52738565311_57fc1977fe_o-1-1024x683.jpg\" alt=\"\" class=\"wp-image-5996\" srcset=\"https:\/\/www.haus-des-erinnerns-mainz.de\/wp-content\/uploads\/2023\/03\/52738565311_57fc1977fe_o-1-1024x683.jpg 1024w, https:\/\/www.haus-des-erinnerns-mainz.de\/wp-content\/uploads\/2023\/03\/52738565311_57fc1977fe_o-1-300x200.jpg 300w, https:\/\/www.haus-des-erinnerns-mainz.de\/wp-content\/uploads\/2023\/03\/52738565311_57fc1977fe_o-1-768x512.jpg 768w, https:\/\/www.haus-des-erinnerns-mainz.de\/wp-content\/uploads\/2023\/03\/52738565311_57fc1977fe_o-1-1536x1025.jpg 1536w, https:\/\/www.haus-des-erinnerns-mainz.de\/wp-content\/uploads\/2023\/03\/52738565311_57fc1977fe_o-1-2048x1366.jpg 2048w, https:\/\/www.haus-des-erinnerns-mainz.de\/wp-content\/uploads\/2023\/03\/52738565311_57fc1977fe_o-1-150x100.jpg 150w\" sizes=\"auto, (max-width: 1024px) 100vw, 1024px\" \/><figcaption class=\"wp-element-caption\">\u00a9Staatskanzlei RLP\/ Alexander Sell<\/figcaption><\/figure>\n\n\n\n<figure class=\"wp-block-image size-large\"><img loading=\"lazy\" decoding=\"async\" width=\"1024\" height=\"661\" data-id=\"5995\" src=\"https:\/\/www.haus-des-erinnerns-mainz.de\/wp-content\/uploads\/2023\/03\/52738976915_9aeddfddb8_o-1-1024x661.jpg\" alt=\"\" class=\"wp-image-5995\" srcset=\"https:\/\/www.haus-des-erinnerns-mainz.de\/wp-content\/uploads\/2023\/03\/52738976915_9aeddfddb8_o-1-1024x661.jpg 1024w, https:\/\/www.haus-des-erinnerns-mainz.de\/wp-content\/uploads\/2023\/03\/52738976915_9aeddfddb8_o-1-300x194.jpg 300w, https:\/\/www.haus-des-erinnerns-mainz.de\/wp-content\/uploads\/2023\/03\/52738976915_9aeddfddb8_o-1-768x496.jpg 768w, https:\/\/www.haus-des-erinnerns-mainz.de\/wp-content\/uploads\/2023\/03\/52738976915_9aeddfddb8_o-1-1536x992.jpg 1536w, https:\/\/www.haus-des-erinnerns-mainz.de\/wp-content\/uploads\/2023\/03\/52738976915_9aeddfddb8_o-1-2048x1323.jpg 2048w, https:\/\/www.haus-des-erinnerns-mainz.de\/wp-content\/uploads\/2023\/03\/52738976915_9aeddfddb8_o-1-150x97.jpg 150w\" sizes=\"auto, (max-width: 1024px) 100vw, 1024px\" \/><figcaption class=\"wp-element-caption\">\u00a9Staatskanzlei RLP\/ Alexander Sell<\/figcaption><\/figure>\n\n\n\n<figure class=\"wp-block-image size-large\"><img loading=\"lazy\" decoding=\"async\" width=\"1024\" height=\"683\" data-id=\"5997\" src=\"https:\/\/www.haus-des-erinnerns-mainz.de\/wp-content\/uploads\/2023\/03\/52739050853_0b2bbcbe78_o-1-1024x683.jpg\" alt=\"\" class=\"wp-image-5997\" srcset=\"https:\/\/www.haus-des-erinnerns-mainz.de\/wp-content\/uploads\/2023\/03\/52739050853_0b2bbcbe78_o-1-1024x683.jpg 1024w, https:\/\/www.haus-des-erinnerns-mainz.de\/wp-content\/uploads\/2023\/03\/52739050853_0b2bbcbe78_o-1-300x200.jpg 300w, https:\/\/www.haus-des-erinnerns-mainz.de\/wp-content\/uploads\/2023\/03\/52739050853_0b2bbcbe78_o-1-768x512.jpg 768w, https:\/\/www.haus-des-erinnerns-mainz.de\/wp-content\/uploads\/2023\/03\/52739050853_0b2bbcbe78_o-1-1536x1025.jpg 1536w, https:\/\/www.haus-des-erinnerns-mainz.de\/wp-content\/uploads\/2023\/03\/52739050853_0b2bbcbe78_o-1-2048x1366.jpg 2048w, https:\/\/www.haus-des-erinnerns-mainz.de\/wp-content\/uploads\/2023\/03\/52739050853_0b2bbcbe78_o-1-150x100.jpg 150w\" sizes=\"auto, (max-width: 1024px) 100vw, 1024px\" \/><figcaption class=\"wp-element-caption\">\u00a9Staatskanzlei RLP\/ Alexander Sell<\/figcaption><\/figure>\n<\/figure>\n\n\n\n<br>\n\n\n\n<p>Danach begann die Preisverleihung in einzelnen Bl\u00f6cken, die nach Regionen sortiert waren. Es gab je eine Laudatio durch Mitglieder der Jury und dann eine Vorstellung der Projekte mit anschlie\u00dfender Ehrung. Wir bekamen die Urkunde \u00fcberreicht und durften ein Bild mit der Ministerpr\u00e4sidentin machen. Hier erkannte sie auch an, dass bei den Ergebnissen unserer Umfrage im Forderungskatalog es erschreckend ist, dass sich viele Jugendliche von der Politik nicht ernstgenommen f\u00fchlen. Zum Schluss wurde der Abend mit einer Moderation und einem Abschluss von Frau Dreyer beendet. Es fand noch ein Gruppenbild aller Preistr\u00e4ger*innen statt.<\/p>\n\n\n\n<figure class=\"wp-block-gallery has-nested-images columns-default is-cropped wp-block-gallery-2 is-layout-flex wp-block-gallery-is-layout-flex\">\n<figure class=\"wp-block-image size-large\"><img loading=\"lazy\" decoding=\"async\" width=\"1024\" height=\"614\" data-id=\"5999\" src=\"https:\/\/www.haus-des-erinnerns-mainz.de\/wp-content\/uploads\/2023\/03\/52738564556_1aef14061e_o-1024x614.jpg\" alt=\"\" class=\"wp-image-5999\" srcset=\"https:\/\/www.haus-des-erinnerns-mainz.de\/wp-content\/uploads\/2023\/03\/52738564556_1aef14061e_o-1024x614.jpg 1024w, https:\/\/www.haus-des-erinnerns-mainz.de\/wp-content\/uploads\/2023\/03\/52738564556_1aef14061e_o-300x180.jpg 300w, https:\/\/www.haus-des-erinnerns-mainz.de\/wp-content\/uploads\/2023\/03\/52738564556_1aef14061e_o-768x461.jpg 768w, https:\/\/www.haus-des-erinnerns-mainz.de\/wp-content\/uploads\/2023\/03\/52738564556_1aef14061e_o-1536x922.jpg 1536w, https:\/\/www.haus-des-erinnerns-mainz.de\/wp-content\/uploads\/2023\/03\/52738564556_1aef14061e_o-2048x1229.jpg 2048w, https:\/\/www.haus-des-erinnerns-mainz.de\/wp-content\/uploads\/2023\/03\/52738564556_1aef14061e_o-150x90.jpg 150w\" sizes=\"auto, (max-width: 1024px) 100vw, 1024px\" \/><figcaption class=\"wp-element-caption\">\u00a9Staatskanzlei RLP\/ Alexander Sell<\/figcaption><\/figure>\n\n\n\n<figure class=\"wp-block-image size-large\"><img loading=\"lazy\" decoding=\"async\" width=\"1024\" height=\"820\" data-id=\"5998\" src=\"https:\/\/www.haus-des-erinnerns-mainz.de\/wp-content\/uploads\/2023\/03\/52738976470_cd36a0c248_o-1024x820.jpg\" alt=\"\" class=\"wp-image-5998\" srcset=\"https:\/\/www.haus-des-erinnerns-mainz.de\/wp-content\/uploads\/2023\/03\/52738976470_cd36a0c248_o-1024x820.jpg 1024w, https:\/\/www.haus-des-erinnerns-mainz.de\/wp-content\/uploads\/2023\/03\/52738976470_cd36a0c248_o-300x240.jpg 300w, https:\/\/www.haus-des-erinnerns-mainz.de\/wp-content\/uploads\/2023\/03\/52738976470_cd36a0c248_o-768x615.jpg 768w, https:\/\/www.haus-des-erinnerns-mainz.de\/wp-content\/uploads\/2023\/03\/52738976470_cd36a0c248_o-1536x1230.jpg 1536w, https:\/\/www.haus-des-erinnerns-mainz.de\/wp-content\/uploads\/2023\/03\/52738976470_cd36a0c248_o-2048x1640.jpg 2048w, https:\/\/www.haus-des-erinnerns-mainz.de\/wp-content\/uploads\/2023\/03\/52738976470_cd36a0c248_o-150x120.jpg 150w, https:\/\/www.haus-des-erinnerns-mainz.de\/wp-content\/uploads\/2023\/03\/52738976470_cd36a0c248_o-350x280.jpg 350w\" sizes=\"auto, (max-width: 1024px) 100vw, 1024px\" \/><figcaption class=\"wp-element-caption\">\u00a9Staatskanzlei RLP\/ Alexander Sell<\/figcaption><\/figure>\n<\/figure>\n\n\n\n<br>\n\n\n\n<p>Die Verleihung zeigt, dass das Thema der Jugendpartizipation in Mainz weiterhin gro\u00dfes Geh\u00f6r und Anerkennung findet. Wir durften neben Dr. Eckart Lensch, dem Dezernenten f\u00fcr Soziales, Kinder, Jugend, Schule und Gesundheit, sitzen, welcher mit seiner Anwesenheit verdeutlicht, wie wichtig jugendliches Engagement ist. Vielen Dank daf\u00fcr! Diese Anerkennung zeigt sich vor allem auch in den Gl\u00fcckw\u00fcnschen, die uns erreicht haben. Zun\u00e4chst wollen wir uns da bei Tabea R\u00f6\u00dfner, Mitglied des Deutschen Bundestages und unter anderem Vorsitzende des Digitalausschusses, bedanken. Ihre Gl\u00fcckw\u00fcnsche haben uns sehr gefreut. Auch sie betont, wie wichtig es ist, dass Jugendliche \u00fcber ihre Zukunft mitentscheiden k\u00f6nnen und daf\u00fcr geh\u00f6rt werden: \u201eMit der Jugenddemokratiekonferenz haben Sie ein tolles Projekt von jungen Menschen f\u00fcr junge Menschen auf die Beine gestellt und gezeigt, dass es der folgenden Generation weder an politischem Interesse noch an innovativen Ideen mangelt um unser aller Zukunft zu bereichern. Ich hoffe sehr, dass ihr Projekt in Zukunft als Sprachrohr der Jugend an die Politik erhalten bleibt und ihre gemeinsam beschlossenen Forderungen dort Geh\u00f6r finden.\u201c Es freut uns immer zu sehen, dass es Menschen gerade in der Politik gibt, die darauf achten, was die j\u00fcngeren Generationen fordern und anerkennen, wenn sie sich f\u00fcr etwas einsetzen.<\/p>\n\n\n\n<p>Daher bedanken wir uns auch herzlichst bei dem Bundestagsabgeordneten Daniel Baldy, der uns schon bei der ersten Jugenddemokratiekonferenz unterst\u00fctzt hatte und auch weiterhin interessiert an unseren Ergebnissen blieb und diese sogar in einer Rede im Bundestag erw\u00e4hnte. Im Dezember durften wir Ihm unseren Forderungskatalog \u00fcberreichen und mit ihm ein spannendes Gespr\u00e4ch f\u00fchren. Seine Gl\u00fcckw\u00fcnsche haben uns sehr gefreut und dr\u00fccken aus, wie wichtig die Meinung der Jugendlichen und die Arbeit des Jugendforums sind. \u201eDie Auszeichnung ist eine gro\u00dfartige Errungenschaft und eine Anerkennung f\u00fcr die harte Arbeit und das Engagement des Haus des Erinnerns\u201c. Dem m\u00f6chten wir uns anschlie\u00dfen und bedanken uns hiermit auch bei der Jury und der Ministerpr\u00e4sidentin Malu Dreyer f\u00fcr diese Ehre und dass wir dabei sein durften.<\/p>\n\n\n\n<figure class=\"wp-block-image size-large\"><img loading=\"lazy\" decoding=\"async\" width=\"1024\" height=\"853\" src=\"https:\/\/www.haus-des-erinnerns-mainz.de\/wp-content\/uploads\/2023\/03\/IMG-20230310-WA0001-1-1024x853.jpg\" alt=\"\" class=\"wp-image-6001\" srcset=\"https:\/\/www.haus-des-erinnerns-mainz.de\/wp-content\/uploads\/2023\/03\/IMG-20230310-WA0001-1-1024x853.jpg 1024w, https:\/\/www.haus-des-erinnerns-mainz.de\/wp-content\/uploads\/2023\/03\/IMG-20230310-WA0001-1-300x250.jpg 300w, https:\/\/www.haus-des-erinnerns-mainz.de\/wp-content\/uploads\/2023\/03\/IMG-20230310-WA0001-1-768x640.jpg 768w, https:\/\/www.haus-des-erinnerns-mainz.de\/wp-content\/uploads\/2023\/03\/IMG-20230310-WA0001-1-150x125.jpg 150w, https:\/\/www.haus-des-erinnerns-mainz.de\/wp-content\/uploads\/2023\/03\/IMG-20230310-WA0001-1.jpg 1326w\" sizes=\"auto, (max-width: 1024px) 100vw, 1024px\" \/><figcaption class=\"wp-element-caption\">Es hat uns sehr gefreut, unsere ehemalige Mitarbeiterin Janika Schiffel wieder zu treffen.<\/figcaption><\/figure>\n","protected":false},"excerpt":{"rendered":"<p>Am Freitag, den 10. M\u00e4rz fand im Festsaal der Staatskanzlei Rheinland-Pfalz die Preisverleihung des Jugend &#8211; Engagement Wettbewerbs RLP \u201eSich einmischen \u2013 was bewegen\u201c statt. Schon letztes Jahr durften wir uns \u00fcber eine Auszeichnung f\u00fcr unsere erste Jugenddemokratiekonferenz freuen und auch dieses Jahr hatten wir die Ehre zu den Ausgezeichneten&#8230;<\/p>\n<p> <a class=\"continue-reading-link\" href=\"https:\/\/www.haus-des-erinnerns-mainz.de\/index.php\/2023\/03\/21\/nachbericht-zur-preisverleihung-des-jugend-engagement-wettbewerbs-sich-einmischen-was-bewegen-am-10-maerz\/\"><span>Weiterlesen<\/span><i class=\"crycon-right-dir\"><\/i><\/a> <\/p>\n","protected":false},"author":4,"featured_media":0,"comment_status":"closed","ping_status":"closed","sticky":false,"template":"","format":"standard","meta":{"episode_type":"audio","audio_file":"","podmotor_file_id":"","podmotor_episode_id":"","cover_image":"","cover_image_id":"","duration":"","filesize":"","filesize_raw":"","date_recorded":"","explicit":"","block":"","ngg_post_thumbnail":0,"_price":"","_stock":"","_tribe_ticket_header":"","_tribe_default_ticket_provider":"","_tribe_ticket_capacity":"0","_ticket_start_date":"","_ticket_end_date":"","_tribe_ticket_show_description":"","_tribe_ticket_show_not_going":false,"_tribe_ticket_use_global_stock":"","_tribe_ticket_global_stock_level":"","_global_stock_mode":"","_global_stock_cap":"","_tribe_rsvp_for_event":"","_tribe_ticket_going_count":"","_tribe_ticket_not_going_count":"","_tribe_tickets_list":"[]","_tribe_ticket_has_attendee_info_fields":false,"footnotes":""},"categories":[75,1,219,87],"tags":[],"series":[547],"class_list":["post-5990","post","type-post","status-publish","format-standard","hentry","category-aktuelles","category-allgemein","category-jugendforum","category-nachberichte","series-haus-des-erinnerns"],"episode_featured_image":false,"episode_player_image":"https:\/\/www.haus-des-erinnerns-mainz.de\/wp-content\/plugins\/seriously-simple-podcasting\/assets\/images\/no-album-art.png","download_link":"","player_link":"","audio_player":false,"episode_data":{"playerMode":"dark","subscribeUrls":[],"rssFeedUrl":"https:\/\/www.haus-des-erinnerns-mainz.de\/feed\/podcast\/haus-des-erinnerns","embedCode":"<blockquote class=\"wp-embedded-content\" data-secret=\"qPUHEQdH8J\"><a href=\"https:\/\/www.haus-des-erinnerns-mainz.de\/index.php\/2023\/03\/21\/nachbericht-zur-preisverleihung-des-jugend-engagement-wettbewerbs-sich-einmischen-was-bewegen-am-10-maerz\/\">Nachbericht zur Preisverleihung des Jugend &#8211; Engagement &#8211; Wettbewerbs \u201eSich einmischen &#8211; was bewegen\u201c am 10. M\u00e4rz<\/a><\/blockquote><iframe sandbox=\"allow-scripts\" security=\"restricted\" src=\"https:\/\/www.haus-des-erinnerns-mainz.de\/index.php\/2023\/03\/21\/nachbericht-zur-preisverleihung-des-jugend-engagement-wettbewerbs-sich-einmischen-was-bewegen-am-10-maerz\/embed\/#?secret=qPUHEQdH8J\" width=\"500\" height=\"350\" title=\"&#8222;Nachbericht zur Preisverleihung des Jugend &#8211; Engagement &#8211; Wettbewerbs \u201eSich einmischen &#8211; was bewegen\u201c am 10. M\u00e4rz&#8220; &#8211; Haus des Erinnerns\" data-secret=\"qPUHEQdH8J\" frameborder=\"0\" marginwidth=\"0\" marginheight=\"0\" scrolling=\"no\" class=\"wp-embedded-content\"><\/iframe><script type=\"text\/javascript\">\n\/* <![CDATA[ *\/\n\/*! This file is auto-generated *\/\n!function(d,l){\"use strict\";l.querySelector&&d.addEventListener&&\"undefined\"!=typeof URL&&(d.wp=d.wp||{},d.wp.receiveEmbedMessage||(d.wp.receiveEmbedMessage=function(e){var t=e.data;if((t||t.secret||t.message||t.value)&&!\/[^a-zA-Z0-9]\/.test(t.secret)){for(var s,r,n,a=l.querySelectorAll('iframe[data-secret=\"'+t.secret+'\"]'),o=l.querySelectorAll('blockquote[data-secret=\"'+t.secret+'\"]'),c=new RegExp(\"^https?:$\",\"i\"),i=0;i<o.length;i++)o[i].style.display=\"none\";for(i=0;i<a.length;i++)s=a[i],e.source===s.contentWindow&&(s.removeAttribute(\"style\"),\"height\"===t.message?(1e3<(r=parseInt(t.value,10))?r=1e3:~~r<200&&(r=200),s.height=r):\"link\"===t.message&&(r=new URL(s.getAttribute(\"src\")),n=new URL(t.value),c.test(n.protocol))&&n.host===r.host&&l.activeElement===s&&(d.top.location.href=t.value))}},d.addEventListener(\"message\",d.wp.receiveEmbedMessage,!1),l.addEventListener(\"DOMContentLoaded\",function(){for(var e,t,s=l.querySelectorAll(\"iframe.wp-embedded-content\"),r=0;r<s.length;r++)(t=(e=s[r]).getAttribute(\"data-secret\"))||(t=Math.random().toString(36).substring(2,12),e.src+=\"#?secret=\"+t,e.setAttribute(\"data-secret\",t)),e.contentWindow.postMessage({message:\"ready\",secret:t},\"*\")},!1)))}(window,document);\n\/* ]]> *\/\n<\/script>\n"},"_links":{"self":[{"href":"https:\/\/www.haus-des-erinnerns-mainz.de\/index.php\/wp-json\/wp\/v2\/posts\/5990","targetHints":{"allow":["GET"]}}],"collection":[{"href":"https:\/\/www.haus-des-erinnerns-mainz.de\/index.php\/wp-json\/wp\/v2\/posts"}],"about":[{"href":"https:\/\/www.haus-des-erinnerns-mainz.de\/index.php\/wp-json\/wp\/v2\/types\/post"}],"author":[{"embeddable":true,"href":"https:\/\/www.haus-des-erinnerns-mainz.de\/index.php\/wp-json\/wp\/v2\/users\/4"}],"replies":[{"embeddable":true,"href":"https:\/\/www.haus-des-erinnerns-mainz.de\/index.php\/wp-json\/wp\/v2\/comments?post=5990"}],"version-history":[{"count":1,"href":"https:\/\/www.haus-des-erinnerns-mainz.de\/index.php\/wp-json\/wp\/v2\/posts\/5990\/revisions"}],"predecessor-version":[{"id":6002,"href":"https:\/\/www.haus-des-erinnerns-mainz.de\/index.php\/wp-json\/wp\/v2\/posts\/5990\/revisions\/6002"}],"wp:attachment":[{"href":"https:\/\/www.haus-des-erinnerns-mainz.de\/index.php\/wp-json\/wp\/v2\/media?parent=5990"}],"wp:term":[{"taxonomy":"category","embeddable":true,"href":"https:\/\/www.haus-des-erinnerns-mainz.de\/index.php\/wp-json\/wp\/v2\/categories?post=5990"},{"taxonomy":"post_tag","embeddable":true,"href":"https:\/\/www.haus-des-erinnerns-mainz.de\/index.php\/wp-json\/wp\/v2\/tags?post=5990"},{"taxonomy":"series","embeddable":true,"href":"https:\/\/www.haus-des-erinnerns-mainz.de\/index.php\/wp-json\/wp\/v2\/series?post=5990"}],"curies":[{"name":"wp","href":"https:\/\/api.w.org\/{rel}","templated":true}]}}