{"id":5937,"date":"2023-03-08T18:37:46","date_gmt":"2023-03-08T17:37:46","guid":{"rendered":"https:\/\/www.haus-des-erinnerns-mainz.de\/?p=5937"},"modified":"2023-03-09T11:36:46","modified_gmt":"2023-03-09T10:36:46","slug":"nachbericht-vortrag-dimensionen-des-voelkermordes-an-den-sinti-und-roma-von-dr-karola-fings-am-2-maerz","status":"publish","type":"post","link":"https:\/\/www.haus-des-erinnerns-mainz.de\/index.php\/2023\/03\/08\/nachbericht-vortrag-dimensionen-des-voelkermordes-an-den-sinti-und-roma-von-dr-karola-fings-am-2-maerz\/","title":{"rendered":"Nachbericht: Vortrag \u201eDimensionen des V\u00f6lkermordes an den Sinti und Roma\u201c von Dr. Karola Fings am 2. M\u00e4rz"},"content":{"rendered":"\n<p><\/p>\n\n\n\n<figure class=\"wp-block-image size-full\"><img loading=\"lazy\" decoding=\"async\" width=\"680\" height=\"520\" src=\"https:\/\/www.haus-des-erinnerns-mainz.de\/wp-content\/uploads\/2023\/03\/PHOTO-2023-03-08-18-17-24-1.jpg\" alt=\"\" class=\"wp-image-5943\" srcset=\"https:\/\/www.haus-des-erinnerns-mainz.de\/wp-content\/uploads\/2023\/03\/PHOTO-2023-03-08-18-17-24-1.jpg 680w, https:\/\/www.haus-des-erinnerns-mainz.de\/wp-content\/uploads\/2023\/03\/PHOTO-2023-03-08-18-17-24-1-300x229.jpg 300w, https:\/\/www.haus-des-erinnerns-mainz.de\/wp-content\/uploads\/2023\/03\/PHOTO-2023-03-08-18-17-24-1-150x115.jpg 150w\" sizes=\"auto, (max-width: 680px) 100vw, 680px\" \/><\/figure>\n\n\n\n<br>\n\n\n\n<p>Am 2. M\u00e4rz fand im Haus des Erinnerns \u2013 f\u00fcr Demokratie und Akzeptanz ein Vortrag zu den Dimensionen des V\u00f6lkermordes an den Sinti* und Roma* statt. Diese Veranstaltung war Teil der Themenwochen gegen Antiziganismus und fand in Kooperation mit der Forschungsstelle Antiziganismus der Universit\u00e4t Heidelberg und dem Verband Deutscher Sinti und Roma, Landesverband Rheinland-Pfalz statt.<\/p>\n\n\n\n<p>Zun\u00e4chst stellte Andra Draghiciu, Projektmitarbeiterin bei der Melde- und Informationsstelle Antiziganismus in Rheinland-Pfalz (<a href=\"https:\/\/www.antiziganismus-melden.de\/\" data-type=\"URL\" data-id=\"https:\/\/www.antiziganismus-melden.de\/\">MIA RLP<\/a>) diese neu geschaffene Stelle vor. Der Verband Deutscher Sinti und Roma \u2013 Landesverband Rheinland-Pfalz er\u00f6ffnete damit die erste Monitoringstelle f\u00fcr Antiziganismus in Rheinland-Pfalz. Antiziganistische \u00dcbergriffe k\u00f6nnen verschiedene Formen annehmen und es ist wichtig, Betroffenen eine Plattform zu bieten, auf der sie diese melden k\u00f6nnen und dar\u00fcber hinaus auch Hilfe bekommen k\u00f6nnen, was sie sonst noch tun k\u00f6nnen. Des Weiteren bietet diese Meldestelle nun erstmals die Chance, solche \u00dcberf\u00e4lle zu erfassen und gibt so einen \u00dcberblick, wie verbreitet antiziganistische \u00dcbergriffe sind und welche Entwicklungen sich \u00fcber eine l\u00e4ngere Zeit hinweg erkennen lassen. Gerade weil viele Menschen nicht ernstgenommen werden, wenn \u00dcbergriffe nicht strafrechtlich verfolgt werden k\u00f6nnen und sie diese deshalb oft nicht anzeigen, ist es wichtig, eine zentrale und regionale Meldestelle zu haben, die auch diese erfasst.<\/p>\n\n\n\n<figure class=\"wp-block-image size-large\"><img loading=\"lazy\" decoding=\"async\" width=\"1024\" height=\"836\" src=\"https:\/\/www.haus-des-erinnerns-mainz.de\/wp-content\/uploads\/2023\/03\/PHOTO-2023-03-08-18-17-25-2-1024x836.jpg\" alt=\"\" class=\"wp-image-5941\" srcset=\"https:\/\/www.haus-des-erinnerns-mainz.de\/wp-content\/uploads\/2023\/03\/PHOTO-2023-03-08-18-17-25-2-1024x836.jpg 1024w, https:\/\/www.haus-des-erinnerns-mainz.de\/wp-content\/uploads\/2023\/03\/PHOTO-2023-03-08-18-17-25-2-300x245.jpg 300w, https:\/\/www.haus-des-erinnerns-mainz.de\/wp-content\/uploads\/2023\/03\/PHOTO-2023-03-08-18-17-25-2-768x627.jpg 768w, https:\/\/www.haus-des-erinnerns-mainz.de\/wp-content\/uploads\/2023\/03\/PHOTO-2023-03-08-18-17-25-2-150x123.jpg 150w, https:\/\/www.haus-des-erinnerns-mainz.de\/wp-content\/uploads\/2023\/03\/PHOTO-2023-03-08-18-17-25-2.jpg 1162w\" sizes=\"auto, (max-width: 1024px) 100vw, 1024px\" \/><\/figure>\n\n\n\n<br>\n\n\n\n<p>Anschlie\u00dfend begann der Vortrag von Dr. Karola Fings, Expertin und Mitarbeiterin bei der Forschungsstelle Antiziganismus in Heidelberg. Darin besch\u00e4ftigte sie sich mit der Ausgrenzung, Entrechtung, Verfolgung und schlussendlich Ermordung von Sinti* und Roma* im Gebiet des heutigen Rheinland-Pfalz. Sie forscht nun schon seit \u00fcber 30 Jahren zu dem Thema und gab Einblicke in verschiedene Verfolgungsbiografien. Ab 1933 wurden Sinti* und Roma* aus dem beruflichen wie gesellschaftlichen Leben ausgegrenzt. Auch wenn es schon vor der NS-Zeit \u00e4hnliche Ausgrenzungsmechanismen gab, wurden sie doch durch die Entrechtung, Zwangssterilisation und Verschleppung in Konzentrations- und Vernichtungslager durch die Nationalsozialisten beispiellos. Auch die Nachkriegszeit wurde beleuchtet, indem die Referentin den schwierigen Kampf der Betroffenen um Wiedergutmachung oder gar Anerkennung der Verbrechen als an den Sinti* und Roma* als V\u00f6lkermord aufzeigte.<\/p>\n\n\n\n<p>Die anschlie\u00dfende Diskussion der rund 20 Besuchenden war sehr lebhaft und es wurden viele spannende Fragen gestellt. Vielen Dank an Dr. Karola Fings f\u00fcr den spannenden Vortrag und an alle Kooperationspartner*innen.<\/p>\n","protected":false},"excerpt":{"rendered":"<p>Am 2. M\u00e4rz fand im Haus des Erinnerns \u2013 f\u00fcr Demokratie und Akzeptanz ein Vortrag zu den Dimensionen des V\u00f6lkermordes an den Sinti* und Roma* statt. Diese Veranstaltung war Teil der Themenwochen gegen Antiziganismus und fand in Kooperation mit der Forschungsstelle Antiziganismus der Universit\u00e4t Heidelberg und dem Verband Deutscher Sinti&#8230;<\/p>\n<p> <a class=\"continue-reading-link\" href=\"https:\/\/www.haus-des-erinnerns-mainz.de\/index.php\/2023\/03\/08\/nachbericht-vortrag-dimensionen-des-voelkermordes-an-den-sinti-und-roma-von-dr-karola-fings-am-2-maerz\/\"><span>Weiterlesen<\/span><i class=\"crycon-right-dir\"><\/i><\/a> <\/p>\n","protected":false},"author":4,"featured_media":0,"comment_status":"closed","ping_status":"closed","sticky":false,"template":"","format":"standard","meta":{"episode_type":"audio","audio_file":"","podmotor_file_id":"","podmotor_episode_id":"","cover_image":"","cover_image_id":"","duration":"","filesize":"","filesize_raw":"","date_recorded":"","explicit":"","block":"","ngg_post_thumbnail":0,"_price":"","_stock":"","_tribe_ticket_header":"","_tribe_default_ticket_provider":"","_tribe_ticket_capacity":"0","_ticket_start_date":"","_ticket_end_date":"","_tribe_ticket_show_description":"","_tribe_ticket_show_not_going":false,"_tribe_ticket_use_global_stock":"","_tribe_ticket_global_stock_level":"","_global_stock_mode":"","_global_stock_cap":"","_tribe_rsvp_for_event":"","_tribe_ticket_going_count":"","_tribe_ticket_not_going_count":"","_tribe_tickets_list":"[]","_tribe_ticket_has_attendee_info_fields":false,"footnotes":""},"categories":[75,1,87],"tags":[478,122,12],"series":[547],"class_list":["post-5937","post","type-post","status-publish","format-standard","hentry","category-aktuelles","category-allgemein","category-nachberichte","tag-antiziganismus","tag-nationalsozialismus","tag-vortrag","series-haus-des-erinnerns"],"episode_featured_image":false,"episode_player_image":"https:\/\/www.haus-des-erinnerns-mainz.de\/wp-content\/plugins\/seriously-simple-podcasting\/assets\/images\/no-album-art.png","download_link":"","player_link":"","audio_player":false,"episode_data":{"playerMode":"dark","subscribeUrls":[],"rssFeedUrl":"https:\/\/www.haus-des-erinnerns-mainz.de\/feed\/podcast\/haus-des-erinnerns","embedCode":"<blockquote class=\"wp-embedded-content\" data-secret=\"dQEUAXhyLu\"><a href=\"https:\/\/www.haus-des-erinnerns-mainz.de\/index.php\/2023\/03\/08\/nachbericht-vortrag-dimensionen-des-voelkermordes-an-den-sinti-und-roma-von-dr-karola-fings-am-2-maerz\/\">Nachbericht: Vortrag \u201eDimensionen des V\u00f6lkermordes an den Sinti und Roma\u201c von Dr. Karola Fings am 2. M\u00e4rz<\/a><\/blockquote><iframe sandbox=\"allow-scripts\" security=\"restricted\" src=\"https:\/\/www.haus-des-erinnerns-mainz.de\/index.php\/2023\/03\/08\/nachbericht-vortrag-dimensionen-des-voelkermordes-an-den-sinti-und-roma-von-dr-karola-fings-am-2-maerz\/embed\/#?secret=dQEUAXhyLu\" width=\"500\" height=\"350\" title=\"&#8222;Nachbericht: Vortrag \u201eDimensionen des V\u00f6lkermordes an den Sinti und Roma\u201c von Dr. Karola Fings am 2. M\u00e4rz&#8220; &#8211; Haus des Erinnerns\" data-secret=\"dQEUAXhyLu\" frameborder=\"0\" marginwidth=\"0\" marginheight=\"0\" scrolling=\"no\" class=\"wp-embedded-content\"><\/iframe><script type=\"text\/javascript\">\n\/* <![CDATA[ *\/\n\/*! This file is auto-generated *\/\n!function(d,l){\"use strict\";l.querySelector&&d.addEventListener&&\"undefined\"!=typeof URL&&(d.wp=d.wp||{},d.wp.receiveEmbedMessage||(d.wp.receiveEmbedMessage=function(e){var t=e.data;if((t||t.secret||t.message||t.value)&&!\/[^a-zA-Z0-9]\/.test(t.secret)){for(var s,r,n,a=l.querySelectorAll('iframe[data-secret=\"'+t.secret+'\"]'),o=l.querySelectorAll('blockquote[data-secret=\"'+t.secret+'\"]'),c=new RegExp(\"^https?:$\",\"i\"),i=0;i<o.length;i++)o[i].style.display=\"none\";for(i=0;i<a.length;i++)s=a[i],e.source===s.contentWindow&&(s.removeAttribute(\"style\"),\"height\"===t.message?(1e3<(r=parseInt(t.value,10))?r=1e3:~~r<200&&(r=200),s.height=r):\"link\"===t.message&&(r=new URL(s.getAttribute(\"src\")),n=new URL(t.value),c.test(n.protocol))&&n.host===r.host&&l.activeElement===s&&(d.top.location.href=t.value))}},d.addEventListener(\"message\",d.wp.receiveEmbedMessage,!1),l.addEventListener(\"DOMContentLoaded\",function(){for(var e,t,s=l.querySelectorAll(\"iframe.wp-embedded-content\"),r=0;r<s.length;r++)(t=(e=s[r]).getAttribute(\"data-secret\"))||(t=Math.random().toString(36).substring(2,12),e.src+=\"#?secret=\"+t,e.setAttribute(\"data-secret\",t)),e.contentWindow.postMessage({message:\"ready\",secret:t},\"*\")},!1)))}(window,document);\n\/* ]]> *\/\n<\/script>\n"},"_links":{"self":[{"href":"https:\/\/www.haus-des-erinnerns-mainz.de\/index.php\/wp-json\/wp\/v2\/posts\/5937","targetHints":{"allow":["GET"]}}],"collection":[{"href":"https:\/\/www.haus-des-erinnerns-mainz.de\/index.php\/wp-json\/wp\/v2\/posts"}],"about":[{"href":"https:\/\/www.haus-des-erinnerns-mainz.de\/index.php\/wp-json\/wp\/v2\/types\/post"}],"author":[{"embeddable":true,"href":"https:\/\/www.haus-des-erinnerns-mainz.de\/index.php\/wp-json\/wp\/v2\/users\/4"}],"replies":[{"embeddable":true,"href":"https:\/\/www.haus-des-erinnerns-mainz.de\/index.php\/wp-json\/wp\/v2\/comments?post=5937"}],"version-history":[{"count":3,"href":"https:\/\/www.haus-des-erinnerns-mainz.de\/index.php\/wp-json\/wp\/v2\/posts\/5937\/revisions"}],"predecessor-version":[{"id":5948,"href":"https:\/\/www.haus-des-erinnerns-mainz.de\/index.php\/wp-json\/wp\/v2\/posts\/5937\/revisions\/5948"}],"wp:attachment":[{"href":"https:\/\/www.haus-des-erinnerns-mainz.de\/index.php\/wp-json\/wp\/v2\/media?parent=5937"}],"wp:term":[{"taxonomy":"category","embeddable":true,"href":"https:\/\/www.haus-des-erinnerns-mainz.de\/index.php\/wp-json\/wp\/v2\/categories?post=5937"},{"taxonomy":"post_tag","embeddable":true,"href":"https:\/\/www.haus-des-erinnerns-mainz.de\/index.php\/wp-json\/wp\/v2\/tags?post=5937"},{"taxonomy":"series","embeddable":true,"href":"https:\/\/www.haus-des-erinnerns-mainz.de\/index.php\/wp-json\/wp\/v2\/series?post=5937"}],"curies":[{"name":"wp","href":"https:\/\/api.w.org\/{rel}","templated":true}]}}