{"id":5901,"date":"2023-03-01T14:14:02","date_gmt":"2023-03-01T13:14:02","guid":{"rendered":"https:\/\/www.haus-des-erinnerns-mainz.de\/?p=5901"},"modified":"2023-03-09T15:30:38","modified_gmt":"2023-03-09T14:30:38","slug":"nachbericht-zur-ausstellungseroeffnung-am-23-februar-2023-und-dem-auftakt-zu-den-themenwochen-gegen-antiziganismus","status":"publish","type":"post","link":"https:\/\/www.haus-des-erinnerns-mainz.de\/index.php\/2023\/03\/01\/nachbericht-zur-ausstellungseroeffnung-am-23-februar-2023-und-dem-auftakt-zu-den-themenwochen-gegen-antiziganismus\/","title":{"rendered":"Nachbericht zur Ausstellungser\u00f6ffnung am 23. Februar 2023 und dem Auftakt zu den Themenwochen gegen Antiziganismus"},"content":{"rendered":"\n<figure class=\"wp-block-image size-large\"><img loading=\"lazy\" decoding=\"async\" width=\"1024\" height=\"655\" src=\"https:\/\/www.haus-des-erinnerns-mainz.de\/wp-content\/uploads\/2023\/03\/IMG-20230223-WA0007-1024x655.jpg\" alt=\"\" class=\"wp-image-5902\" srcset=\"https:\/\/www.haus-des-erinnerns-mainz.de\/wp-content\/uploads\/2023\/03\/IMG-20230223-WA0007-1024x655.jpg 1024w, https:\/\/www.haus-des-erinnerns-mainz.de\/wp-content\/uploads\/2023\/03\/IMG-20230223-WA0007-300x192.jpg 300w, https:\/\/www.haus-des-erinnerns-mainz.de\/wp-content\/uploads\/2023\/03\/IMG-20230223-WA0007-768x491.jpg 768w, https:\/\/www.haus-des-erinnerns-mainz.de\/wp-content\/uploads\/2023\/03\/IMG-20230223-WA0007-150x96.jpg 150w, https:\/\/www.haus-des-erinnerns-mainz.de\/wp-content\/uploads\/2023\/03\/IMG-20230223-WA0007.jpg 1535w\" sizes=\"auto, (max-width: 1024px) 100vw, 1024px\" \/><\/figure>\n\n\n\n<br>\n\n\n\n<p>Vom 23. Februar bis zum 23. M\u00e4rz wird im Deutschhaus des Landtags die Ausstellung \u201eRassendiagnose: Zigeuner \u2013 Der V\u00f6lkermord an den Sinti und Roma und der lange Kampf um Anerkennung\u201c zu sehen sein. Diese zeigt die Geschichte der Verfolgung, Ausgrenzung, Ermordung aber auch Selbstbehauptung der Sinti* und Roma* auf. Hierbei werden Kontinuit\u00e4ten von vor, w\u00e4hrend und nach der NS-Zeit deutlich. Diese werden jedoch kontrastiert mit Selbstzeugnissen von Familien und Einzelschicksalen. Ein besonderes Augenmerk wird auch auf den Kampf der \u00dcberlebenden des Holocaust gelegt und wie sie nach 1945 um die Anerkennung ihrer Schicksale gek\u00e4mpft haben. Hier wird deutlich, wie wichtig die B\u00fcrgerrechtsbewegung der Sinti* und Roma* f\u00fcr die \u00f6ffentliche Diskussion und Aufarbeitung der NS-Verbrechen war. <\/p>\n\n\n\n<p>Zus\u00e4tzlich zu der Ausstellung werden einige Begleitveranstaltungen stattfinden. Au\u00dferdem wird es im Haus des Erinnerns &#8211; F\u00fcr Demokratie und Akzeptanz ein begleitendes Bildungsangebot geben. <a href=\"https:\/\/geschichte.bildung-rp.de\/fileadmin\/user_upload\/rfb.bildung-rp.de\/Geschichte\/20230204ThemenwochengegenAntiziganismus25.01.2023.pdf\">Hier<\/a> kommen Sie zu dem Flyer.<\/p>\n\n\n\n<figure class=\"wp-block-gallery has-nested-images columns-default is-cropped wp-block-gallery-1 is-layout-flex wp-block-gallery-is-layout-flex\">\n<figure class=\"wp-block-image size-large\"><img loading=\"lazy\" decoding=\"async\" width=\"1024\" height=\"872\" data-id=\"5905\" src=\"https:\/\/www.haus-des-erinnerns-mainz.de\/wp-content\/uploads\/2023\/03\/IMG-20230223-WA0008-1024x872.jpg\" alt=\"\" class=\"wp-image-5905\" srcset=\"https:\/\/www.haus-des-erinnerns-mainz.de\/wp-content\/uploads\/2023\/03\/IMG-20230223-WA0008-1024x872.jpg 1024w, https:\/\/www.haus-des-erinnerns-mainz.de\/wp-content\/uploads\/2023\/03\/IMG-20230223-WA0008-300x255.jpg 300w, https:\/\/www.haus-des-erinnerns-mainz.de\/wp-content\/uploads\/2023\/03\/IMG-20230223-WA0008-768x654.jpg 768w, https:\/\/www.haus-des-erinnerns-mainz.de\/wp-content\/uploads\/2023\/03\/IMG-20230223-WA0008-150x128.jpg 150w, https:\/\/www.haus-des-erinnerns-mainz.de\/wp-content\/uploads\/2023\/03\/IMG-20230223-WA0008.jpg 1535w\" sizes=\"auto, (max-width: 1024px) 100vw, 1024px\" \/><\/figure>\n\n\n\n<figure class=\"wp-block-image size-large\"><img loading=\"lazy\" decoding=\"async\" width=\"867\" height=\"907\" data-id=\"5903\" src=\"https:\/\/www.haus-des-erinnerns-mainz.de\/wp-content\/uploads\/2023\/03\/IMG-20230223-WA0009.jpg\" alt=\"\" class=\"wp-image-5903\" srcset=\"https:\/\/www.haus-des-erinnerns-mainz.de\/wp-content\/uploads\/2023\/03\/IMG-20230223-WA0009.jpg 867w, https:\/\/www.haus-des-erinnerns-mainz.de\/wp-content\/uploads\/2023\/03\/IMG-20230223-WA0009-287x300.jpg 287w, https:\/\/www.haus-des-erinnerns-mainz.de\/wp-content\/uploads\/2023\/03\/IMG-20230223-WA0009-768x803.jpg 768w, https:\/\/www.haus-des-erinnerns-mainz.de\/wp-content\/uploads\/2023\/03\/IMG-20230223-WA0009-143x150.jpg 143w\" sizes=\"auto, (max-width: 867px) 100vw, 867px\" \/><\/figure>\n\n\n\n<figure class=\"wp-block-image size-large\"><img loading=\"lazy\" decoding=\"async\" width=\"905\" height=\"1024\" data-id=\"5904\" src=\"https:\/\/www.haus-des-erinnerns-mainz.de\/wp-content\/uploads\/2023\/03\/IMG-20230223-WA0011-905x1024.jpg\" alt=\"\" class=\"wp-image-5904\" srcset=\"https:\/\/www.haus-des-erinnerns-mainz.de\/wp-content\/uploads\/2023\/03\/IMG-20230223-WA0011-905x1024.jpg 905w, https:\/\/www.haus-des-erinnerns-mainz.de\/wp-content\/uploads\/2023\/03\/IMG-20230223-WA0011-265x300.jpg 265w, https:\/\/www.haus-des-erinnerns-mainz.de\/wp-content\/uploads\/2023\/03\/IMG-20230223-WA0011-768x869.jpg 768w, https:\/\/www.haus-des-erinnerns-mainz.de\/wp-content\/uploads\/2023\/03\/IMG-20230223-WA0011-133x150.jpg 133w, https:\/\/www.haus-des-erinnerns-mainz.de\/wp-content\/uploads\/2023\/03\/IMG-20230223-WA0011.jpg 1288w\" sizes=\"auto, (max-width: 905px) 100vw, 905px\" \/><\/figure>\n\n\n\n<figure class=\"wp-block-image size-large\"><img loading=\"lazy\" decoding=\"async\" width=\"979\" height=\"1024\" data-id=\"5906\" src=\"https:\/\/www.haus-des-erinnerns-mainz.de\/wp-content\/uploads\/2023\/03\/IMG-20230223-WA0012-979x1024.jpg\" alt=\"\" class=\"wp-image-5906\" srcset=\"https:\/\/www.haus-des-erinnerns-mainz.de\/wp-content\/uploads\/2023\/03\/IMG-20230223-WA0012-979x1024.jpg 979w, https:\/\/www.haus-des-erinnerns-mainz.de\/wp-content\/uploads\/2023\/03\/IMG-20230223-WA0012-287x300.jpg 287w, https:\/\/www.haus-des-erinnerns-mainz.de\/wp-content\/uploads\/2023\/03\/IMG-20230223-WA0012-768x803.jpg 768w, https:\/\/www.haus-des-erinnerns-mainz.de\/wp-content\/uploads\/2023\/03\/IMG-20230223-WA0012-143x150.jpg 143w, https:\/\/www.haus-des-erinnerns-mainz.de\/wp-content\/uploads\/2023\/03\/IMG-20230223-WA0012.jpg 1198w\" sizes=\"auto, (max-width: 979px) 100vw, 979px\" \/><\/figure>\n\n\n\n<figure class=\"wp-block-image size-large\"><img loading=\"lazy\" decoding=\"async\" width=\"819\" height=\"1024\" data-id=\"5907\" src=\"https:\/\/www.haus-des-erinnerns-mainz.de\/wp-content\/uploads\/2023\/03\/IMG-20230223-WA0013-819x1024.jpg\" alt=\"\" class=\"wp-image-5907\" srcset=\"https:\/\/www.haus-des-erinnerns-mainz.de\/wp-content\/uploads\/2023\/03\/IMG-20230223-WA0013-819x1024.jpg 819w, https:\/\/www.haus-des-erinnerns-mainz.de\/wp-content\/uploads\/2023\/03\/IMG-20230223-WA0013-240x300.jpg 240w, https:\/\/www.haus-des-erinnerns-mainz.de\/wp-content\/uploads\/2023\/03\/IMG-20230223-WA0013-768x960.jpg 768w, https:\/\/www.haus-des-erinnerns-mainz.de\/wp-content\/uploads\/2023\/03\/IMG-20230223-WA0013-120x150.jpg 120w, https:\/\/www.haus-des-erinnerns-mainz.de\/wp-content\/uploads\/2023\/03\/IMG-20230223-WA0013.jpg 987w\" sizes=\"auto, (max-width: 819px) 100vw, 819px\" \/><\/figure>\n<\/figure>\n\n\n\n<br>\n\n\n\n<p>Zun\u00e4chst begr\u00fc\u00dfte der Pr\u00e4sident des Landtags Rheinland-Pfalz Hendrik Hering die Anwesenden, gefolgt von der Ministerpr\u00e4sidentin Malu Dreyer. Beide machten deutlich, wie wichtig die Thematik f\u00fcr die Gesellschaft ist und wie viel die B\u00fcrgerrechtsbewegung erreicht hat. Zus\u00e4tzlich wurde betont, dass auch heute noch viele Sinti* und Roma* mit Ausgrenzung oder gar Anfeindungen zu leben haben und dass wir als Gesellschaft entschieden dem gegen\u00fcber treten m\u00fcssen.<\/p>\n\n\n\n<p>Anschlie\u00dfend begr\u00fc\u00dften Romani Rose, der Vorsitzende des Zentralrats Deutscher Sinti und Roma und danach Jacques Delfeld Sr. der Vorsitzende des Verbandes Deutscher Sinti und Roma \u2013 Landesverband Rheinland-Pfalz und stellvertretender Vorsitzender des Dokumentations- und Kulturzentrums Deutscher Sinti und Roma, die Besuchenden. Auch sie gaben einen bewegenden \u00dcberblick \u00fcber die Geschichte und Bedeutung der Entwicklungen der letzten Jahre.<\/p>\n\n\n\n<p>Dr. Frank Reuter der wissenschaftliche Gesch\u00e4ftsf\u00fchrer der Forschungsstelle Antiziganismus an der Universit\u00e4t Heidelberg f\u00fchrte zum Schluss in die Ausstellung ein und f\u00fchrte einige Punkte weiter aus.<\/p>\n\n\n\n<p>Mit all diesen verschiedenen Perspektiven auf die Thematik war die Er\u00f6ffnung ein vielseitiger, spannender und vor allem bewegender Start in die Themenwochen gegen Antiziganismus.<\/p>\n\n\n\n<figure class=\"wp-block-gallery has-nested-images columns-default is-cropped wp-block-gallery-2 is-layout-flex wp-block-gallery-is-layout-flex\">\n<figure class=\"wp-block-image size-large\"><img loading=\"lazy\" decoding=\"async\" width=\"1024\" height=\"810\" data-id=\"5908\" src=\"https:\/\/www.haus-des-erinnerns-mainz.de\/wp-content\/uploads\/2023\/03\/IMG-20230223-WA0010-1024x810.jpg\" alt=\"\" class=\"wp-image-5908\" srcset=\"https:\/\/www.haus-des-erinnerns-mainz.de\/wp-content\/uploads\/2023\/03\/IMG-20230223-WA0010-1024x810.jpg 1024w, https:\/\/www.haus-des-erinnerns-mainz.de\/wp-content\/uploads\/2023\/03\/IMG-20230223-WA0010-300x237.jpg 300w, https:\/\/www.haus-des-erinnerns-mainz.de\/wp-content\/uploads\/2023\/03\/IMG-20230223-WA0010-768x607.jpg 768w, https:\/\/www.haus-des-erinnerns-mainz.de\/wp-content\/uploads\/2023\/03\/IMG-20230223-WA0010-150x119.jpg 150w, https:\/\/www.haus-des-erinnerns-mainz.de\/wp-content\/uploads\/2023\/03\/IMG-20230223-WA0010.jpg 1490w\" sizes=\"auto, (max-width: 1024px) 100vw, 1024px\" \/><\/figure>\n\n\n\n<figure class=\"wp-block-image size-large\"><img loading=\"lazy\" decoding=\"async\" width=\"1024\" height=\"875\" data-id=\"5909\" src=\"https:\/\/www.haus-des-erinnerns-mainz.de\/wp-content\/uploads\/2023\/03\/IMG-20230223-WA0014-1024x875.jpg\" alt=\"\" class=\"wp-image-5909\" srcset=\"https:\/\/www.haus-des-erinnerns-mainz.de\/wp-content\/uploads\/2023\/03\/IMG-20230223-WA0014-1024x875.jpg 1024w, https:\/\/www.haus-des-erinnerns-mainz.de\/wp-content\/uploads\/2023\/03\/IMG-20230223-WA0014-300x256.jpg 300w, https:\/\/www.haus-des-erinnerns-mainz.de\/wp-content\/uploads\/2023\/03\/IMG-20230223-WA0014-768x656.jpg 768w, https:\/\/www.haus-des-erinnerns-mainz.de\/wp-content\/uploads\/2023\/03\/IMG-20230223-WA0014-150x128.jpg 150w, https:\/\/www.haus-des-erinnerns-mainz.de\/wp-content\/uploads\/2023\/03\/IMG-20230223-WA0014.jpg 1535w\" sizes=\"auto, (max-width: 1024px) 100vw, 1024px\" \/><\/figure>\n<\/figure>\n\n\n\n<br>\n\n\n\n<p><\/p>\n","protected":false},"excerpt":{"rendered":"<p>Vom 23. Februar bis zum 23. M\u00e4rz wird im Deutschhaus des Landtags die Ausstellung \u201eRassendiagnose: Zigeuner \u2013 Der V\u00f6lkermord an den Sinti und Roma und der lange Kampf um Anerkennung\u201c zu sehen sein. Diese zeigt die Geschichte der Verfolgung, Ausgrenzung, Ermordung aber auch Selbstbehauptung der Sinti* und Roma* auf. Hierbei&#8230;<\/p>\n<p> <a class=\"continue-reading-link\" href=\"https:\/\/www.haus-des-erinnerns-mainz.de\/index.php\/2023\/03\/01\/nachbericht-zur-ausstellungseroeffnung-am-23-februar-2023-und-dem-auftakt-zu-den-themenwochen-gegen-antiziganismus\/\"><span>Weiterlesen<\/span><i class=\"crycon-right-dir\"><\/i><\/a> <\/p>\n","protected":false},"author":4,"featured_media":0,"comment_status":"closed","ping_status":"closed","sticky":false,"template":"","format":"standard","meta":{"episode_type":"audio","audio_file":"","podmotor_file_id":"","podmotor_episode_id":"","cover_image":"","cover_image_id":"","duration":"","filesize":"","filesize_raw":"","date_recorded":"","explicit":"","block":"","ngg_post_thumbnail":0,"_price":"","_stock":"","_tribe_ticket_header":"","_tribe_default_ticket_provider":"","_tribe_ticket_capacity":"0","_ticket_start_date":"","_ticket_end_date":"","_tribe_ticket_show_description":"","_tribe_ticket_show_not_going":false,"_tribe_ticket_use_global_stock":"","_tribe_ticket_global_stock_level":"","_global_stock_mode":"","_global_stock_cap":"","_tribe_rsvp_for_event":"","_tribe_ticket_going_count":"","_tribe_ticket_not_going_count":"","_tribe_tickets_list":"[]","_tribe_ticket_has_attendee_info_fields":false,"footnotes":""},"categories":[75,1,87],"tags":[],"series":[547],"class_list":["post-5901","post","type-post","status-publish","format-standard","hentry","category-aktuelles","category-allgemein","category-nachberichte","series-haus-des-erinnerns"],"episode_featured_image":false,"episode_player_image":"https:\/\/www.haus-des-erinnerns-mainz.de\/wp-content\/plugins\/seriously-simple-podcasting\/assets\/images\/no-album-art.png","download_link":"","player_link":"","audio_player":false,"episode_data":{"playerMode":"dark","subscribeUrls":[],"rssFeedUrl":"https:\/\/www.haus-des-erinnerns-mainz.de\/feed\/podcast\/haus-des-erinnerns","embedCode":"<blockquote class=\"wp-embedded-content\" data-secret=\"w3wcBWwcCh\"><a href=\"https:\/\/www.haus-des-erinnerns-mainz.de\/index.php\/2023\/03\/01\/nachbericht-zur-ausstellungseroeffnung-am-23-februar-2023-und-dem-auftakt-zu-den-themenwochen-gegen-antiziganismus\/\">Nachbericht zur Ausstellungser\u00f6ffnung am 23. Februar 2023 und dem Auftakt zu den Themenwochen gegen Antiziganismus<\/a><\/blockquote><iframe sandbox=\"allow-scripts\" security=\"restricted\" src=\"https:\/\/www.haus-des-erinnerns-mainz.de\/index.php\/2023\/03\/01\/nachbericht-zur-ausstellungseroeffnung-am-23-februar-2023-und-dem-auftakt-zu-den-themenwochen-gegen-antiziganismus\/embed\/#?secret=w3wcBWwcCh\" width=\"500\" height=\"350\" title=\"&#8222;Nachbericht zur Ausstellungser\u00f6ffnung am 23. Februar 2023 und dem Auftakt zu den Themenwochen gegen Antiziganismus&#8220; &#8211; Haus des Erinnerns\" data-secret=\"w3wcBWwcCh\" frameborder=\"0\" marginwidth=\"0\" marginheight=\"0\" scrolling=\"no\" class=\"wp-embedded-content\"><\/iframe><script type=\"text\/javascript\">\n\/* <![CDATA[ *\/\n\/*! This file is auto-generated *\/\n!function(d,l){\"use strict\";l.querySelector&&d.addEventListener&&\"undefined\"!=typeof URL&&(d.wp=d.wp||{},d.wp.receiveEmbedMessage||(d.wp.receiveEmbedMessage=function(e){var t=e.data;if((t||t.secret||t.message||t.value)&&!\/[^a-zA-Z0-9]\/.test(t.secret)){for(var s,r,n,a=l.querySelectorAll('iframe[data-secret=\"'+t.secret+'\"]'),o=l.querySelectorAll('blockquote[data-secret=\"'+t.secret+'\"]'),c=new RegExp(\"^https?:$\",\"i\"),i=0;i<o.length;i++)o[i].style.display=\"none\";for(i=0;i<a.length;i++)s=a[i],e.source===s.contentWindow&&(s.removeAttribute(\"style\"),\"height\"===t.message?(1e3<(r=parseInt(t.value,10))?r=1e3:~~r<200&&(r=200),s.height=r):\"link\"===t.message&&(r=new URL(s.getAttribute(\"src\")),n=new URL(t.value),c.test(n.protocol))&&n.host===r.host&&l.activeElement===s&&(d.top.location.href=t.value))}},d.addEventListener(\"message\",d.wp.receiveEmbedMessage,!1),l.addEventListener(\"DOMContentLoaded\",function(){for(var e,t,s=l.querySelectorAll(\"iframe.wp-embedded-content\"),r=0;r<s.length;r++)(t=(e=s[r]).getAttribute(\"data-secret\"))||(t=Math.random().toString(36).substring(2,12),e.src+=\"#?secret=\"+t,e.setAttribute(\"data-secret\",t)),e.contentWindow.postMessage({message:\"ready\",secret:t},\"*\")},!1)))}(window,document);\n\/* ]]> *\/\n<\/script>\n"},"_links":{"self":[{"href":"https:\/\/www.haus-des-erinnerns-mainz.de\/index.php\/wp-json\/wp\/v2\/posts\/5901","targetHints":{"allow":["GET"]}}],"collection":[{"href":"https:\/\/www.haus-des-erinnerns-mainz.de\/index.php\/wp-json\/wp\/v2\/posts"}],"about":[{"href":"https:\/\/www.haus-des-erinnerns-mainz.de\/index.php\/wp-json\/wp\/v2\/types\/post"}],"author":[{"embeddable":true,"href":"https:\/\/www.haus-des-erinnerns-mainz.de\/index.php\/wp-json\/wp\/v2\/users\/4"}],"replies":[{"embeddable":true,"href":"https:\/\/www.haus-des-erinnerns-mainz.de\/index.php\/wp-json\/wp\/v2\/comments?post=5901"}],"version-history":[{"count":4,"href":"https:\/\/www.haus-des-erinnerns-mainz.de\/index.php\/wp-json\/wp\/v2\/posts\/5901\/revisions"}],"predecessor-version":[{"id":5967,"href":"https:\/\/www.haus-des-erinnerns-mainz.de\/index.php\/wp-json\/wp\/v2\/posts\/5901\/revisions\/5967"}],"wp:attachment":[{"href":"https:\/\/www.haus-des-erinnerns-mainz.de\/index.php\/wp-json\/wp\/v2\/media?parent=5901"}],"wp:term":[{"taxonomy":"category","embeddable":true,"href":"https:\/\/www.haus-des-erinnerns-mainz.de\/index.php\/wp-json\/wp\/v2\/categories?post=5901"},{"taxonomy":"post_tag","embeddable":true,"href":"https:\/\/www.haus-des-erinnerns-mainz.de\/index.php\/wp-json\/wp\/v2\/tags?post=5901"},{"taxonomy":"series","embeddable":true,"href":"https:\/\/www.haus-des-erinnerns-mainz.de\/index.php\/wp-json\/wp\/v2\/series?post=5901"}],"curies":[{"name":"wp","href":"https:\/\/api.w.org\/{rel}","templated":true}]}}