{"id":5778,"date":"2023-01-20T15:54:15","date_gmt":"2023-01-20T14:54:15","guid":{"rendered":"https:\/\/www.haus-des-erinnerns-mainz.de\/?p=5778"},"modified":"2023-01-20T15:54:17","modified_gmt":"2023-01-20T14:54:17","slug":"nachbericht-zum-oberbuergermeisterinforum-podiumsdiskussion-mit-allen-ob-kandidatinnen-am-13-januar-2023","status":"publish","type":"post","link":"https:\/\/www.haus-des-erinnerns-mainz.de\/index.php\/2023\/01\/20\/nachbericht-zum-oberbuergermeisterinforum-podiumsdiskussion-mit-allen-ob-kandidatinnen-am-13-januar-2023\/","title":{"rendered":"Nachbericht zum Oberb\u00fcrgermeister*inforum \u2013 Podiumsdiskussion mit allen OB-Kandidat*innen am 13. Januar 2023"},"content":{"rendered":"\n<figure class=\"wp-block-image size-large\"><img loading=\"lazy\" decoding=\"async\" width=\"1024\" height=\"789\" src=\"https:\/\/www.haus-des-erinnerns-mainz.de\/wp-content\/uploads\/2023\/01\/20230113_2008171-1024x789.jpg\" alt=\"\" class=\"wp-image-5779\" srcset=\"https:\/\/www.haus-des-erinnerns-mainz.de\/wp-content\/uploads\/2023\/01\/20230113_2008171-1024x789.jpg 1024w, https:\/\/www.haus-des-erinnerns-mainz.de\/wp-content\/uploads\/2023\/01\/20230113_2008171-300x231.jpg 300w, https:\/\/www.haus-des-erinnerns-mainz.de\/wp-content\/uploads\/2023\/01\/20230113_2008171-768x592.jpg 768w, https:\/\/www.haus-des-erinnerns-mainz.de\/wp-content\/uploads\/2023\/01\/20230113_2008171-1536x1184.jpg 1536w, https:\/\/www.haus-des-erinnerns-mainz.de\/wp-content\/uploads\/2023\/01\/20230113_2008171-2048x1578.jpg 2048w, https:\/\/www.haus-des-erinnerns-mainz.de\/wp-content\/uploads\/2023\/01\/20230113_2008171-150x116.jpg 150w\" sizes=\"auto, (max-width: 1024px) 100vw, 1024px\" \/><\/figure>\n\n\n\n<br>\n\n\n\n<p>Das Jugendforum Mainz arbeitet momentan daran, die Einzelinterviews mit den OB-Kandidat*innen zum Thema Jugendbeteiligung auf dem Youtube Kanal des Haus des Erinnerns und ihrem Instagram Account zu ver\u00f6ffentlichen. Die Kandidat*innen wurden dabei insbesondere zu dem Forderungskatalog der Jugenddemokratiekonferenz befragt und wie sie zu Jugendpartizipation stehen. Am 13. Januar 2023 fand nun auch eine Podiumsdiskussion mit allen Kandidat*innen im Haus des Erinnerns statt. Diese wurde in Kooperation mit Markus S\u00e4nger vom Sprecher*innenteam der ARGE-SEB (Arbeitsgemeinschaft der Schulelternbeir\u00e4te an Gymnasien und integrierten Gesamtschulen in Mainz und Umgebung), Lara Merz, der Sprecherin der ARGE der SEB an Mainzer Grundschulen und Serafina Rheinheimer, Jonas Voigt, Lya-Emilia Maali, Nikolas H\u00f6ngesberg und Soeren Herrmann aus dem Vorstand der Stadtsch\u00fcler*innenvertretung (SSV) Mainz durchgef\u00fchrt. Die <a href=\"https:\/\/www.youtube.com\/watch?v=MyRRCp1UbIQ&amp;t=68s\" target=\"_blank\" rel=\"noreferrer noopener\">Podiumsdiskussion<\/a> besch\u00e4ftigte sich mit dem Thema Bildung und wurde moderiert von Petra Jung von der Allgemeinen Zeitung.<\/p>\n\n\n\n<figure class=\"wp-block-image size-large\"><img loading=\"lazy\" decoding=\"async\" width=\"940\" height=\"1024\" src=\"https:\/\/www.haus-des-erinnerns-mainz.de\/wp-content\/uploads\/2023\/01\/20230113_2008441-940x1024.jpg\" alt=\"\" class=\"wp-image-5780\" srcset=\"https:\/\/www.haus-des-erinnerns-mainz.de\/wp-content\/uploads\/2023\/01\/20230113_2008441-940x1024.jpg 940w, https:\/\/www.haus-des-erinnerns-mainz.de\/wp-content\/uploads\/2023\/01\/20230113_2008441-276x300.jpg 276w, https:\/\/www.haus-des-erinnerns-mainz.de\/wp-content\/uploads\/2023\/01\/20230113_2008441-768x836.jpg 768w, https:\/\/www.haus-des-erinnerns-mainz.de\/wp-content\/uploads\/2023\/01\/20230113_2008441-138x150.jpg 138w, https:\/\/www.haus-des-erinnerns-mainz.de\/wp-content\/uploads\/2023\/01\/20230113_2008441.jpg 1385w\" sizes=\"auto, (max-width: 940px) 100vw, 940px\" \/><\/figure>\n\n\n\n<br>\n\n\n\n<p>Auch dieser Abend war mit circa 65 Teilnehmenden ausgebucht und konnte von weiteren Interessierten \u00fcber einen Stream verfolgt werden. Dieser Stream wurde auf den Youtube Kan\u00e4len der ARGE-SEB und des Haus des Erinnerns \u00fcbertragen und ist auch jetzt noch <a href=\"https:\/\/www.youtube.com\/watch?v=MyRRCp1UbIQ&amp;t=381s\" data-type=\"URL\" data-id=\"https:\/\/www.youtube.com\/watch?v=MyRRCp1UbIQ&amp;t=381s\" target=\"_blank\" rel=\"noreferrer noopener\">dort<\/a> als Video zu sehen. Auch hier hatten zusammengenommen insgesamt 230 Zuschauer*innen den Stream aufgerufen.<\/p>\n\n\n\n<figure class=\"wp-block-gallery has-nested-images columns-default is-cropped wp-block-gallery-1 is-layout-flex wp-block-gallery-is-layout-flex\">\n<figure class=\"wp-block-image size-large\"><img loading=\"lazy\" decoding=\"async\" width=\"932\" height=\"1024\" data-id=\"5783\" src=\"https:\/\/www.haus-des-erinnerns-mainz.de\/wp-content\/uploads\/2023\/01\/20230113_2206081-1-932x1024.jpg\" alt=\"\" class=\"wp-image-5783\" srcset=\"https:\/\/www.haus-des-erinnerns-mainz.de\/wp-content\/uploads\/2023\/01\/20230113_2206081-1-932x1024.jpg 932w, https:\/\/www.haus-des-erinnerns-mainz.de\/wp-content\/uploads\/2023\/01\/20230113_2206081-1-273x300.jpg 273w, https:\/\/www.haus-des-erinnerns-mainz.de\/wp-content\/uploads\/2023\/01\/20230113_2206081-1-768x844.jpg 768w, https:\/\/www.haus-des-erinnerns-mainz.de\/wp-content\/uploads\/2023\/01\/20230113_2206081-1-1398x1536.jpg 1398w, https:\/\/www.haus-des-erinnerns-mainz.de\/wp-content\/uploads\/2023\/01\/20230113_2206081-1-1864x2048.jpg 1864w, https:\/\/www.haus-des-erinnerns-mainz.de\/wp-content\/uploads\/2023\/01\/20230113_2206081-1-137x150.jpg 137w, https:\/\/www.haus-des-erinnerns-mainz.de\/wp-content\/uploads\/2023\/01\/20230113_2206081-1.jpg 1874w\" sizes=\"auto, (max-width: 932px) 100vw, 932px\" \/><\/figure>\n\n\n\n<figure class=\"wp-block-image size-large\"><img loading=\"lazy\" decoding=\"async\" width=\"1015\" height=\"1024\" data-id=\"5782\" src=\"https:\/\/www.haus-des-erinnerns-mainz.de\/wp-content\/uploads\/2023\/01\/20230113_2138551-1015x1024.jpg\" alt=\"\" class=\"wp-image-5782\" srcset=\"https:\/\/www.haus-des-erinnerns-mainz.de\/wp-content\/uploads\/2023\/01\/20230113_2138551-1015x1024.jpg 1015w, https:\/\/www.haus-des-erinnerns-mainz.de\/wp-content\/uploads\/2023\/01\/20230113_2138551-297x300.jpg 297w, https:\/\/www.haus-des-erinnerns-mainz.de\/wp-content\/uploads\/2023\/01\/20230113_2138551-150x150.jpg 150w, https:\/\/www.haus-des-erinnerns-mainz.de\/wp-content\/uploads\/2023\/01\/20230113_2138551-768x775.jpg 768w, https:\/\/www.haus-des-erinnerns-mainz.de\/wp-content\/uploads\/2023\/01\/20230113_2138551-1522x1536.jpg 1522w, https:\/\/www.haus-des-erinnerns-mainz.de\/wp-content\/uploads\/2023\/01\/20230113_2138551-2029x2048.jpg 2029w\" sizes=\"auto, (max-width: 1015px) 100vw, 1015px\" \/><\/figure>\n<\/figure>\n\n\n\n<br>\n\n\n\n<p>Nach einigen Gru\u00dfworten verdeutlichte Petra Jung, wie wichtig das Thema Bildung ist und dass dieses im Wahlkampf bisher nicht genug beachtet wurde. Anschlie\u00dfend brachte sie, das Jugendforum und die SSV verschiedene Fragen aus den Themenbereichen Schulbau, Schulsozialarbeit, Schuldigitalisierung und au\u00dferschulische Lernorte ein. Auch aus dem Publikum wurden einige Fragen gestellt und viele Erfahrungen geteilt.<\/p>\n\n\n\n<figure class=\"wp-block-gallery has-nested-images columns-default is-cropped wp-block-gallery-2 is-layout-flex wp-block-gallery-is-layout-flex\">\n<figure class=\"wp-block-image size-large\"><img loading=\"lazy\" decoding=\"async\" width=\"1024\" height=\"894\" data-id=\"5785\" src=\"https:\/\/www.haus-des-erinnerns-mainz.de\/wp-content\/uploads\/2023\/01\/20230113_2101551-1024x894.jpg\" alt=\"\" class=\"wp-image-5785\" srcset=\"https:\/\/www.haus-des-erinnerns-mainz.de\/wp-content\/uploads\/2023\/01\/20230113_2101551-1024x894.jpg 1024w, https:\/\/www.haus-des-erinnerns-mainz.de\/wp-content\/uploads\/2023\/01\/20230113_2101551-300x262.jpg 300w, https:\/\/www.haus-des-erinnerns-mainz.de\/wp-content\/uploads\/2023\/01\/20230113_2101551-768x671.jpg 768w, https:\/\/www.haus-des-erinnerns-mainz.de\/wp-content\/uploads\/2023\/01\/20230113_2101551-1536x1342.jpg 1536w, https:\/\/www.haus-des-erinnerns-mainz.de\/wp-content\/uploads\/2023\/01\/20230113_2101551-150x131.jpg 150w, https:\/\/www.haus-des-erinnerns-mainz.de\/wp-content\/uploads\/2023\/01\/20230113_2101551.jpg 2031w\" sizes=\"auto, (max-width: 1024px) 100vw, 1024px\" \/><\/figure>\n\n\n\n<figure class=\"wp-block-image size-large\"><img loading=\"lazy\" decoding=\"async\" width=\"991\" height=\"1024\" data-id=\"5786\" src=\"https:\/\/www.haus-des-erinnerns-mainz.de\/wp-content\/uploads\/2023\/01\/20230113_2008471-991x1024.jpg\" alt=\"\" class=\"wp-image-5786\" srcset=\"https:\/\/www.haus-des-erinnerns-mainz.de\/wp-content\/uploads\/2023\/01\/20230113_2008471-991x1024.jpg 991w, https:\/\/www.haus-des-erinnerns-mainz.de\/wp-content\/uploads\/2023\/01\/20230113_2008471-290x300.jpg 290w, https:\/\/www.haus-des-erinnerns-mainz.de\/wp-content\/uploads\/2023\/01\/20230113_2008471-768x794.jpg 768w, https:\/\/www.haus-des-erinnerns-mainz.de\/wp-content\/uploads\/2023\/01\/20230113_2008471-1486x1536.jpg 1486w, https:\/\/www.haus-des-erinnerns-mainz.de\/wp-content\/uploads\/2023\/01\/20230113_2008471-1981x2048.jpg 1981w, https:\/\/www.haus-des-erinnerns-mainz.de\/wp-content\/uploads\/2023\/01\/20230113_2008471-145x150.jpg 145w\" sizes=\"auto, (max-width: 991px) 100vw, 991px\" \/><\/figure>\n\n\n\n<figure class=\"wp-block-image size-large\"><img loading=\"lazy\" decoding=\"async\" width=\"951\" height=\"1024\" data-id=\"5784\" src=\"https:\/\/www.haus-des-erinnerns-mainz.de\/wp-content\/uploads\/2023\/01\/20230113_2012491-951x1024.jpg\" alt=\"\" class=\"wp-image-5784\" srcset=\"https:\/\/www.haus-des-erinnerns-mainz.de\/wp-content\/uploads\/2023\/01\/20230113_2012491-951x1024.jpg 951w, https:\/\/www.haus-des-erinnerns-mainz.de\/wp-content\/uploads\/2023\/01\/20230113_2012491-279x300.jpg 279w, https:\/\/www.haus-des-erinnerns-mainz.de\/wp-content\/uploads\/2023\/01\/20230113_2012491-768x827.jpg 768w, https:\/\/www.haus-des-erinnerns-mainz.de\/wp-content\/uploads\/2023\/01\/20230113_2012491-1426x1536.jpg 1426w, https:\/\/www.haus-des-erinnerns-mainz.de\/wp-content\/uploads\/2023\/01\/20230113_2012491-1902x2048.jpg 1902w, https:\/\/www.haus-des-erinnerns-mainz.de\/wp-content\/uploads\/2023\/01\/20230113_2012491-139x150.jpg 139w\" sizes=\"auto, (max-width: 951px) 100vw, 951px\" \/><\/figure>\n<\/figure>\n\n\n\n<br>\n\n\n\n<p>Es war ein sehr spannender und diskussionsfreudiger Abend und wir bedanken uns bei allen Mitwirkenden und der Technik f\u00fcr die tolle Kooperation und auch bei allen Kandidat*innen, dass sie sich die Zeit f\u00fcr unsere Fragen genommen haben.<\/p>\n","protected":false},"excerpt":{"rendered":"<p>Das Jugendforum Mainz arbeitet momentan daran, die Einzelinterviews mit den OB-Kandidat*innen zum Thema Jugendbeteiligung auf dem Youtube Kanal des Haus des Erinnerns und ihrem Instagram Account zu ver\u00f6ffentlichen. Die Kandidat*innen wurden dabei insbesondere zu dem Forderungskatalog der Jugenddemokratiekonferenz befragt und wie sie zu Jugendpartizipation stehen. Am 13. Januar 2023 fand&#8230;<\/p>\n<p> <a class=\"continue-reading-link\" href=\"https:\/\/www.haus-des-erinnerns-mainz.de\/index.php\/2023\/01\/20\/nachbericht-zum-oberbuergermeisterinforum-podiumsdiskussion-mit-allen-ob-kandidatinnen-am-13-januar-2023\/\"><span>Weiterlesen<\/span><i class=\"crycon-right-dir\"><\/i><\/a> <\/p>\n","protected":false},"author":4,"featured_media":5785,"comment_status":"closed","ping_status":"closed","sticky":false,"template":"","format":"standard","meta":{"episode_type":"audio","audio_file":"","podmotor_file_id":"","podmotor_episode_id":"","cover_image":"","cover_image_id":"","duration":"","filesize":"","filesize_raw":"","date_recorded":"","explicit":"","block":"","ngg_post_thumbnail":0,"_price":"","_stock":"","_tribe_ticket_header":"","_tribe_default_ticket_provider":"","_tribe_ticket_capacity":"0","_ticket_start_date":"","_ticket_end_date":"","_tribe_ticket_show_description":"","_tribe_ticket_show_not_going":false,"_tribe_ticket_use_global_stock":"","_tribe_ticket_global_stock_level":"","_global_stock_mode":"","_global_stock_cap":"","_tribe_rsvp_for_event":"","_tribe_ticket_going_count":"","_tribe_ticket_not_going_count":"","_tribe_tickets_list":"[]","_tribe_ticket_has_attendee_info_fields":false,"footnotes":""},"categories":[75,87],"tags":[],"series":[547],"class_list":["post-5778","post","type-post","status-publish","format-standard","has-post-thumbnail","hentry","category-aktuelles","category-nachberichte","series-haus-des-erinnerns"],"episode_featured_image":"https:\/\/www.haus-des-erinnerns-mainz.de\/wp-content\/uploads\/2023\/01\/20230113_2101551.jpg","episode_player_image":"https:\/\/www.haus-des-erinnerns-mainz.de\/wp-content\/plugins\/seriously-simple-podcasting\/assets\/images\/no-album-art.png","download_link":"","player_link":"","audio_player":false,"episode_data":{"playerMode":"dark","subscribeUrls":[],"rssFeedUrl":"https:\/\/www.haus-des-erinnerns-mainz.de\/feed\/podcast\/haus-des-erinnerns","embedCode":"<blockquote class=\"wp-embedded-content\" data-secret=\"q5UG5KvOO7\"><a href=\"https:\/\/www.haus-des-erinnerns-mainz.de\/index.php\/2023\/01\/20\/nachbericht-zum-oberbuergermeisterinforum-podiumsdiskussion-mit-allen-ob-kandidatinnen-am-13-januar-2023\/\">Nachbericht zum Oberb\u00fcrgermeister*inforum \u2013 Podiumsdiskussion mit allen OB-Kandidat*innen am 13. Januar 2023<\/a><\/blockquote><iframe sandbox=\"allow-scripts\" security=\"restricted\" src=\"https:\/\/www.haus-des-erinnerns-mainz.de\/index.php\/2023\/01\/20\/nachbericht-zum-oberbuergermeisterinforum-podiumsdiskussion-mit-allen-ob-kandidatinnen-am-13-januar-2023\/embed\/#?secret=q5UG5KvOO7\" width=\"500\" height=\"350\" title=\"&#8222;Nachbericht zum Oberb\u00fcrgermeister*inforum \u2013 Podiumsdiskussion mit allen OB-Kandidat*innen am 13. Januar 2023&#8220; &#8211; Haus des Erinnerns\" data-secret=\"q5UG5KvOO7\" frameborder=\"0\" marginwidth=\"0\" marginheight=\"0\" scrolling=\"no\" class=\"wp-embedded-content\"><\/iframe><script type=\"text\/javascript\">\n\/* <![CDATA[ *\/\n\/*! This file is auto-generated *\/\n!function(d,l){\"use strict\";l.querySelector&&d.addEventListener&&\"undefined\"!=typeof URL&&(d.wp=d.wp||{},d.wp.receiveEmbedMessage||(d.wp.receiveEmbedMessage=function(e){var t=e.data;if((t||t.secret||t.message||t.value)&&!\/[^a-zA-Z0-9]\/.test(t.secret)){for(var s,r,n,a=l.querySelectorAll('iframe[data-secret=\"'+t.secret+'\"]'),o=l.querySelectorAll('blockquote[data-secret=\"'+t.secret+'\"]'),c=new RegExp(\"^https?:$\",\"i\"),i=0;i<o.length;i++)o[i].style.display=\"none\";for(i=0;i<a.length;i++)s=a[i],e.source===s.contentWindow&&(s.removeAttribute(\"style\"),\"height\"===t.message?(1e3<(r=parseInt(t.value,10))?r=1e3:~~r<200&&(r=200),s.height=r):\"link\"===t.message&&(r=new URL(s.getAttribute(\"src\")),n=new URL(t.value),c.test(n.protocol))&&n.host===r.host&&l.activeElement===s&&(d.top.location.href=t.value))}},d.addEventListener(\"message\",d.wp.receiveEmbedMessage,!1),l.addEventListener(\"DOMContentLoaded\",function(){for(var e,t,s=l.querySelectorAll(\"iframe.wp-embedded-content\"),r=0;r<s.length;r++)(t=(e=s[r]).getAttribute(\"data-secret\"))||(t=Math.random().toString(36).substring(2,12),e.src+=\"#?secret=\"+t,e.setAttribute(\"data-secret\",t)),e.contentWindow.postMessage({message:\"ready\",secret:t},\"*\")},!1)))}(window,document);\n\/* ]]> *\/\n<\/script>\n"},"_links":{"self":[{"href":"https:\/\/www.haus-des-erinnerns-mainz.de\/index.php\/wp-json\/wp\/v2\/posts\/5778","targetHints":{"allow":["GET"]}}],"collection":[{"href":"https:\/\/www.haus-des-erinnerns-mainz.de\/index.php\/wp-json\/wp\/v2\/posts"}],"about":[{"href":"https:\/\/www.haus-des-erinnerns-mainz.de\/index.php\/wp-json\/wp\/v2\/types\/post"}],"author":[{"embeddable":true,"href":"https:\/\/www.haus-des-erinnerns-mainz.de\/index.php\/wp-json\/wp\/v2\/users\/4"}],"replies":[{"embeddable":true,"href":"https:\/\/www.haus-des-erinnerns-mainz.de\/index.php\/wp-json\/wp\/v2\/comments?post=5778"}],"version-history":[{"count":2,"href":"https:\/\/www.haus-des-erinnerns-mainz.de\/index.php\/wp-json\/wp\/v2\/posts\/5778\/revisions"}],"predecessor-version":[{"id":5788,"href":"https:\/\/www.haus-des-erinnerns-mainz.de\/index.php\/wp-json\/wp\/v2\/posts\/5778\/revisions\/5788"}],"wp:featuredmedia":[{"embeddable":true,"href":"https:\/\/www.haus-des-erinnerns-mainz.de\/index.php\/wp-json\/wp\/v2\/media\/5785"}],"wp:attachment":[{"href":"https:\/\/www.haus-des-erinnerns-mainz.de\/index.php\/wp-json\/wp\/v2\/media?parent=5778"}],"wp:term":[{"taxonomy":"category","embeddable":true,"href":"https:\/\/www.haus-des-erinnerns-mainz.de\/index.php\/wp-json\/wp\/v2\/categories?post=5778"},{"taxonomy":"post_tag","embeddable":true,"href":"https:\/\/www.haus-des-erinnerns-mainz.de\/index.php\/wp-json\/wp\/v2\/tags?post=5778"},{"taxonomy":"series","embeddable":true,"href":"https:\/\/www.haus-des-erinnerns-mainz.de\/index.php\/wp-json\/wp\/v2\/series?post=5778"}],"curies":[{"name":"wp","href":"https:\/\/api.w.org\/{rel}","templated":true}]}}