{"id":5640,"date":"2022-11-10T16:42:26","date_gmt":"2022-11-10T15:42:26","guid":{"rendered":"https:\/\/www.haus-des-erinnerns-mainz.de\/?p=5640"},"modified":"2022-11-10T16:42:28","modified_gmt":"2022-11-10T15:42:28","slug":"rekonstruktion-und-lokalisierung-der-privaten-kunstsammlung-des-teppichhaendlers-felix-ganz-1869-1944","status":"publish","type":"post","link":"https:\/\/www.haus-des-erinnerns-mainz.de\/index.php\/2022\/11\/10\/rekonstruktion-und-lokalisierung-der-privaten-kunstsammlung-des-teppichhaendlers-felix-ganz-1869-1944\/","title":{"rendered":"Rekonstruktion und Lokalisierung der privaten Kunstsammlung des Teppichh\u00e4ndlers Felix Ganz (1869\u20131944)"},"content":{"rendered":"\n<figure class=\"wp-block-gallery has-nested-images columns-default is-cropped wp-block-gallery-1 is-layout-flex wp-block-gallery-is-layout-flex\">\n<figure class=\"wp-block-image size-large\"><img loading=\"lazy\" decoding=\"async\" width=\"1024\" height=\"1024\" data-id=\"5641\" src=\"https:\/\/www.haus-des-erinnerns-mainz.de\/wp-content\/uploads\/2022\/11\/20220802_161054-1024x1024.jpg\" alt=\"\" class=\"wp-image-5641\" srcset=\"https:\/\/www.haus-des-erinnerns-mainz.de\/wp-content\/uploads\/2022\/11\/20220802_161054-1024x1024.jpg 1024w, https:\/\/www.haus-des-erinnerns-mainz.de\/wp-content\/uploads\/2022\/11\/20220802_161054-300x300.jpg 300w, https:\/\/www.haus-des-erinnerns-mainz.de\/wp-content\/uploads\/2022\/11\/20220802_161054-150x150.jpg 150w, https:\/\/www.haus-des-erinnerns-mainz.de\/wp-content\/uploads\/2022\/11\/20220802_161054-768x768.jpg 768w, https:\/\/www.haus-des-erinnerns-mainz.de\/wp-content\/uploads\/2022\/11\/20220802_161054-1536x1536.jpg 1536w, https:\/\/www.haus-des-erinnerns-mainz.de\/wp-content\/uploads\/2022\/11\/20220802_161054-2048x2048.jpg 2048w\" sizes=\"auto, (max-width: 1024px) 100vw, 1024px\" \/><figcaption>Das Bild zeigt Herrn Ebling bei der Enth\u00fcllung der Gedenktafel f\u00fcr die Familie Ganz an ihrem ehemaligen Unternehmenssitz im August 2022.<\/figcaption><\/figure>\n<\/figure>\n\n\n\n<br>\n\n\n\n<p>Am 5. November 2022 fand im Haus des Erinnerns eine Pr\u00e4sentation des Forschungsprojektes \u201eRekonstruktion und Lokalisierung der privaten Kunstsammlung des Teppichh\u00e4ndlers Felix Ganz (1869\u20131944)\u201c statt. Dabei handelte es sich um eine Kooperationsveranstaltung mit dem Institut f\u00fcr Kunstgeschichte und Musikwissenschaft an der Johannes Gutenberg-Universit\u00e4t Mainz und dem Deutschen Zentrum f\u00fcr Kulturgutverlust.<\/p>\n\n\n\n<p>In einem Gru\u00dfwort stellte die seit 2004 an der Johannes Gutenberg-Universit\u00e4t Mainz lehrende und forschende Professorin f\u00fcr Kunstgeschichte der Fr\u00fchen Neuzeit, Frau Professor Oy-Marra, die Hintergr\u00fcnde des Provenienz Projektes vor. Frau Nathalie Neumann, ist eine deutsch-franz\u00f6sische Kunsthistorikerin, die internationale Studien- und Berufserfahrungen hat. Ab 2014 forschte und ver\u00f6ffentlichte sie zur Kunstsammlung von Julius Freund und Aspekten der R\u00fcckgabe von Raubkunst. Au\u00dferdem war sie von Juni 2016 bis November 2017 Mitglied des Gurlitt-Forschungsteams, gefolgt von einem Forschungsauftrag f\u00fcr die Kunstverwaltung des Bundes zum Restbestand CCP und seine Verwaltung von 1961 bis 2016. Auch sie hat \u2013 genau wie Frau Prof. Oy-Marra \u2013 Verbindungen zur Johannes Gutenberg-Universit\u00e4t Mainz, da sie derzeit dort als Wissenschaftliche Mitarbeiterin besch\u00e4ftigt ist. Sie f\u00fchrte ausgiebig in das Provenienz Projektes ein und stellte dieses inhaltlich vor.<\/p>\n\n\n\n<p>Das Projekt profitiert sowohl von den Recherchen des Urenkels Adam Ganz, der das Projekt ma\u00dfgeblich unterst\u00fctzt, als auch von den Ergebnissen des Provenienz Projektes, das in den Jahren 2017 bis 2019 im Landesmuseum Mainz realisiert wurde. Dort fanden sich verschiedene M\u00f6belst\u00fccke und Kunstgegenst\u00e4nde aus dem Vorbesitz der Familie Felix Ganz\u2018. Das Forschungsprojekt besch\u00e4ftigt sich vor allem damit, die Kunstsammlung des Mainzer Gesch\u00e4ftsmannes zu rekonstruieren, da von ihr fast jede Spur fehlt. Die Arbeit leistet dar\u00fcber hinaus wichtige Erkenntnisse zu der assimilierten j\u00fcdischen Familie Ganz und schafft es so, die Erinnerungen an diese Familie wiederzugewinnen. So wurde die Netzwerkanalyse zur Familie Felix Ganz als Methode vorgestellt, die zentral ist, um den historischen Austausch von Informationen und\/oder Objekten zu verstehen und zu rekonstruieren. Die Ergebnisse dieser Analyse zeigen die vielf\u00e4ltigen Verflechtungen der Familie in der Stadt Mainz.<\/p>\n\n\n\n<p>Zun\u00e4chst wurde die Methode der Netzwerkanalyse und die Personengruppen im privaten und \u00f6ffentlichen Umfeld Felix Ganz vorgestellt. Anschlie\u00dfend wurde auf die verschiedenen Orte und anschlie\u00dfend auch Quellen verwiesen, die hilfreich sind, um die Kunstsammlung zu rekonstruieren. Beispielhaft wurden unterschiedliche Wege von Eigentum aufgezeigt und wie man diese nachvollziehen kann. Der Vortrag war sehr informativ und vor allem f\u00fcr Forschende hilfreich, um aufzuzeigen, wie viele verschiedene Quellenarten zu untersuchen sind, um einer Biografie n\u00e4herzukommen und mit welchen Methoden gearbeitet werden kann. Es war sehr spannend zu sehen, welche Wege einzelne Objekte hinter sich haben und dass hinter jedem Gegenstand ein St\u00fcck Geschichte steckt. Wir bedanken uns daf\u00fcr nochmal herzlich bei Frau Neumann und freuen uns in Zukunft noch mehr von ihr zu h\u00f6ren.<\/p>\n\n\n\n<p><\/p>\n","protected":false},"excerpt":{"rendered":"<p>Am 5. November 2022 fand im Haus des Erinnerns eine Pr\u00e4sentation des Forschungsprojektes \u201eRekonstruktion und Lokalisierung der privaten Kunstsammlung des Teppichh\u00e4ndlers Felix Ganz (1869\u20131944)\u201c statt. Dabei handelte es sich um eine Kooperationsveranstaltung mit dem Institut f\u00fcr Kunstgeschichte und Musikwissenschaft an der Johannes Gutenberg-Universit\u00e4t Mainz und dem Deutschen Zentrum f\u00fcr Kulturgutverlust&#8230;.<\/p>\n<p> <a class=\"continue-reading-link\" href=\"https:\/\/www.haus-des-erinnerns-mainz.de\/index.php\/2022\/11\/10\/rekonstruktion-und-lokalisierung-der-privaten-kunstsammlung-des-teppichhaendlers-felix-ganz-1869-1944\/\"><span>Weiterlesen<\/span><i class=\"crycon-right-dir\"><\/i><\/a> <\/p>\n","protected":false},"author":4,"featured_media":0,"comment_status":"closed","ping_status":"closed","sticky":false,"template":"","format":"standard","meta":{"episode_type":"audio","audio_file":"","podmotor_file_id":"","podmotor_episode_id":"","cover_image":"","cover_image_id":"","duration":"","filesize":"","filesize_raw":"","date_recorded":"","explicit":"","block":"","ngg_post_thumbnail":0,"_price":"","_stock":"","_tribe_ticket_header":"","_tribe_default_ticket_provider":"","_tribe_ticket_capacity":"0","_ticket_start_date":"","_ticket_end_date":"","_tribe_ticket_show_description":"","_tribe_ticket_show_not_going":false,"_tribe_ticket_use_global_stock":"","_tribe_ticket_global_stock_level":"","_global_stock_mode":"","_global_stock_cap":"","_tribe_rsvp_for_event":"","_tribe_ticket_going_count":"","_tribe_ticket_not_going_count":"","_tribe_tickets_list":"[]","_tribe_ticket_has_attendee_info_fields":false,"footnotes":""},"categories":[75,1,87],"tags":[109,146,122,12],"series":[547],"class_list":["post-5640","post","type-post","status-publish","format-standard","hentry","category-aktuelles","category-allgemein","category-nachberichte","tag-demokratie","tag-mainz","tag-nationalsozialismus","tag-vortrag","series-haus-des-erinnerns"],"episode_featured_image":false,"episode_player_image":"https:\/\/www.haus-des-erinnerns-mainz.de\/wp-content\/plugins\/seriously-simple-podcasting\/assets\/images\/no-album-art.png","download_link":"","player_link":"","audio_player":false,"episode_data":{"playerMode":"dark","subscribeUrls":[],"rssFeedUrl":"https:\/\/www.haus-des-erinnerns-mainz.de\/feed\/podcast\/haus-des-erinnerns","embedCode":"<blockquote class=\"wp-embedded-content\" data-secret=\"n8XoFszkQy\"><a href=\"https:\/\/www.haus-des-erinnerns-mainz.de\/index.php\/2022\/11\/10\/rekonstruktion-und-lokalisierung-der-privaten-kunstsammlung-des-teppichhaendlers-felix-ganz-1869-1944\/\">Rekonstruktion und Lokalisierung der privaten Kunstsammlung des Teppichh\u00e4ndlers Felix Ganz (1869\u20131944)<\/a><\/blockquote><iframe sandbox=\"allow-scripts\" security=\"restricted\" src=\"https:\/\/www.haus-des-erinnerns-mainz.de\/index.php\/2022\/11\/10\/rekonstruktion-und-lokalisierung-der-privaten-kunstsammlung-des-teppichhaendlers-felix-ganz-1869-1944\/embed\/#?secret=n8XoFszkQy\" width=\"500\" height=\"350\" title=\"&#8222;Rekonstruktion und Lokalisierung der privaten Kunstsammlung des Teppichh\u00e4ndlers Felix Ganz (1869\u20131944)&#8220; &#8211; Haus des Erinnerns\" data-secret=\"n8XoFszkQy\" frameborder=\"0\" marginwidth=\"0\" marginheight=\"0\" scrolling=\"no\" class=\"wp-embedded-content\"><\/iframe><script type=\"text\/javascript\">\n\/* <![CDATA[ *\/\n\/*! This file is auto-generated *\/\n!function(d,l){\"use strict\";l.querySelector&&d.addEventListener&&\"undefined\"!=typeof URL&&(d.wp=d.wp||{},d.wp.receiveEmbedMessage||(d.wp.receiveEmbedMessage=function(e){var t=e.data;if((t||t.secret||t.message||t.value)&&!\/[^a-zA-Z0-9]\/.test(t.secret)){for(var s,r,n,a=l.querySelectorAll('iframe[data-secret=\"'+t.secret+'\"]'),o=l.querySelectorAll('blockquote[data-secret=\"'+t.secret+'\"]'),c=new RegExp(\"^https?:$\",\"i\"),i=0;i<o.length;i++)o[i].style.display=\"none\";for(i=0;i<a.length;i++)s=a[i],e.source===s.contentWindow&&(s.removeAttribute(\"style\"),\"height\"===t.message?(1e3<(r=parseInt(t.value,10))?r=1e3:~~r<200&&(r=200),s.height=r):\"link\"===t.message&&(r=new URL(s.getAttribute(\"src\")),n=new URL(t.value),c.test(n.protocol))&&n.host===r.host&&l.activeElement===s&&(d.top.location.href=t.value))}},d.addEventListener(\"message\",d.wp.receiveEmbedMessage,!1),l.addEventListener(\"DOMContentLoaded\",function(){for(var e,t,s=l.querySelectorAll(\"iframe.wp-embedded-content\"),r=0;r<s.length;r++)(t=(e=s[r]).getAttribute(\"data-secret\"))||(t=Math.random().toString(36).substring(2,12),e.src+=\"#?secret=\"+t,e.setAttribute(\"data-secret\",t)),e.contentWindow.postMessage({message:\"ready\",secret:t},\"*\")},!1)))}(window,document);\n\/* ]]> *\/\n<\/script>\n"},"_links":{"self":[{"href":"https:\/\/www.haus-des-erinnerns-mainz.de\/index.php\/wp-json\/wp\/v2\/posts\/5640","targetHints":{"allow":["GET"]}}],"collection":[{"href":"https:\/\/www.haus-des-erinnerns-mainz.de\/index.php\/wp-json\/wp\/v2\/posts"}],"about":[{"href":"https:\/\/www.haus-des-erinnerns-mainz.de\/index.php\/wp-json\/wp\/v2\/types\/post"}],"author":[{"embeddable":true,"href":"https:\/\/www.haus-des-erinnerns-mainz.de\/index.php\/wp-json\/wp\/v2\/users\/4"}],"replies":[{"embeddable":true,"href":"https:\/\/www.haus-des-erinnerns-mainz.de\/index.php\/wp-json\/wp\/v2\/comments?post=5640"}],"version-history":[{"count":3,"href":"https:\/\/www.haus-des-erinnerns-mainz.de\/index.php\/wp-json\/wp\/v2\/posts\/5640\/revisions"}],"predecessor-version":[{"id":5644,"href":"https:\/\/www.haus-des-erinnerns-mainz.de\/index.php\/wp-json\/wp\/v2\/posts\/5640\/revisions\/5644"}],"wp:attachment":[{"href":"https:\/\/www.haus-des-erinnerns-mainz.de\/index.php\/wp-json\/wp\/v2\/media?parent=5640"}],"wp:term":[{"taxonomy":"category","embeddable":true,"href":"https:\/\/www.haus-des-erinnerns-mainz.de\/index.php\/wp-json\/wp\/v2\/categories?post=5640"},{"taxonomy":"post_tag","embeddable":true,"href":"https:\/\/www.haus-des-erinnerns-mainz.de\/index.php\/wp-json\/wp\/v2\/tags?post=5640"},{"taxonomy":"series","embeddable":true,"href":"https:\/\/www.haus-des-erinnerns-mainz.de\/index.php\/wp-json\/wp\/v2\/series?post=5640"}],"curies":[{"name":"wp","href":"https:\/\/api.w.org\/{rel}","templated":true}]}}