{"id":5594,"date":"2022-10-26T17:36:57","date_gmt":"2022-10-26T15:36:57","guid":{"rendered":"https:\/\/www.haus-des-erinnerns-mainz.de\/?p=5594"},"modified":"2022-10-26T17:36:59","modified_gmt":"2022-10-26T15:36:59","slug":"es-ist-geschehen-und-folglich-kann-es-wieder-geschehen-zu-geschichte-und-gegenwart-rechter-gewalt-in-deutschland","status":"publish","type":"post","link":"https:\/\/www.haus-des-erinnerns-mainz.de\/index.php\/2022\/10\/26\/es-ist-geschehen-und-folglich-kann-es-wieder-geschehen-zu-geschichte-und-gegenwart-rechter-gewalt-in-deutschland\/","title":{"rendered":"\u201eEs ist geschehen,\u00a0und folglich kann es wieder geschehen.\u201c Zu Geschichte und Gegenwart rechter Gewalt in Deutschland"},"content":{"rendered":"\n<p>Es war ein beeindruckendes und zugleich ber\u00fchrendes Programm, das Roman Kni\u017eka\u00a0und das Bl\u00e4serensemble OPUS 45 am 23. Oktober 2022 in der Neuen Synagoge Mainz darboten. <\/p>\n\n\n\n<p><\/p>\n\n\n<div class=\"wp-block-image\">\n<figure class=\"alignleft size-large\"><img loading=\"lazy\" decoding=\"async\" width=\"1024\" height=\"768\" src=\"https:\/\/www.haus-des-erinnerns-mainz.de\/wp-content\/uploads\/2022\/10\/IMG_39131-1024x768.jpg\" alt=\"\" class=\"wp-image-5610\" srcset=\"https:\/\/www.haus-des-erinnerns-mainz.de\/wp-content\/uploads\/2022\/10\/IMG_39131-1024x768.jpg 1024w, https:\/\/www.haus-des-erinnerns-mainz.de\/wp-content\/uploads\/2022\/10\/IMG_39131-300x225.jpg 300w, https:\/\/www.haus-des-erinnerns-mainz.de\/wp-content\/uploads\/2022\/10\/IMG_39131-768x576.jpg 768w, https:\/\/www.haus-des-erinnerns-mainz.de\/wp-content\/uploads\/2022\/10\/IMG_39131-1536x1152.jpg 1536w, https:\/\/www.haus-des-erinnerns-mainz.de\/wp-content\/uploads\/2022\/10\/IMG_39131-2048x1536.jpg 2048w, https:\/\/www.haus-des-erinnerns-mainz.de\/wp-content\/uploads\/2022\/10\/IMG_39131-150x113.jpg 150w\" sizes=\"auto, (max-width: 1024px) 100vw, 1024px\" \/><\/figure><\/div>\n\n\n<br>\n\n\n\n<br>\n\n\n\n<p><strong><em>\u201eEs ist geschehen, und folglich kann es wieder geschehen: Darin liegt der Kern dessen, was wir zu sagen haben.\u201c<\/em><\/strong> \u2013 Ein Zitat des italienischen Schriftstellers und Holocaust-\u00dcberlebenden Primo Levi, bildete den Titel des Abends. Er war es, der 1986 davor warnte, im Gedenken und Erinnern an die Verbrechen des NS-Regimes nicht nachzulassen. <\/p>\n\n\n\n<p>Dass Antisemitismus nicht mit dem Ende des NS-Regimes, mit der Befreiung der Konzentrationslager Buchenwald und Auschwitz nicht aus unserer Gesellschaft verschwunden ist, war wohl allen Besucher*innen im Synagogenzentrum bewusst. Doch das Programm, das schlaglichtartig einschneidende Ereignisse in der Entwicklung der extremen Rechten seit 1949 beleuchtete, f\u00fchrte dies den Zuh\u00f6rer*innen auf eindr\u00fcckliche Weise erneut vor Augen: Sei es die Sch\u00e4ndung der K\u00f6lner Synagoge am 24. Dezember 1959, das Attentat auf Rudi Dutschke vom 11. April 1968, das Oktoberfestattentat am 26. September 1980, oder die rechtsextremen Terroranschl\u00e4ge des NSU. Der Vortrag harter Fakten, Stimmen von Politiker*innen, T\u00e4ter*innen, aber auch von Opfern rechter Gewalt sowie das Zeugnis einer Neonazi-Aussteigerin werden immer wieder erg\u00e4nzt durch einen musikalischen Kommentar, stellenweise auch Kontrapunkt. <\/p>\n\n\n\n<br>\n\n\n\n<figure class=\"wp-block-gallery has-nested-images columns-default is-cropped wp-block-gallery-1 is-layout-flex wp-block-gallery-is-layout-flex\">\n<figure class=\"wp-block-image size-large\"><img loading=\"lazy\" decoding=\"async\" width=\"768\" height=\"1024\" data-id=\"5608\" src=\"https:\/\/www.haus-des-erinnerns-mainz.de\/wp-content\/uploads\/2022\/10\/IMG_39031-768x1024.jpg\" alt=\"\" class=\"wp-image-5608\" srcset=\"https:\/\/www.haus-des-erinnerns-mainz.de\/wp-content\/uploads\/2022\/10\/IMG_39031-768x1024.jpg 768w, https:\/\/www.haus-des-erinnerns-mainz.de\/wp-content\/uploads\/2022\/10\/IMG_39031-225x300.jpg 225w, https:\/\/www.haus-des-erinnerns-mainz.de\/wp-content\/uploads\/2022\/10\/IMG_39031-1152x1536.jpg 1152w, https:\/\/www.haus-des-erinnerns-mainz.de\/wp-content\/uploads\/2022\/10\/IMG_39031-1536x2048.jpg 1536w, https:\/\/www.haus-des-erinnerns-mainz.de\/wp-content\/uploads\/2022\/10\/IMG_39031-113x150.jpg 113w, https:\/\/www.haus-des-erinnerns-mainz.de\/wp-content\/uploads\/2022\/10\/IMG_39031-scaled.jpg 1920w\" sizes=\"auto, (max-width: 768px) 100vw, 768px\" \/><\/figure>\n\n\n\n<figure class=\"wp-block-image size-large\"><img loading=\"lazy\" decoding=\"async\" width=\"768\" height=\"1024\" data-id=\"5611\" src=\"https:\/\/www.haus-des-erinnerns-mainz.de\/wp-content\/uploads\/2022\/10\/IMG_39151-768x1024.jpg\" alt=\"\" class=\"wp-image-5611\" srcset=\"https:\/\/www.haus-des-erinnerns-mainz.de\/wp-content\/uploads\/2022\/10\/IMG_39151-768x1024.jpg 768w, https:\/\/www.haus-des-erinnerns-mainz.de\/wp-content\/uploads\/2022\/10\/IMG_39151-225x300.jpg 225w, https:\/\/www.haus-des-erinnerns-mainz.de\/wp-content\/uploads\/2022\/10\/IMG_39151-1152x1536.jpg 1152w, https:\/\/www.haus-des-erinnerns-mainz.de\/wp-content\/uploads\/2022\/10\/IMG_39151-1536x2048.jpg 1536w, https:\/\/www.haus-des-erinnerns-mainz.de\/wp-content\/uploads\/2022\/10\/IMG_39151-113x150.jpg 113w, https:\/\/www.haus-des-erinnerns-mainz.de\/wp-content\/uploads\/2022\/10\/IMG_39151-scaled.jpg 1920w\" sizes=\"auto, (max-width: 768px) 100vw, 768px\" \/><\/figure>\n<\/figure>\n\n\n\n<br>\n\n\n\n<p>So erklangen an diesem Abend Werke von Paul Hindemith, Pavel Haas und Gy\u00f6rgy Ligeti \u2013 drei Komponisten, die Opfer des nationalsozialistischen Gewaltregimes und der Shoah wurden. <br>Paul Hindemith erhielt als Verfasser sogenannter \u201aentarteter Musik\u2018 bereits 1936 ein Auff\u00fchrungsverbot. Nachdem er seinen Lehrauftrag an der Berliner Hochschule niedergelegt hatte, emigrierte er zun\u00e4chst in die Schweiz, dann in die USA. <br>Pavel Haas galt als ein hochbegabter tschechischer Komponist. Als Jude wurde er 1941 nach Theresienstadt deportiert, wo er auf weitere K\u00fcnstler*innen traf und einige seiner Kompositionen uraufgef\u00fchrt wurden. Im Oktober 1944 wurde Pavel Haas nach Auschwitz deportiert und dort ermordet. <br>Gy\u00f6rgy Ligeti stammt aus einer j\u00fcdischen Familie. Sein Vater wurde im April 1945 im KZ Bergen-Belsen ermordet, sein j\u00fcngerer Bruder im M\u00e4rz 1945 im KZ Mauthausen. Seine Mutter \u00fcberlebte das KZ Auschwitz-Birkenau. <\/p>\n\n\n\n<br>\n\n\n\n<figure class=\"wp-block-image size-large\"><img loading=\"lazy\" decoding=\"async\" width=\"1024\" height=\"768\" src=\"https:\/\/www.haus-des-erinnerns-mainz.de\/wp-content\/uploads\/2022\/10\/IMG_39081-1024x768.jpg\" alt=\"\" class=\"wp-image-5609\" srcset=\"https:\/\/www.haus-des-erinnerns-mainz.de\/wp-content\/uploads\/2022\/10\/IMG_39081-1024x768.jpg 1024w, https:\/\/www.haus-des-erinnerns-mainz.de\/wp-content\/uploads\/2022\/10\/IMG_39081-300x225.jpg 300w, https:\/\/www.haus-des-erinnerns-mainz.de\/wp-content\/uploads\/2022\/10\/IMG_39081-768x576.jpg 768w, https:\/\/www.haus-des-erinnerns-mainz.de\/wp-content\/uploads\/2022\/10\/IMG_39081-1536x1152.jpg 1536w, https:\/\/www.haus-des-erinnerns-mainz.de\/wp-content\/uploads\/2022\/10\/IMG_39081-2048x1536.jpg 2048w, https:\/\/www.haus-des-erinnerns-mainz.de\/wp-content\/uploads\/2022\/10\/IMG_39081-150x113.jpg 150w\" sizes=\"auto, (max-width: 1024px) 100vw, 1024px\" \/><\/figure>\n\n\n\n<br>\n\n\n\n<p>Der Abend machte einmal mehr deutlich, dass Rechtsextremismus, Rassismus und Antisemitismus bis heute in der Mitte unserer Gesellschaft pr\u00e4sent sind \u2013 der Einsatz gegen die extreme Rechte und f\u00fcr eine aktive Erinnerungskultur darf nicht enden! <\/p>\n","protected":false},"excerpt":{"rendered":"<p>Es war ein beeindruckendes und zugleich ber\u00fchrendes Programm, das Roman Kni\u017eka\u00a0und das Bl\u00e4serensemble OPUS 45 am 23. Oktober 2022 in der Neuen Synagoge Mainz darboten. \u201eEs ist geschehen, und folglich kann es wieder geschehen: Darin liegt der Kern dessen, was wir zu sagen haben.\u201c \u2013 Ein Zitat des italienischen Schriftstellers&#8230;<\/p>\n<p> <a class=\"continue-reading-link\" href=\"https:\/\/www.haus-des-erinnerns-mainz.de\/index.php\/2022\/10\/26\/es-ist-geschehen-und-folglich-kann-es-wieder-geschehen-zu-geschichte-und-gegenwart-rechter-gewalt-in-deutschland\/\"><span>Weiterlesen<\/span><i class=\"crycon-right-dir\"><\/i><\/a> <\/p>\n","protected":false},"author":4,"featured_media":0,"comment_status":"closed","ping_status":"closed","sticky":false,"template":"","format":"standard","meta":{"episode_type":"audio","audio_file":"","podmotor_file_id":"","podmotor_episode_id":"","cover_image":"","cover_image_id":"","duration":"","filesize":"","filesize_raw":"","date_recorded":"","explicit":"","block":"","ngg_post_thumbnail":0,"_price":"","_stock":"","_tribe_ticket_header":"","_tribe_default_ticket_provider":"","_tribe_ticket_capacity":"0","_ticket_start_date":"","_ticket_end_date":"","_tribe_ticket_show_description":"","_tribe_ticket_show_not_going":false,"_tribe_ticket_use_global_stock":"","_tribe_ticket_global_stock_level":"","_global_stock_mode":"","_global_stock_cap":"","_tribe_rsvp_for_event":"","_tribe_ticket_going_count":"","_tribe_ticket_not_going_count":"","_tribe_tickets_list":"[]","_tribe_ticket_has_attendee_info_fields":false,"footnotes":""},"categories":[1,87],"tags":[29,445,446,443,14,444],"series":[547],"class_list":["post-5594","post","type-post","status-publish","format-standard","hentry","category-allgemein","category-nachberichte","tag-antisemitismus","tag-extreme-rechte","tag-knizka","tag-konzert","tag-lesung","tag-opus-45","series-haus-des-erinnerns"],"episode_featured_image":false,"episode_player_image":"https:\/\/www.haus-des-erinnerns-mainz.de\/wp-content\/plugins\/seriously-simple-podcasting\/assets\/images\/no-album-art.png","download_link":"","player_link":"","audio_player":false,"episode_data":{"playerMode":"dark","subscribeUrls":[],"rssFeedUrl":"https:\/\/www.haus-des-erinnerns-mainz.de\/feed\/podcast\/haus-des-erinnerns","embedCode":"<blockquote class=\"wp-embedded-content\" data-secret=\"TlVhjCTuo5\"><a href=\"https:\/\/www.haus-des-erinnerns-mainz.de\/index.php\/2022\/10\/26\/es-ist-geschehen-und-folglich-kann-es-wieder-geschehen-zu-geschichte-und-gegenwart-rechter-gewalt-in-deutschland\/\">\u201eEs ist geschehen,\u00a0und folglich kann es wieder geschehen.\u201c Zu Geschichte und Gegenwart rechter Gewalt in Deutschland<\/a><\/blockquote><iframe sandbox=\"allow-scripts\" security=\"restricted\" src=\"https:\/\/www.haus-des-erinnerns-mainz.de\/index.php\/2022\/10\/26\/es-ist-geschehen-und-folglich-kann-es-wieder-geschehen-zu-geschichte-und-gegenwart-rechter-gewalt-in-deutschland\/embed\/#?secret=TlVhjCTuo5\" width=\"500\" height=\"350\" title=\"&#8222;\u201eEs ist geschehen,\u00a0und folglich kann es wieder geschehen.\u201c Zu Geschichte und Gegenwart rechter Gewalt in Deutschland&#8220; &#8211; Haus des Erinnerns\" data-secret=\"TlVhjCTuo5\" frameborder=\"0\" marginwidth=\"0\" marginheight=\"0\" scrolling=\"no\" class=\"wp-embedded-content\"><\/iframe><script type=\"text\/javascript\">\n\/* <![CDATA[ *\/\n\/*! This file is auto-generated *\/\n!function(d,l){\"use strict\";l.querySelector&&d.addEventListener&&\"undefined\"!=typeof URL&&(d.wp=d.wp||{},d.wp.receiveEmbedMessage||(d.wp.receiveEmbedMessage=function(e){var t=e.data;if((t||t.secret||t.message||t.value)&&!\/[^a-zA-Z0-9]\/.test(t.secret)){for(var s,r,n,a=l.querySelectorAll('iframe[data-secret=\"'+t.secret+'\"]'),o=l.querySelectorAll('blockquote[data-secret=\"'+t.secret+'\"]'),c=new RegExp(\"^https?:$\",\"i\"),i=0;i<o.length;i++)o[i].style.display=\"none\";for(i=0;i<a.length;i++)s=a[i],e.source===s.contentWindow&&(s.removeAttribute(\"style\"),\"height\"===t.message?(1e3<(r=parseInt(t.value,10))?r=1e3:~~r<200&&(r=200),s.height=r):\"link\"===t.message&&(r=new URL(s.getAttribute(\"src\")),n=new URL(t.value),c.test(n.protocol))&&n.host===r.host&&l.activeElement===s&&(d.top.location.href=t.value))}},d.addEventListener(\"message\",d.wp.receiveEmbedMessage,!1),l.addEventListener(\"DOMContentLoaded\",function(){for(var e,t,s=l.querySelectorAll(\"iframe.wp-embedded-content\"),r=0;r<s.length;r++)(t=(e=s[r]).getAttribute(\"data-secret\"))||(t=Math.random().toString(36).substring(2,12),e.src+=\"#?secret=\"+t,e.setAttribute(\"data-secret\",t)),e.contentWindow.postMessage({message:\"ready\",secret:t},\"*\")},!1)))}(window,document);\n\/* ]]> *\/\n<\/script>\n"},"_links":{"self":[{"href":"https:\/\/www.haus-des-erinnerns-mainz.de\/index.php\/wp-json\/wp\/v2\/posts\/5594","targetHints":{"allow":["GET"]}}],"collection":[{"href":"https:\/\/www.haus-des-erinnerns-mainz.de\/index.php\/wp-json\/wp\/v2\/posts"}],"about":[{"href":"https:\/\/www.haus-des-erinnerns-mainz.de\/index.php\/wp-json\/wp\/v2\/types\/post"}],"author":[{"embeddable":true,"href":"https:\/\/www.haus-des-erinnerns-mainz.de\/index.php\/wp-json\/wp\/v2\/users\/4"}],"replies":[{"embeddable":true,"href":"https:\/\/www.haus-des-erinnerns-mainz.de\/index.php\/wp-json\/wp\/v2\/comments?post=5594"}],"version-history":[{"count":5,"href":"https:\/\/www.haus-des-erinnerns-mainz.de\/index.php\/wp-json\/wp\/v2\/posts\/5594\/revisions"}],"predecessor-version":[{"id":5615,"href":"https:\/\/www.haus-des-erinnerns-mainz.de\/index.php\/wp-json\/wp\/v2\/posts\/5594\/revisions\/5615"}],"wp:attachment":[{"href":"https:\/\/www.haus-des-erinnerns-mainz.de\/index.php\/wp-json\/wp\/v2\/media?parent=5594"}],"wp:term":[{"taxonomy":"category","embeddable":true,"href":"https:\/\/www.haus-des-erinnerns-mainz.de\/index.php\/wp-json\/wp\/v2\/categories?post=5594"},{"taxonomy":"post_tag","embeddable":true,"href":"https:\/\/www.haus-des-erinnerns-mainz.de\/index.php\/wp-json\/wp\/v2\/tags?post=5594"},{"taxonomy":"series","embeddable":true,"href":"https:\/\/www.haus-des-erinnerns-mainz.de\/index.php\/wp-json\/wp\/v2\/series?post=5594"}],"curies":[{"name":"wp","href":"https:\/\/api.w.org\/{rel}","templated":true}]}}