{"id":5528,"date":"2022-10-12T10:02:15","date_gmt":"2022-10-12T08:02:15","guid":{"rendered":"https:\/\/www.haus-des-erinnerns-mainz.de\/?p=5528"},"modified":"2022-10-12T10:02:18","modified_gmt":"2022-10-12T08:02:18","slug":"wie-ich-den-weg-zum-fuhrer-fand","status":"publish","type":"post","link":"https:\/\/www.haus-des-erinnerns-mainz.de\/index.php\/2022\/10\/12\/wie-ich-den-weg-zum-fuhrer-fand\/","title":{"rendered":"\u201eWie ich den Weg zum F\u00fchrer fand.\u201c \u2013 Buchvorstellung und Diskussion"},"content":{"rendered":"\n<br>\n\n\n\n<p>Am 5. Oktober wurde in der Akademie der Wissenschaften und der Literatur in Mainz das im Campus Verlag neu erschienene Buch <em>\u201eWie ich den Weg zum F\u00fchrer fand.\u201c Beitrittsmotive und Entlastungsstrategien von NSDAP-Mitgliedern <\/em>von Univ.-Prof. Dr. J\u00fcrgen W. Falter vorgestellt. Die knapp 60 G\u00e4ste erhielten einen \u00dcberblick \u00fcber die verwendeten Quellen und zentralen Ergebnisse der Untersuchungen.<\/p>\n\n\n\n<br>\n\n\n<div class=\"wp-block-image\">\n<figure class=\"aligncenter size-full is-resized\"><img loading=\"lazy\" decoding=\"async\" src=\"https:\/\/www.haus-des-erinnerns-mainz.de\/wp-content\/uploads\/2022\/10\/IMG-20221012-WA0000-1.jpg\" alt=\"\" class=\"wp-image-5531\" width=\"525\" height=\"565\" srcset=\"https:\/\/www.haus-des-erinnerns-mainz.de\/wp-content\/uploads\/2022\/10\/IMG-20221012-WA0000-1.jpg 721w, https:\/\/www.haus-des-erinnerns-mainz.de\/wp-content\/uploads\/2022\/10\/IMG-20221012-WA0000-1-279x300.jpg 279w, https:\/\/www.haus-des-erinnerns-mainz.de\/wp-content\/uploads\/2022\/10\/IMG-20221012-WA0000-1-139x150.jpg 139w\" sizes=\"auto, (max-width: 525px) 100vw, 525px\" \/><figcaption><sup>Univ-Prof. Dr. J\u00fcrgen W. Falter bei seinem Vortrag in Mainz \u00a9 HdE<\/sup><\/figcaption><\/figure><\/div>\n\n\n<br>\n\n\n\n<p>Untersucht wurden zum einen die Beitrittsmotive von NSDAP-Mitgliedern wie man sie bei den Ergebnissen des Preisausschreibens vom US-Soziologen Theodore Abel, der New Yorker Columbia University von 1934 und in den von Adalbert Gimbel in 1936\/37 zu Propagandazwecken gesammelten Aussagen finden konnte. Zum anderen wurden die Beitrittsmotive und Entlastungsstrategien der Parteimitglieder aus einer Stichprobe der Entnazifizierungsprozesse herausgearbeitet und die Ergebnisse miteinander verglichen. Folgende Fragen standen somit im Zentrum des Forschungsprojektes: Welche Beweggr\u00fcnde motivierten Deutsche, in die NSDAP einzutreten? Und welche Strategien w\u00e4hlten diese Parteimitglieder nach 1945, um sich in ihren Entnazifizierungsprozessen zu entlasten?<br>Das Buch bietet damit interessante Einblicke in die Sozialisationserfahrungen und die pers\u00f6nlichen Einstellungen der untersuchten Personen und analysiert zugleich die Rolle der Fronterlebnisse im Ersten Weltkrieg, die Erfahrungen als Kriegskinder und die bedeutende Funktion der Mitgliedschaft in nationalistischen und antisemitischen Organisationen als \u00dcbergangsstationen auf dem Weg in die Partei.<\/p>\n\n\n\n<p>Die gesamte Analyse k\u00f6nnen Sie in dem Buch nachlesen, das Sie zum Beispiel bei <a href=\"https:\/\/www.genialokal.de\/Produkt\/Juergen-W-Falter-Kristine-Khachatryan-Lisa-Klagges-Jonas-Messner-Jan-Rosensprung\/Wie-ich-den-Weg-zum-Fuehrer-fand_lid_46105909.html?storeID=gildmain\" target=\"_blank\" rel=\"noreferrer noopener\">\u201eErlesenes und B\u00fcchergilde\u201c<\/a> in Mainz erwerben k\u00f6nnen.<\/p>\n","protected":false},"excerpt":{"rendered":"<p>Am 5. Oktober wurde in der Akademie der Wissenschaften und der Literatur in Mainz das im Campus Verlag neu erschienene Buch \u201eWie ich den Weg zum F\u00fchrer fand.\u201c Beitrittsmotive und Entlastungsstrategien von NSDAP-Mitgliedern von Univ.-Prof. Dr. J\u00fcrgen W. Falter vorgestellt. Die knapp 60 G\u00e4ste erhielten einen \u00dcberblick \u00fcber die verwendeten&#8230;<\/p>\n<p> <a class=\"continue-reading-link\" href=\"https:\/\/www.haus-des-erinnerns-mainz.de\/index.php\/2022\/10\/12\/wie-ich-den-weg-zum-fuhrer-fand\/\"><span>Weiterlesen<\/span><i class=\"crycon-right-dir\"><\/i><\/a> <\/p>\n","protected":false},"author":4,"featured_media":0,"comment_status":"closed","ping_status":"closed","sticky":false,"template":"","format":"standard","meta":{"episode_type":"audio","audio_file":"","podmotor_file_id":"","podmotor_episode_id":"","cover_image":"","cover_image_id":"","duration":"","filesize":"","filesize_raw":"","date_recorded":"","explicit":"","block":"","ngg_post_thumbnail":0,"_price":"","_stock":"","_tribe_ticket_header":"","_tribe_default_ticket_provider":"","_tribe_ticket_capacity":"0","_ticket_start_date":"","_ticket_end_date":"","_tribe_ticket_show_description":"","_tribe_ticket_show_not_going":false,"_tribe_ticket_use_global_stock":"","_tribe_ticket_global_stock_level":"","_global_stock_mode":"","_global_stock_cap":"","_tribe_rsvp_for_event":"","_tribe_ticket_going_count":"","_tribe_ticket_not_going_count":"","_tribe_tickets_list":"[]","_tribe_ticket_has_attendee_info_fields":false,"footnotes":""},"categories":[1,87],"tags":[436,5,49,435,437,12],"series":[547],"class_list":["post-5528","post","type-post","status-publish","format-standard","hentry","category-allgemein","category-nachberichte","tag-beitrittsmotive","tag-buchvorstellung","tag-diskussion","tag-juergen-w-falter","tag-nsdap","tag-vortrag","series-haus-des-erinnerns"],"episode_featured_image":false,"episode_player_image":"https:\/\/www.haus-des-erinnerns-mainz.de\/wp-content\/plugins\/seriously-simple-podcasting\/assets\/images\/no-album-art.png","download_link":"","player_link":"","audio_player":false,"episode_data":{"playerMode":"dark","subscribeUrls":[],"rssFeedUrl":"https:\/\/www.haus-des-erinnerns-mainz.de\/feed\/podcast\/haus-des-erinnerns","embedCode":"<blockquote class=\"wp-embedded-content\" data-secret=\"L2HOt451JK\"><a href=\"https:\/\/www.haus-des-erinnerns-mainz.de\/index.php\/2022\/10\/12\/wie-ich-den-weg-zum-fuhrer-fand\/\">\u201eWie ich den Weg zum F\u00fchrer fand.\u201c \u2013 Buchvorstellung und Diskussion<\/a><\/blockquote><iframe sandbox=\"allow-scripts\" security=\"restricted\" src=\"https:\/\/www.haus-des-erinnerns-mainz.de\/index.php\/2022\/10\/12\/wie-ich-den-weg-zum-fuhrer-fand\/embed\/#?secret=L2HOt451JK\" width=\"500\" height=\"350\" title=\"&#8222;\u201eWie ich den Weg zum F\u00fchrer fand.\u201c \u2013 Buchvorstellung und Diskussion&#8220; &#8211; Haus des Erinnerns\" data-secret=\"L2HOt451JK\" frameborder=\"0\" marginwidth=\"0\" marginheight=\"0\" scrolling=\"no\" class=\"wp-embedded-content\"><\/iframe><script type=\"text\/javascript\">\n\/* <![CDATA[ *\/\n\/*! This file is auto-generated *\/\n!function(d,l){\"use strict\";l.querySelector&&d.addEventListener&&\"undefined\"!=typeof URL&&(d.wp=d.wp||{},d.wp.receiveEmbedMessage||(d.wp.receiveEmbedMessage=function(e){var t=e.data;if((t||t.secret||t.message||t.value)&&!\/[^a-zA-Z0-9]\/.test(t.secret)){for(var s,r,n,a=l.querySelectorAll('iframe[data-secret=\"'+t.secret+'\"]'),o=l.querySelectorAll('blockquote[data-secret=\"'+t.secret+'\"]'),c=new RegExp(\"^https?:$\",\"i\"),i=0;i<o.length;i++)o[i].style.display=\"none\";for(i=0;i<a.length;i++)s=a[i],e.source===s.contentWindow&&(s.removeAttribute(\"style\"),\"height\"===t.message?(1e3<(r=parseInt(t.value,10))?r=1e3:~~r<200&&(r=200),s.height=r):\"link\"===t.message&&(r=new URL(s.getAttribute(\"src\")),n=new URL(t.value),c.test(n.protocol))&&n.host===r.host&&l.activeElement===s&&(d.top.location.href=t.value))}},d.addEventListener(\"message\",d.wp.receiveEmbedMessage,!1),l.addEventListener(\"DOMContentLoaded\",function(){for(var e,t,s=l.querySelectorAll(\"iframe.wp-embedded-content\"),r=0;r<s.length;r++)(t=(e=s[r]).getAttribute(\"data-secret\"))||(t=Math.random().toString(36).substring(2,12),e.src+=\"#?secret=\"+t,e.setAttribute(\"data-secret\",t)),e.contentWindow.postMessage({message:\"ready\",secret:t},\"*\")},!1)))}(window,document);\n\/* ]]> *\/\n<\/script>\n"},"_links":{"self":[{"href":"https:\/\/www.haus-des-erinnerns-mainz.de\/index.php\/wp-json\/wp\/v2\/posts\/5528","targetHints":{"allow":["GET"]}}],"collection":[{"href":"https:\/\/www.haus-des-erinnerns-mainz.de\/index.php\/wp-json\/wp\/v2\/posts"}],"about":[{"href":"https:\/\/www.haus-des-erinnerns-mainz.de\/index.php\/wp-json\/wp\/v2\/types\/post"}],"author":[{"embeddable":true,"href":"https:\/\/www.haus-des-erinnerns-mainz.de\/index.php\/wp-json\/wp\/v2\/users\/4"}],"replies":[{"embeddable":true,"href":"https:\/\/www.haus-des-erinnerns-mainz.de\/index.php\/wp-json\/wp\/v2\/comments?post=5528"}],"version-history":[{"count":3,"href":"https:\/\/www.haus-des-erinnerns-mainz.de\/index.php\/wp-json\/wp\/v2\/posts\/5528\/revisions"}],"predecessor-version":[{"id":5533,"href":"https:\/\/www.haus-des-erinnerns-mainz.de\/index.php\/wp-json\/wp\/v2\/posts\/5528\/revisions\/5533"}],"wp:attachment":[{"href":"https:\/\/www.haus-des-erinnerns-mainz.de\/index.php\/wp-json\/wp\/v2\/media?parent=5528"}],"wp:term":[{"taxonomy":"category","embeddable":true,"href":"https:\/\/www.haus-des-erinnerns-mainz.de\/index.php\/wp-json\/wp\/v2\/categories?post=5528"},{"taxonomy":"post_tag","embeddable":true,"href":"https:\/\/www.haus-des-erinnerns-mainz.de\/index.php\/wp-json\/wp\/v2\/tags?post=5528"},{"taxonomy":"series","embeddable":true,"href":"https:\/\/www.haus-des-erinnerns-mainz.de\/index.php\/wp-json\/wp\/v2\/series?post=5528"}],"curies":[{"name":"wp","href":"https:\/\/api.w.org\/{rel}","templated":true}]}}