{"id":5419,"date":"2022-09-02T14:08:00","date_gmt":"2022-09-02T12:08:00","guid":{"rendered":"https:\/\/www.haus-des-erinnerns-mainz.de\/?p=5419"},"modified":"2022-09-02T14:08:02","modified_gmt":"2022-09-02T12:08:02","slug":"zum-tod-von-michail-gorbatschow","status":"publish","type":"post","link":"https:\/\/www.haus-des-erinnerns-mainz.de\/index.php\/2022\/09\/02\/zum-tod-von-michail-gorbatschow\/","title":{"rendered":"Zum Tod von Michail Gorbatschow"},"content":{"rendered":"\n<figure class=\"wp-block-image size-full\"><img loading=\"lazy\" decoding=\"async\" width=\"690\" height=\"552\" src=\"https:\/\/www.haus-des-erinnerns-mainz.de\/wp-content\/uploads\/2022\/09\/grafik.png\" alt=\"\" class=\"wp-image-5422\" srcset=\"https:\/\/www.haus-des-erinnerns-mainz.de\/wp-content\/uploads\/2022\/09\/grafik.png 690w, https:\/\/www.haus-des-erinnerns-mainz.de\/wp-content\/uploads\/2022\/09\/grafik-300x240.png 300w, https:\/\/www.haus-des-erinnerns-mainz.de\/wp-content\/uploads\/2022\/09\/grafik-150x120.png 150w, https:\/\/www.haus-des-erinnerns-mainz.de\/wp-content\/uploads\/2022\/09\/grafik-350x280.png 350w\" sizes=\"auto, (max-width: 690px) 100vw, 690px\" \/><figcaption><sup>\u00a9 RIA Novosti archive, <a href=\"https:\/\/commons.wikimedia.org\/wiki\/File:RIAN_archive_359290_Mikhail_Gorbachev.jpg#\/media\/File:RIAN_archive_359290_Mikhail_Gorbachev_(cropped)-1.jpg\">image #359290<\/a>; <a href=\"https:\/\/creativecommons.org\/licenses\/by-sa\/3.0\/deed.en\">CC BY-SA 3.0<\/a><\/sup><\/figcaption><\/figure>\n\n\n\n<p><\/p>\n\n\n\n<p>In dieser Woche, am 30. August 2022, starb der fr\u00fchere Generalsekret\u00e4r des Zentralkommitees der Kommunistischen Partei der Sowjetunion (1985 bis 1991) und Staatspr\u00e4sident der UdSSR (M\u00e4rz 1990 bis Dezember 1991) im Alter von 91 Jahren in Moskau. In Deutschland steht er vor allem f\u00fcr seine friedliche Politik der Transparenz (Glasnost) und Umgestaltung (Perestroika), ohne die die deutsche Wiedervereinigung und die Beendigung des Kalten Krieges nicht m\u00f6glich gewesen w\u00e4ren. <\/p>\n\n\n\n<p>Au\u00dferhalb Russlands, in westlichen Demokratien, ist die Anerkennung f\u00fcr Gorbatschow sehr hoch; so erhielt er f\u00fcr seine Verdienste im Jahr 1990 den Friedensnobelpreis. In Russland hingegen wird er f\u00fcr den Zusammenbruch des sowjetischen Imperiums und die damit verbundene wirtschaftliche Krise verantwortlich gemacht. Wir erinnern uns in diesen Tagen umso mehr an Gorbatschows Verdienste f\u00fcr unsere heutige demokratische Gesellschaft in einem wiedervereinigten Deutschland. <\/p>\n\n\n\n<p><strong><a href=\"https:\/\/www.hdg.de\/lemo\/biografie\/michail-gorbatschow.html\">Hier<\/a> <\/strong>gelangt man zur ausf\u00fchrlichen Biografie Gorbatschows. <\/p>\n\n\n\n<br>\n\n\n\n<iframe loading=\"lazy\" src=\"https:\/\/www.ardmediathek.de\/embed\/Y3JpZDovL2Rhc2Vyc3RlLmRlL3JlcG9ydGFnZSBfIGRva3VtZW50YXRpb24gaW0gZXJzdGVuL2MzOTRjM2M2LTg0ZjQtNDIzMC1hY2RhLTE0NjljNzc4YWEwMg\" width=\"640\" height=\"360\" allowfullscreen frameBorder=\"0\" scrolling=\"no\"><\/iframe>\n","protected":false},"excerpt":{"rendered":"<p>In dieser Woche, am 30. August 2022, starb der fr\u00fchere Generalsekret\u00e4r des Zentralkommitees der Kommunistischen Partei der Sowjetunion (1985 bis 1991) und Staatspr\u00e4sident der UdSSR (M\u00e4rz 1990 bis Dezember 1991) im Alter von 91 Jahren in Moskau. In Deutschland steht er vor allem f\u00fcr seine friedliche Politik der Transparenz (Glasnost)&#8230;<\/p>\n<p> <a class=\"continue-reading-link\" href=\"https:\/\/www.haus-des-erinnerns-mainz.de\/index.php\/2022\/09\/02\/zum-tod-von-michail-gorbatschow\/\"><span>Weiterlesen<\/span><i class=\"crycon-right-dir\"><\/i><\/a> <\/p>\n","protected":false},"author":4,"featured_media":0,"comment_status":"closed","ping_status":"closed","sticky":false,"template":"","format":"standard","meta":{"episode_type":"audio","audio_file":"","podmotor_file_id":"","podmotor_episode_id":"","cover_image":"","cover_image_id":"","duration":"","filesize":"","filesize_raw":"","date_recorded":"","explicit":"","block":"","ngg_post_thumbnail":0,"_price":"","_stock":"","_tribe_ticket_header":"","_tribe_default_ticket_provider":"","_tribe_ticket_capacity":"0","_ticket_start_date":"","_ticket_end_date":"","_tribe_ticket_show_description":"","_tribe_ticket_show_not_going":false,"_tribe_ticket_use_global_stock":"","_tribe_ticket_global_stock_level":"","_global_stock_mode":"","_global_stock_cap":"","_tribe_rsvp_for_event":"","_tribe_ticket_going_count":"","_tribe_ticket_not_going_count":"","_tribe_tickets_list":"[]","_tribe_ticket_has_attendee_info_fields":false,"footnotes":""},"categories":[75,1],"tags":[418,422,420,417,419,421],"series":[547],"class_list":["post-5419","post","type-post","status-publish","format-standard","hentry","category-aktuelles","category-allgemein","tag-eineit","tag-friedensnobelpreis","tag-glasnost","tag-gorbatschow","tag-kalter-krieg","tag-perestroika","series-haus-des-erinnerns"],"episode_featured_image":false,"episode_player_image":"https:\/\/www.haus-des-erinnerns-mainz.de\/wp-content\/plugins\/seriously-simple-podcasting\/assets\/images\/no-album-art.png","download_link":"","player_link":"","audio_player":false,"episode_data":{"playerMode":"dark","subscribeUrls":[],"rssFeedUrl":"https:\/\/www.haus-des-erinnerns-mainz.de\/feed\/podcast\/haus-des-erinnerns","embedCode":"<blockquote class=\"wp-embedded-content\" data-secret=\"A5wp3xDaMp\"><a href=\"https:\/\/www.haus-des-erinnerns-mainz.de\/index.php\/2022\/09\/02\/zum-tod-von-michail-gorbatschow\/\">Zum Tod von Michail Gorbatschow<\/a><\/blockquote><iframe sandbox=\"allow-scripts\" security=\"restricted\" src=\"https:\/\/www.haus-des-erinnerns-mainz.de\/index.php\/2022\/09\/02\/zum-tod-von-michail-gorbatschow\/embed\/#?secret=A5wp3xDaMp\" width=\"500\" height=\"350\" title=\"&#8222;Zum Tod von Michail Gorbatschow&#8220; &#8211; Haus des Erinnerns\" data-secret=\"A5wp3xDaMp\" frameborder=\"0\" marginwidth=\"0\" marginheight=\"0\" scrolling=\"no\" class=\"wp-embedded-content\"><\/iframe><script type=\"text\/javascript\">\n\/* <![CDATA[ *\/\n\/*! This file is auto-generated *\/\n!function(d,l){\"use strict\";l.querySelector&&d.addEventListener&&\"undefined\"!=typeof URL&&(d.wp=d.wp||{},d.wp.receiveEmbedMessage||(d.wp.receiveEmbedMessage=function(e){var t=e.data;if((t||t.secret||t.message||t.value)&&!\/[^a-zA-Z0-9]\/.test(t.secret)){for(var s,r,n,a=l.querySelectorAll('iframe[data-secret=\"'+t.secret+'\"]'),o=l.querySelectorAll('blockquote[data-secret=\"'+t.secret+'\"]'),c=new RegExp(\"^https?:$\",\"i\"),i=0;i<o.length;i++)o[i].style.display=\"none\";for(i=0;i<a.length;i++)s=a[i],e.source===s.contentWindow&&(s.removeAttribute(\"style\"),\"height\"===t.message?(1e3<(r=parseInt(t.value,10))?r=1e3:~~r<200&&(r=200),s.height=r):\"link\"===t.message&&(r=new URL(s.getAttribute(\"src\")),n=new URL(t.value),c.test(n.protocol))&&n.host===r.host&&l.activeElement===s&&(d.top.location.href=t.value))}},d.addEventListener(\"message\",d.wp.receiveEmbedMessage,!1),l.addEventListener(\"DOMContentLoaded\",function(){for(var e,t,s=l.querySelectorAll(\"iframe.wp-embedded-content\"),r=0;r<s.length;r++)(t=(e=s[r]).getAttribute(\"data-secret\"))||(t=Math.random().toString(36).substring(2,12),e.src+=\"#?secret=\"+t,e.setAttribute(\"data-secret\",t)),e.contentWindow.postMessage({message:\"ready\",secret:t},\"*\")},!1)))}(window,document);\n\/* ]]> *\/\n<\/script>\n"},"_links":{"self":[{"href":"https:\/\/www.haus-des-erinnerns-mainz.de\/index.php\/wp-json\/wp\/v2\/posts\/5419","targetHints":{"allow":["GET"]}}],"collection":[{"href":"https:\/\/www.haus-des-erinnerns-mainz.de\/index.php\/wp-json\/wp\/v2\/posts"}],"about":[{"href":"https:\/\/www.haus-des-erinnerns-mainz.de\/index.php\/wp-json\/wp\/v2\/types\/post"}],"author":[{"embeddable":true,"href":"https:\/\/www.haus-des-erinnerns-mainz.de\/index.php\/wp-json\/wp\/v2\/users\/4"}],"replies":[{"embeddable":true,"href":"https:\/\/www.haus-des-erinnerns-mainz.de\/index.php\/wp-json\/wp\/v2\/comments?post=5419"}],"version-history":[{"count":3,"href":"https:\/\/www.haus-des-erinnerns-mainz.de\/index.php\/wp-json\/wp\/v2\/posts\/5419\/revisions"}],"predecessor-version":[{"id":5423,"href":"https:\/\/www.haus-des-erinnerns-mainz.de\/index.php\/wp-json\/wp\/v2\/posts\/5419\/revisions\/5423"}],"wp:attachment":[{"href":"https:\/\/www.haus-des-erinnerns-mainz.de\/index.php\/wp-json\/wp\/v2\/media?parent=5419"}],"wp:term":[{"taxonomy":"category","embeddable":true,"href":"https:\/\/www.haus-des-erinnerns-mainz.de\/index.php\/wp-json\/wp\/v2\/categories?post=5419"},{"taxonomy":"post_tag","embeddable":true,"href":"https:\/\/www.haus-des-erinnerns-mainz.de\/index.php\/wp-json\/wp\/v2\/tags?post=5419"},{"taxonomy":"series","embeddable":true,"href":"https:\/\/www.haus-des-erinnerns-mainz.de\/index.php\/wp-json\/wp\/v2\/series?post=5419"}],"curies":[{"name":"wp","href":"https:\/\/api.w.org\/{rel}","templated":true}]}}