{"id":5332,"date":"2022-08-03T10:39:37","date_gmt":"2022-08-03T08:39:37","guid":{"rendered":"https:\/\/www.haus-des-erinnerns-mainz.de\/?p=5332"},"modified":"2022-08-03T10:39:40","modified_gmt":"2022-08-03T08:39:40","slug":"wandtafel-zum-gedenken-an-unternehmerfamilie-ganz-eingeweiht","status":"publish","type":"post","link":"https:\/\/www.haus-des-erinnerns-mainz.de\/index.php\/2022\/08\/03\/wandtafel-zum-gedenken-an-unternehmerfamilie-ganz-eingeweiht\/","title":{"rendered":"Wandtafel zum Gedenken an Unternehmerfamilie Ganz eingeweiht"},"content":{"rendered":"\n<p>Am 2. August 2022 wurde eine neue Wandtafel zum Gedenken an die Unternehmerfamilie Ganz in der Binger Str. 26 enth\u00fcllt. Im Beisein zahlreicher Angeh\u00f6riger der Familie Ganz sowie der Vorsitzenden der J\u00fcdischen Gemeinde, Anna Kischner und Dieter Lauckhardt, enth\u00fcllte Oberb\u00fcrgermeister Michael Ebling gemeinsam mit der Stifterin Helga Zander-Ketterer die Wandtafel.<\/p>\n\n\n\n<p>Die Wandtafel erinnert am ehemaligen Standort des Gesch\u00e4fts- und Lagerhaus an die Unternehmerfamilie Ganz. Der j\u00fcdische Gesch\u00e4ftsmann Felix Ganz (1869\u20131944) \u00fcbernahm 1890 die v\u00e4terliche Firma Ludwig Ganz in Mainz und baute sie bis 1933 als Gro\u00dfkonzern f\u00fcr Textilimport und -export aus. Dar\u00fcber hinaus legte er als Kenner ostasiatischer Kunst eine bedeutende Privatsammlung und umfangreiche Bibliothek an.  <\/p>\n\n\n\n<div class=\"wp-block-media-text alignwide is-stacked-on-mobile\" style=\"grid-template-columns:29% auto\"><figure class=\"wp-block-media-text__media\"><img loading=\"lazy\" decoding=\"async\" width=\"1024\" height=\"1024\" src=\"https:\/\/www.haus-des-erinnerns-mainz.de\/wp-content\/uploads\/2022\/08\/Ganz_1-1024x1024.jpg\" alt=\"\" class=\"wp-image-5334 size-full\" srcset=\"https:\/\/www.haus-des-erinnerns-mainz.de\/wp-content\/uploads\/2022\/08\/Ganz_1-1024x1024.jpg 1024w, https:\/\/www.haus-des-erinnerns-mainz.de\/wp-content\/uploads\/2022\/08\/Ganz_1-300x300.jpg 300w, https:\/\/www.haus-des-erinnerns-mainz.de\/wp-content\/uploads\/2022\/08\/Ganz_1-150x150.jpg 150w, https:\/\/www.haus-des-erinnerns-mainz.de\/wp-content\/uploads\/2022\/08\/Ganz_1-768x768.jpg 768w, https:\/\/www.haus-des-erinnerns-mainz.de\/wp-content\/uploads\/2022\/08\/Ganz_1-1536x1536.jpg 1536w, https:\/\/www.haus-des-erinnerns-mainz.de\/wp-content\/uploads\/2022\/08\/Ganz_1-2048x2048.jpg 2048w\" sizes=\"auto, (max-width: 1024px) 100vw, 1024px\" \/><\/figure><div class=\"wp-block-media-text__content\">\n<p>Nach der Macht\u00fcbernahme der Nationalsozialisten wurde die Familie Ganz enteignet \u2013 auch die Kunstsammlung gilt bis heute als verschollen. W\u00e4hrend sich die Kinder des Ehepaars Felix und Erna Ganz, Hermann, Anne-Marie und Olga, nach Amerika, England und in die Schweiz retten konnten, wurden die Eltern 1944 im KZ Auschwitz ermordet. <\/p>\n<\/div><\/div>\n\n\n\n<p>Weitere Informationen \u00fcber die Wandtafel und die Familie Ganz finden sich auf der <a href=\"https:\/\/www.mainz.de\/verwaltung-und-politik\/verwaltungsorganisation\/pressemeldung.php?showpm=true&amp;pmurl=https:\/\/www.mainz.de\/newsdesk\/publications\/Mainz\/181010100000264392.php\">\u2192Website<\/a> der Landeshauptstadt Mainz. 2022 ver\u00f6ffentlichte der SWR eine Dokumentation \u00fcber die Rekonstruktion der verschollenen Kunstsammlung von Felix Ganz, die <a href=\"https:\/\/www.swr.de\/swr2\/leben-und-gesellschaft\/die-verschollene-kunstsammlung-des-mainzer-kaufmanns-felix-ganz-swr2-leben-2022-02-07-100.html\">\u2192hier<\/a> abgerufen werden kann. Weitere Informationen \u00fcber das Forschungsprojekt \u201eRekonstruktion und Lokalisierung der privaten Kunstsammlung des Teppichh\u00e4ndlers Felix Ganz (1869\u20131944), Inhaber der Firma Ludwig Ganz AG aus Mainz\u201d unter der Leitung von Prof. Dr. Elisabeth Oy-Marra finden sich auf der <a href=\"https:\/\/www.kunstgeschichte.uni-mainz.de\/dzk-projekt-zur-privaten-kunstsammlung-felix-ganz-1869-1944\/\">\u2192Website <\/a>der Johannes Gutenberg-Universit\u00e4t Mainz.<\/p>\n","protected":false},"excerpt":{"rendered":"<p>Am 2. August 2022 wurde eine neue Wandtafel zum Gedenken an die Unternehmerfamilie Ganz in der Binger Str. 26 enth\u00fcllt. Im Beisein zahlreicher Angeh\u00f6riger der Familie Ganz sowie der Vorsitzenden der J\u00fcdischen Gemeinde, Anna Kischner und Dieter Lauckhardt, enth\u00fcllte Oberb\u00fcrgermeister Michael Ebling gemeinsam mit der Stifterin Helga Zander-Ketterer die Wandtafel&#8230;.<\/p>\n<p> <a class=\"continue-reading-link\" href=\"https:\/\/www.haus-des-erinnerns-mainz.de\/index.php\/2022\/08\/03\/wandtafel-zum-gedenken-an-unternehmerfamilie-ganz-eingeweiht\/\"><span>Weiterlesen<\/span><i class=\"crycon-right-dir\"><\/i><\/a> <\/p>\n","protected":false},"author":4,"featured_media":5333,"comment_status":"open","ping_status":"open","sticky":false,"template":"","format":"standard","meta":{"episode_type":"audio","audio_file":"","podmotor_file_id":"","podmotor_episode_id":"","cover_image":"","cover_image_id":"","duration":"","filesize":"","filesize_raw":"","date_recorded":"","explicit":"","block":"","ngg_post_thumbnail":0,"_price":"","_stock":"","_tribe_ticket_header":"","_tribe_default_ticket_provider":"","_tribe_ticket_capacity":"0","_ticket_start_date":"","_ticket_end_date":"","_tribe_ticket_show_description":"","_tribe_ticket_show_not_going":false,"_tribe_ticket_use_global_stock":"","_tribe_ticket_global_stock_level":"","_global_stock_mode":"","_global_stock_cap":"","_tribe_rsvp_for_event":"","_tribe_ticket_going_count":"","_tribe_ticket_not_going_count":"","_tribe_tickets_list":"[]","_tribe_ticket_has_attendee_info_fields":false,"footnotes":""},"categories":[75,1,329],"tags":[225,401,146,122],"series":[547],"class_list":["post-5332","post","type-post","status-publish","format-standard","has-post-thumbnail","hentry","category-aktuelles","category-allgemein","category-termin-2022","tag-erinnerungskultur","tag-gedenktafel","tag-mainz","tag-nationalsozialismus","series-haus-des-erinnerns"],"episode_featured_image":"https:\/\/www.haus-des-erinnerns-mainz.de\/wp-content\/uploads\/2022\/08\/Ganz_3-scaled.jpg","episode_player_image":"https:\/\/www.haus-des-erinnerns-mainz.de\/wp-content\/plugins\/seriously-simple-podcasting\/assets\/images\/no-album-art.png","download_link":"","player_link":"","audio_player":false,"episode_data":{"playerMode":"dark","subscribeUrls":[],"rssFeedUrl":"https:\/\/www.haus-des-erinnerns-mainz.de\/feed\/podcast\/haus-des-erinnerns","embedCode":"<blockquote class=\"wp-embedded-content\" data-secret=\"ev9BgLgmQL\"><a href=\"https:\/\/www.haus-des-erinnerns-mainz.de\/index.php\/2022\/08\/03\/wandtafel-zum-gedenken-an-unternehmerfamilie-ganz-eingeweiht\/\">Wandtafel zum Gedenken an Unternehmerfamilie Ganz eingeweiht<\/a><\/blockquote><iframe sandbox=\"allow-scripts\" security=\"restricted\" src=\"https:\/\/www.haus-des-erinnerns-mainz.de\/index.php\/2022\/08\/03\/wandtafel-zum-gedenken-an-unternehmerfamilie-ganz-eingeweiht\/embed\/#?secret=ev9BgLgmQL\" width=\"500\" height=\"350\" title=\"&#8222;Wandtafel zum Gedenken an Unternehmerfamilie Ganz eingeweiht&#8220; &#8211; Haus des Erinnerns\" data-secret=\"ev9BgLgmQL\" frameborder=\"0\" marginwidth=\"0\" marginheight=\"0\" scrolling=\"no\" class=\"wp-embedded-content\"><\/iframe><script type=\"text\/javascript\">\n\/* <![CDATA[ *\/\n\/*! This file is auto-generated *\/\n!function(d,l){\"use strict\";l.querySelector&&d.addEventListener&&\"undefined\"!=typeof URL&&(d.wp=d.wp||{},d.wp.receiveEmbedMessage||(d.wp.receiveEmbedMessage=function(e){var t=e.data;if((t||t.secret||t.message||t.value)&&!\/[^a-zA-Z0-9]\/.test(t.secret)){for(var s,r,n,a=l.querySelectorAll('iframe[data-secret=\"'+t.secret+'\"]'),o=l.querySelectorAll('blockquote[data-secret=\"'+t.secret+'\"]'),c=new RegExp(\"^https?:$\",\"i\"),i=0;i<o.length;i++)o[i].style.display=\"none\";for(i=0;i<a.length;i++)s=a[i],e.source===s.contentWindow&&(s.removeAttribute(\"style\"),\"height\"===t.message?(1e3<(r=parseInt(t.value,10))?r=1e3:~~r<200&&(r=200),s.height=r):\"link\"===t.message&&(r=new URL(s.getAttribute(\"src\")),n=new URL(t.value),c.test(n.protocol))&&n.host===r.host&&l.activeElement===s&&(d.top.location.href=t.value))}},d.addEventListener(\"message\",d.wp.receiveEmbedMessage,!1),l.addEventListener(\"DOMContentLoaded\",function(){for(var e,t,s=l.querySelectorAll(\"iframe.wp-embedded-content\"),r=0;r<s.length;r++)(t=(e=s[r]).getAttribute(\"data-secret\"))||(t=Math.random().toString(36).substring(2,12),e.src+=\"#?secret=\"+t,e.setAttribute(\"data-secret\",t)),e.contentWindow.postMessage({message:\"ready\",secret:t},\"*\")},!1)))}(window,document);\n\/* ]]> *\/\n<\/script>\n"},"_links":{"self":[{"href":"https:\/\/www.haus-des-erinnerns-mainz.de\/index.php\/wp-json\/wp\/v2\/posts\/5332","targetHints":{"allow":["GET"]}}],"collection":[{"href":"https:\/\/www.haus-des-erinnerns-mainz.de\/index.php\/wp-json\/wp\/v2\/posts"}],"about":[{"href":"https:\/\/www.haus-des-erinnerns-mainz.de\/index.php\/wp-json\/wp\/v2\/types\/post"}],"author":[{"embeddable":true,"href":"https:\/\/www.haus-des-erinnerns-mainz.de\/index.php\/wp-json\/wp\/v2\/users\/4"}],"replies":[{"embeddable":true,"href":"https:\/\/www.haus-des-erinnerns-mainz.de\/index.php\/wp-json\/wp\/v2\/comments?post=5332"}],"version-history":[{"count":1,"href":"https:\/\/www.haus-des-erinnerns-mainz.de\/index.php\/wp-json\/wp\/v2\/posts\/5332\/revisions"}],"predecessor-version":[{"id":5335,"href":"https:\/\/www.haus-des-erinnerns-mainz.de\/index.php\/wp-json\/wp\/v2\/posts\/5332\/revisions\/5335"}],"wp:featuredmedia":[{"embeddable":true,"href":"https:\/\/www.haus-des-erinnerns-mainz.de\/index.php\/wp-json\/wp\/v2\/media\/5333"}],"wp:attachment":[{"href":"https:\/\/www.haus-des-erinnerns-mainz.de\/index.php\/wp-json\/wp\/v2\/media?parent=5332"}],"wp:term":[{"taxonomy":"category","embeddable":true,"href":"https:\/\/www.haus-des-erinnerns-mainz.de\/index.php\/wp-json\/wp\/v2\/categories?post=5332"},{"taxonomy":"post_tag","embeddable":true,"href":"https:\/\/www.haus-des-erinnerns-mainz.de\/index.php\/wp-json\/wp\/v2\/tags?post=5332"},{"taxonomy":"series","embeddable":true,"href":"https:\/\/www.haus-des-erinnerns-mainz.de\/index.php\/wp-json\/wp\/v2\/series?post=5332"}],"curies":[{"name":"wp","href":"https:\/\/api.w.org\/{rel}","templated":true}]}}