{"id":5308,"date":"2022-07-11T17:43:48","date_gmt":"2022-07-11T15:43:48","guid":{"rendered":"https:\/\/www.haus-des-erinnerns-mainz.de\/?p=5308"},"modified":"2022-07-11T17:43:50","modified_gmt":"2022-07-11T15:43:50","slug":"66-bundesweites-gedenkstaettenseminar","status":"publish","type":"post","link":"https:\/\/www.haus-des-erinnerns-mainz.de\/index.php\/2022\/07\/11\/66-bundesweites-gedenkstaettenseminar\/","title":{"rendered":"66. Bundesweites Gedenkst\u00e4ttenseminar"},"content":{"rendered":"\n<p>Unter dem Titel \u201eDiversit\u00e4t \u2013 Partizipation \u2013 Inklusion. Selbstverst\u00e4ndnis und Praxis in Gedenkst\u00e4tten und Dokumentationszentren\u201c fand vom 29. Juni bis zum 2. Juli das 66. Bundesweite Gedenkst\u00e4ttenseminar in Bonn statt.<\/p>\n\n\n\n<p>Im Rahmen der Konferenz fand eine Stadtf\u00fchrung zu \u201eBraunes Bonn\u201c sowie eine Exkursion zum Vogelsang IP in Schleiden statt. Im Laufe der Stadtf\u00fchrung wurden nicht nur ehemalige Tatorte sichtbar gemacht, wie beispielsweise der Vorplatz des Bonner Rathauses, auf dem 1933 die B\u00fccherverbrennung stattfand, sondern der Fokus auch auf die Bonner Erinnerungskultur gelegt. So erinnert heute der lebendige Gedenkort \u201eLeseZeichen \u2013 BookMarks\u201c an die Autor*innen, deren Werke damals von den Nationalsozialisten verbrannt wurden. Buchr\u00fccken aus Messing sind hier in den Boden eingelassen, so auch \u201eAuf dem Wege zur amerikanischen Botschaft\u201c der Mainzer Schriftstellerin Anna Seghers.<\/p>\n\n\n\n<br>\n\n\n\n<figure class=\"wp-block-image size-large\"><img loading=\"lazy\" decoding=\"async\" width=\"1024\" height=\"1024\" src=\"https:\/\/www.haus-des-erinnerns-mainz.de\/wp-content\/uploads\/2022\/07\/Lese-Zeichen_Anna_Seghers-1024x1024.jpg\" alt=\"\" class=\"wp-image-5313\" srcset=\"https:\/\/www.haus-des-erinnerns-mainz.de\/wp-content\/uploads\/2022\/07\/Lese-Zeichen_Anna_Seghers-1024x1024.jpg 1024w, https:\/\/www.haus-des-erinnerns-mainz.de\/wp-content\/uploads\/2022\/07\/Lese-Zeichen_Anna_Seghers-300x300.jpg 300w, https:\/\/www.haus-des-erinnerns-mainz.de\/wp-content\/uploads\/2022\/07\/Lese-Zeichen_Anna_Seghers-150x150.jpg 150w, https:\/\/www.haus-des-erinnerns-mainz.de\/wp-content\/uploads\/2022\/07\/Lese-Zeichen_Anna_Seghers-768x768.jpg 768w, https:\/\/www.haus-des-erinnerns-mainz.de\/wp-content\/uploads\/2022\/07\/Lese-Zeichen_Anna_Seghers-1536x1536.jpg 1536w, https:\/\/www.haus-des-erinnerns-mainz.de\/wp-content\/uploads\/2022\/07\/Lese-Zeichen_Anna_Seghers-2048x2048.jpg 2048w\" sizes=\"auto, (max-width: 1024px) 100vw, 1024px\" \/><figcaption><sup>\u00a9 HdE<\/sup><\/figcaption><\/figure>\n\n\n\n<br>\n\n\n\n<p>Bei der Exkursion zum Vogelsang IP erhielten wir durch einen Rundgang \u00fcber das Gel\u00e4nde sowie den Besuch der Dauerausstellung Einblick in die Geschichte der ehemaligen \u201eNS-Ordensburg\u201c sowie die heutige Vermittlungsarbeit. Eingeleitet wurde die Konferenz im Vogelsang durch Inputvortr\u00e4ge zum Thema \u201eDiversit\u00e4t \u2013 Partizipation \u2013 Inklusion\u201c durch David Jugel und Ann-Christin Belling von der John Dewey Forschungsstelle f\u00fcr die Didaktik der Demokratie. Anschlie\u00dfend folgte ein Input zum Thema \u201eWas braucht es f\u00fcr eine inklusive Gesellschaft?\u201c von Anne Gersdorff von Sozialhelden e.V., an dessen Ende ein klares Pl\u00e4doyer stand: Einfach mal machen! In den beiden darauffolgenden Tagen gab es die M\u00f6glichkeit, in Arbeitsgruppen und Werkst\u00e4tten vertiefend zu arbeiten sowie im direkten Austausch unter Kolleg*innen, konkrete Anregungen f\u00fcr die eigene Vermittlungsarbeit zu erhalten.<\/p>\n\n\n\n<br>\n\n\n\n<figure class=\"wp-block-image size-large\"><img loading=\"lazy\" decoding=\"async\" width=\"840\" height=\"1024\" src=\"https:\/\/www.haus-des-erinnerns-mainz.de\/wp-content\/uploads\/2022\/07\/Vogelsang_IP-840x1024.jpg\" alt=\"\" class=\"wp-image-5310\" srcset=\"https:\/\/www.haus-des-erinnerns-mainz.de\/wp-content\/uploads\/2022\/07\/Vogelsang_IP-840x1024.jpg 840w, https:\/\/www.haus-des-erinnerns-mainz.de\/wp-content\/uploads\/2022\/07\/Vogelsang_IP-246x300.jpg 246w, https:\/\/www.haus-des-erinnerns-mainz.de\/wp-content\/uploads\/2022\/07\/Vogelsang_IP-768x937.jpg 768w, https:\/\/www.haus-des-erinnerns-mainz.de\/wp-content\/uploads\/2022\/07\/Vogelsang_IP-1259x1536.jpg 1259w, https:\/\/www.haus-des-erinnerns-mainz.de\/wp-content\/uploads\/2022\/07\/Vogelsang_IP-1679x2048.jpg 1679w, https:\/\/www.haus-des-erinnerns-mainz.de\/wp-content\/uploads\/2022\/07\/Vogelsang_IP-123x150.jpg 123w\" sizes=\"auto, (max-width: 840px) 100vw, 840px\" \/><figcaption><sup>\u00a9 HdE<\/sup><\/figcaption><\/figure>\n","protected":false},"excerpt":{"rendered":"<p>Unter dem Titel \u201eDiversit\u00e4t \u2013 Partizipation \u2013 Inklusion. Selbstverst\u00e4ndnis und Praxis in Gedenkst\u00e4tten und Dokumentationszentren\u201c fand vom 29. Juni bis zum 2. Juli das 66. Bundesweite Gedenkst\u00e4ttenseminar in Bonn statt. Im Rahmen der Konferenz fand eine Stadtf\u00fchrung zu \u201eBraunes Bonn\u201c sowie eine Exkursion zum Vogelsang IP in Schleiden statt. Im&#8230;<\/p>\n<p> <a class=\"continue-reading-link\" href=\"https:\/\/www.haus-des-erinnerns-mainz.de\/index.php\/2022\/07\/11\/66-bundesweites-gedenkstaettenseminar\/\"><span>Weiterlesen<\/span><i class=\"crycon-right-dir\"><\/i><\/a> <\/p>\n","protected":false},"author":4,"featured_media":5310,"comment_status":"closed","ping_status":"closed","sticky":false,"template":"","format":"standard","meta":{"episode_type":"audio","audio_file":"","podmotor_file_id":"","podmotor_episode_id":"","cover_image":"","cover_image_id":"","duration":"","filesize":"","filesize_raw":"","date_recorded":"","explicit":"","block":"","ngg_post_thumbnail":0,"_price":"","_stock":"","_tribe_ticket_header":"","_tribe_default_ticket_provider":"","_tribe_ticket_capacity":"0","_ticket_start_date":"","_ticket_end_date":"","_tribe_ticket_show_description":"","_tribe_ticket_show_not_going":false,"_tribe_ticket_use_global_stock":"","_tribe_ticket_global_stock_level":"","_global_stock_mode":"","_global_stock_cap":"","_tribe_rsvp_for_event":"","_tribe_ticket_going_count":"","_tribe_ticket_not_going_count":"","_tribe_tickets_list":"[]","_tribe_ticket_has_attendee_info_fields":false,"footnotes":""},"categories":[75,1,87],"tags":[399,398,69,396,397,288,400],"series":[547],"class_list":["post-5308","post","type-post","status-publish","format-standard","has-post-thumbnail","hentry","category-aktuelles","category-allgemein","category-nachberichte","tag-bonn","tag-buecherverbennung","tag-diversitaet","tag-gedenkstaettenseminar","tag-inklusion","tag-partizipation","tag-vogelsang","series-haus-des-erinnerns"],"episode_featured_image":"https:\/\/www.haus-des-erinnerns-mainz.de\/wp-content\/uploads\/2022\/07\/Vogelsang_IP.jpg","episode_player_image":"https:\/\/www.haus-des-erinnerns-mainz.de\/wp-content\/plugins\/seriously-simple-podcasting\/assets\/images\/no-album-art.png","download_link":"","player_link":"","audio_player":false,"episode_data":{"playerMode":"dark","subscribeUrls":[],"rssFeedUrl":"https:\/\/www.haus-des-erinnerns-mainz.de\/feed\/podcast\/haus-des-erinnerns","embedCode":"<blockquote class=\"wp-embedded-content\" data-secret=\"NxPTGVQSpa\"><a href=\"https:\/\/www.haus-des-erinnerns-mainz.de\/index.php\/2022\/07\/11\/66-bundesweites-gedenkstaettenseminar\/\">66. Bundesweites Gedenkst\u00e4ttenseminar<\/a><\/blockquote><iframe sandbox=\"allow-scripts\" security=\"restricted\" src=\"https:\/\/www.haus-des-erinnerns-mainz.de\/index.php\/2022\/07\/11\/66-bundesweites-gedenkstaettenseminar\/embed\/#?secret=NxPTGVQSpa\" width=\"500\" height=\"350\" title=\"&#8222;66. Bundesweites Gedenkst\u00e4ttenseminar&#8220; &#8211; Haus des Erinnerns\" data-secret=\"NxPTGVQSpa\" frameborder=\"0\" marginwidth=\"0\" marginheight=\"0\" scrolling=\"no\" class=\"wp-embedded-content\"><\/iframe><script type=\"text\/javascript\">\n\/* <![CDATA[ *\/\n\/*! This file is auto-generated *\/\n!function(d,l){\"use strict\";l.querySelector&&d.addEventListener&&\"undefined\"!=typeof URL&&(d.wp=d.wp||{},d.wp.receiveEmbedMessage||(d.wp.receiveEmbedMessage=function(e){var t=e.data;if((t||t.secret||t.message||t.value)&&!\/[^a-zA-Z0-9]\/.test(t.secret)){for(var s,r,n,a=l.querySelectorAll('iframe[data-secret=\"'+t.secret+'\"]'),o=l.querySelectorAll('blockquote[data-secret=\"'+t.secret+'\"]'),c=new RegExp(\"^https?:$\",\"i\"),i=0;i<o.length;i++)o[i].style.display=\"none\";for(i=0;i<a.length;i++)s=a[i],e.source===s.contentWindow&&(s.removeAttribute(\"style\"),\"height\"===t.message?(1e3<(r=parseInt(t.value,10))?r=1e3:~~r<200&&(r=200),s.height=r):\"link\"===t.message&&(r=new URL(s.getAttribute(\"src\")),n=new URL(t.value),c.test(n.protocol))&&n.host===r.host&&l.activeElement===s&&(d.top.location.href=t.value))}},d.addEventListener(\"message\",d.wp.receiveEmbedMessage,!1),l.addEventListener(\"DOMContentLoaded\",function(){for(var e,t,s=l.querySelectorAll(\"iframe.wp-embedded-content\"),r=0;r<s.length;r++)(t=(e=s[r]).getAttribute(\"data-secret\"))||(t=Math.random().toString(36).substring(2,12),e.src+=\"#?secret=\"+t,e.setAttribute(\"data-secret\",t)),e.contentWindow.postMessage({message:\"ready\",secret:t},\"*\")},!1)))}(window,document);\n\/* ]]> *\/\n<\/script>\n"},"_links":{"self":[{"href":"https:\/\/www.haus-des-erinnerns-mainz.de\/index.php\/wp-json\/wp\/v2\/posts\/5308","targetHints":{"allow":["GET"]}}],"collection":[{"href":"https:\/\/www.haus-des-erinnerns-mainz.de\/index.php\/wp-json\/wp\/v2\/posts"}],"about":[{"href":"https:\/\/www.haus-des-erinnerns-mainz.de\/index.php\/wp-json\/wp\/v2\/types\/post"}],"author":[{"embeddable":true,"href":"https:\/\/www.haus-des-erinnerns-mainz.de\/index.php\/wp-json\/wp\/v2\/users\/4"}],"replies":[{"embeddable":true,"href":"https:\/\/www.haus-des-erinnerns-mainz.de\/index.php\/wp-json\/wp\/v2\/comments?post=5308"}],"version-history":[{"count":3,"href":"https:\/\/www.haus-des-erinnerns-mainz.de\/index.php\/wp-json\/wp\/v2\/posts\/5308\/revisions"}],"predecessor-version":[{"id":5315,"href":"https:\/\/www.haus-des-erinnerns-mainz.de\/index.php\/wp-json\/wp\/v2\/posts\/5308\/revisions\/5315"}],"wp:featuredmedia":[{"embeddable":true,"href":"https:\/\/www.haus-des-erinnerns-mainz.de\/index.php\/wp-json\/wp\/v2\/media\/5310"}],"wp:attachment":[{"href":"https:\/\/www.haus-des-erinnerns-mainz.de\/index.php\/wp-json\/wp\/v2\/media?parent=5308"}],"wp:term":[{"taxonomy":"category","embeddable":true,"href":"https:\/\/www.haus-des-erinnerns-mainz.de\/index.php\/wp-json\/wp\/v2\/categories?post=5308"},{"taxonomy":"post_tag","embeddable":true,"href":"https:\/\/www.haus-des-erinnerns-mainz.de\/index.php\/wp-json\/wp\/v2\/tags?post=5308"},{"taxonomy":"series","embeddable":true,"href":"https:\/\/www.haus-des-erinnerns-mainz.de\/index.php\/wp-json\/wp\/v2\/series?post=5308"}],"curies":[{"name":"wp","href":"https:\/\/api.w.org\/{rel}","templated":true}]}}