{"id":5013,"date":"2022-04-05T17:15:50","date_gmt":"2022-04-05T15:15:50","guid":{"rendered":"https:\/\/www.haus-des-erinnerns-mainz.de\/?p=5013"},"modified":"2022-10-12T12:34:07","modified_gmt":"2022-10-12T10:34:07","slug":"parlamentarischer-abend-der-lag-rlp","status":"publish","type":"post","link":"https:\/\/www.haus-des-erinnerns-mainz.de\/index.php\/2022\/04\/05\/parlamentarischer-abend-der-lag-rlp\/","title":{"rendered":"Parlamentarischer Abend der LAG RLP"},"content":{"rendered":"\n<figure class=\"wp-block-image size-large\"><img loading=\"lazy\" decoding=\"async\" width=\"1024\" height=\"530\" src=\"https:\/\/www.haus-des-erinnerns-mainz.de\/wp-content\/uploads\/2022\/04\/TS2_3224-1024x530.jpg\" alt=\"\" class=\"wp-image-5014\" srcset=\"https:\/\/www.haus-des-erinnerns-mainz.de\/wp-content\/uploads\/2022\/04\/TS2_3224-1024x530.jpg 1024w, https:\/\/www.haus-des-erinnerns-mainz.de\/wp-content\/uploads\/2022\/04\/TS2_3224-300x155.jpg 300w, https:\/\/www.haus-des-erinnerns-mainz.de\/wp-content\/uploads\/2022\/04\/TS2_3224-768x398.jpg 768w, https:\/\/www.haus-des-erinnerns-mainz.de\/wp-content\/uploads\/2022\/04\/TS2_3224-1536x795.jpg 1536w, https:\/\/www.haus-des-erinnerns-mainz.de\/wp-content\/uploads\/2022\/04\/TS2_3224-2048x1060.jpg 2048w, https:\/\/www.haus-des-erinnerns-mainz.de\/wp-content\/uploads\/2022\/04\/TS2_3224-150x78.jpg 150w\" sizes=\"auto, (max-width: 1024px) 100vw, 1024px\" \/><figcaption><sup>\u00a9 LAG\/Torsten Silz<\/sup><\/figcaption><\/figure>\n\n\n\n<p>Am vergangenen Donnerstag, dem 31. M\u00e4rz 2022, fand der erste parlamentarische Abend dieser Legislaturperiode im Landtag Rheinland-Pfalz in Mainz statt, zu dem die \u201eLandesarbeitsgemeinschaft der Gedenkst\u00e4tten und Erinnerungsinitiativen zur NS-Zeit in Rheinland-Pfalz\u201c (LAG RLP) eingeladen hatte. <\/p>\n\n\n\n<p>Mehr als 70 Parlamentarier*innen, Regierungsmitglieder und Mitarbeiter*innen aus den Ministerien sowie Vertreter*innen der Religionsgemeinschaften und zivilgesellschaftlicher Vereine und Verb\u00e4nde waren anwesend. Ministerpr\u00e4sidentin Malu Dreyer und Landtagspr\u00e4sident Hendrik Hering sprachen in ihren Gru\u00dfworten \u00fcber die Wichtigkeit der Erinnerungsarbeit, wie sie in mittlerweile 87 Mitgliedsinitiativen der LAG RLP stattfindet: von kleinen Initiativen einzelner Personen bis hin zu gro\u00dfen Organisationen. Zugleich wiesen sie auch darauf hin, dass gerade in Zeiten, wie wir sie gerade erleben, eine Verkn\u00fcpfung aus Vergangenheit und Gegenwart zentral ist. So machten sie auch deutlich, dass Demokrat*innen zusammenstehen sollen und wir wachsam gegen\u00fcber rechtsextremen Tendenzen in unserer Gesellschaft sein m\u00fcssen. Denn bei allem Erfolg und bei aller Anerkennung f\u00fcr die geleistete Arbeit innerhalb der LAG RLP m\u00fcsse man sich vor Augen f\u00fchren, dass antisemitische und rechtsextreme Straftaten in den vergangenen Jahren leider zugenommen haben. <\/p>\n\n\n\n<div class=\"wp-block-columns is-layout-flex wp-container-core-columns-is-layout-9d6595d7 wp-block-columns-is-layout-flex\">\n<div class=\"wp-block-column is-layout-flow wp-block-column-is-layout-flow\">\n<figure class=\"wp-block-image size-large\"><img loading=\"lazy\" decoding=\"async\" width=\"1024\" height=\"710\" src=\"https:\/\/www.haus-des-erinnerns-mainz.de\/wp-content\/uploads\/2022\/04\/Z91_4942-1-1024x710.jpg\" alt=\"\" class=\"wp-image-5017\" srcset=\"https:\/\/www.haus-des-erinnerns-mainz.de\/wp-content\/uploads\/2022\/04\/Z91_4942-1-1024x710.jpg 1024w, https:\/\/www.haus-des-erinnerns-mainz.de\/wp-content\/uploads\/2022\/04\/Z91_4942-1-300x208.jpg 300w, https:\/\/www.haus-des-erinnerns-mainz.de\/wp-content\/uploads\/2022\/04\/Z91_4942-1-768x533.jpg 768w, https:\/\/www.haus-des-erinnerns-mainz.de\/wp-content\/uploads\/2022\/04\/Z91_4942-1-1536x1066.jpg 1536w, https:\/\/www.haus-des-erinnerns-mainz.de\/wp-content\/uploads\/2022\/04\/Z91_4942-1-2048x1421.jpg 2048w, https:\/\/www.haus-des-erinnerns-mainz.de\/wp-content\/uploads\/2022\/04\/Z91_4942-1-150x104.jpg 150w\" sizes=\"auto, (max-width: 1024px) 100vw, 1024px\" \/><figcaption> <sup>\u00a9 LAG\/Torsten Silz<\/sup> <\/figcaption><\/figure>\n<\/div>\n<\/div>\n\n\n\n<p>Dieter Burgard wurde an diesem Abend nach 21 Jahren als Vorsitzender der LAG und nach vier Jahren als Beauftragter der Ministerpr\u00e4sidentin f\u00fcr j\u00fcdisches Leben und Antisemitismusfragen verabschiedet. \u201eMit Dieter Burgard geht ein K\u00fcmmerer im allerbesten Sinne in den Ruhestand, dessen Wirken auch weit \u00fcber die rheinland-pf\u00e4lzischen Landesgrenzen hinaus wahrgenommen wurde. Durch sein unerm\u00fcdliches Engagement sind nachhaltige Strukturen im Land zur Bek\u00e4mpfung des Antisemitismus geschaffen worden\u201c, so Ministerpr\u00e4sidentin Malu Dreyer in ihrem Gru\u00dfwort. <\/p>\n\n\n\n<p>So wurde dieser Abend nicht nur dazu genutzt, um Dieter Burgards Verdienste zu ehren, sondern auch, um seine Nachfolgerin Monika Fuhr vorzustellen und zu begr\u00fc\u00dfen. Ministerpr\u00e4sidentin Dreyer: \u201eMonika Fuhr war seit 1991 in unterschiedlichen Funktionen f\u00fcr das Land Rheinland-Pfalz t\u00e4tig, zuletzt als Regierungssprecherin und als stellvertretende Bevollm\u00e4chtigte der Landesvertretung in Berlin. Im Rahmen dieser T\u00e4tigkeiten hat sie Projekte zur F\u00f6rderung der J\u00fcdischen Kultur und des j\u00fcdischen Lebens in Rheinland-Pfalz sowie zur Bek\u00e4mpfung des Antisemitismus mit Leidenschaft gef\u00f6rdert und begleitet. Sie kennt das Land, seine Institutionen und ist bestens vernetzt sowohl in Rheinland-Pfalz als auch auf Bundesebene. Ihre hohe Integrit\u00e4t und Sachlichkeit gepaart mit Empathie werden dazu beitragen, dass die Rheinland-Pf\u00e4lzerinnen und Rheinland-Pf\u00e4lzer j\u00fcdischen Glaubens auch in Zukunft eine kompetente Ansprechpartnerin haben.\u201c<\/p>\n\n\n\n<figure class=\"wp-block-image size-large\"><img loading=\"lazy\" decoding=\"async\" width=\"1024\" height=\"775\" src=\"https:\/\/www.haus-des-erinnerns-mainz.de\/wp-content\/uploads\/2022\/04\/TS2_3134-1024x775.jpg\" alt=\"\" class=\"wp-image-5015\" srcset=\"https:\/\/www.haus-des-erinnerns-mainz.de\/wp-content\/uploads\/2022\/04\/TS2_3134-1024x775.jpg 1024w, https:\/\/www.haus-des-erinnerns-mainz.de\/wp-content\/uploads\/2022\/04\/TS2_3134-300x227.jpg 300w, https:\/\/www.haus-des-erinnerns-mainz.de\/wp-content\/uploads\/2022\/04\/TS2_3134-768x581.jpg 768w, https:\/\/www.haus-des-erinnerns-mainz.de\/wp-content\/uploads\/2022\/04\/TS2_3134-1536x1163.jpg 1536w, https:\/\/www.haus-des-erinnerns-mainz.de\/wp-content\/uploads\/2022\/04\/TS2_3134-2048x1550.jpg 2048w, https:\/\/www.haus-des-erinnerns-mainz.de\/wp-content\/uploads\/2022\/04\/TS2_3134-150x114.jpg 150w\" sizes=\"auto, (max-width: 1024px) 100vw, 1024px\" \/><figcaption> <sup>\u00a9 LAG\/Torsten Silz<\/sup> <\/figcaption><\/figure>\n\n\n\n<p>Die neue Doppelspitze der LAG RLP, Nina Klinkel (MdL) und Dr. Franz-Josef Ratter f\u00fchrten im Anschluss an die Gru\u00dfworte durch den Abend. Zun\u00e4chst gew\u00e4hrte Renate Rosenau Einblicke in die Geschichte der LAG, von der Gr\u00fcndung vor 21 Jahren bis hin zu heutigen neuen Schwerpunkten und Strukturen. Lena Haase und Dr. Thomas Grotum von der Universit\u00e4t Trier warfen im Anschluss daran den Blick auf die Perspektiven der Wissenschaft. <\/p>\n\n\n\n<div class=\"wp-block-columns is-layout-flex wp-container-core-columns-is-layout-9d6595d7 wp-block-columns-is-layout-flex\">\n<div class=\"wp-block-column is-layout-flow wp-block-column-is-layout-flow\">\n<figure class=\"wp-block-image size-large\"><img loading=\"lazy\" decoding=\"async\" width=\"1024\" height=\"630\" src=\"https:\/\/www.haus-des-erinnerns-mainz.de\/wp-content\/uploads\/2022\/04\/Z91_5083-1024x630.jpg\" alt=\"\" class=\"wp-image-5019\" srcset=\"https:\/\/www.haus-des-erinnerns-mainz.de\/wp-content\/uploads\/2022\/04\/Z91_5083-1024x630.jpg 1024w, https:\/\/www.haus-des-erinnerns-mainz.de\/wp-content\/uploads\/2022\/04\/Z91_5083-300x184.jpg 300w, https:\/\/www.haus-des-erinnerns-mainz.de\/wp-content\/uploads\/2022\/04\/Z91_5083-768x472.jpg 768w, https:\/\/www.haus-des-erinnerns-mainz.de\/wp-content\/uploads\/2022\/04\/Z91_5083-1536x944.jpg 1536w, https:\/\/www.haus-des-erinnerns-mainz.de\/wp-content\/uploads\/2022\/04\/Z91_5083-2048x1259.jpg 2048w, https:\/\/www.haus-des-erinnerns-mainz.de\/wp-content\/uploads\/2022\/04\/Z91_5083-150x92.jpg 150w\" sizes=\"auto, (max-width: 1024px) 100vw, 1024px\" \/><figcaption> <sup>\u00a9 LAG\/Torsten Silz<\/sup> <\/figcaption><\/figure>\n<\/div>\n<\/div>\n\n\n\n<p>Als Best-Practice-Beispiel durfte die Leiterin unseres Hauses, Dr. Cornelia Dold, das Haus des Erinnerns \u2013 f\u00fcr Demokratie und Akzeptanz Mainz vorstellen: von der Gr\u00fcndung einer Stiftung bis hin zu einer langfristig gef\u00f6rderten Institution mit breiten Bildungsangeboten. Maurice Kuhn wagte zum Abschluss einen Ausblick in die Zukunft der Gedenkarbeit und legte den Fokus dabei auf die M\u00f6glichkeiten neuer Erinnerungswege mittels digitaler Medien. <\/p>\n\n\n\n<p>Untermalt wurde der parlamentatische Abend durch einen \u201emusikalischen Stolperstein\u201c, vorgetragen von Irith Gabriely und Peter Przystaniak. <\/p>\n\n\n\n<figure class=\"wp-block-image size-large\"><img loading=\"lazy\" decoding=\"async\" width=\"1024\" height=\"591\" src=\"https:\/\/www.haus-des-erinnerns-mainz.de\/wp-content\/uploads\/2022\/04\/Z91_5288-1024x591.jpg\" alt=\"\" class=\"wp-image-5025\" srcset=\"https:\/\/www.haus-des-erinnerns-mainz.de\/wp-content\/uploads\/2022\/04\/Z91_5288-1024x591.jpg 1024w, https:\/\/www.haus-des-erinnerns-mainz.de\/wp-content\/uploads\/2022\/04\/Z91_5288-300x173.jpg 300w, https:\/\/www.haus-des-erinnerns-mainz.de\/wp-content\/uploads\/2022\/04\/Z91_5288-768x443.jpg 768w, https:\/\/www.haus-des-erinnerns-mainz.de\/wp-content\/uploads\/2022\/04\/Z91_5288-1536x886.jpg 1536w, https:\/\/www.haus-des-erinnerns-mainz.de\/wp-content\/uploads\/2022\/04\/Z91_5288-2048x1182.jpg 2048w, https:\/\/www.haus-des-erinnerns-mainz.de\/wp-content\/uploads\/2022\/04\/Z91_5288-150x87.jpg 150w\" sizes=\"auto, (max-width: 1024px) 100vw, 1024px\" \/><figcaption> <sup>\u00a9 LAG\/Torsten Silz<\/sup> <\/figcaption><\/figure>\n\n\n\n<p>Wir bedanken uns bei Dieter Burgard f\u00fcr seine herausragende Arbeit und seinen unerm\u00fcdlichen Einsatz f\u00fcr die Erinnerungsarbeit und w\u00fcnschen zugleich seiner Nachfolgerin Monika Fuhr viel Erfolg f\u00fcr ihre Arbeit als Beauftragte der Ministerpr\u00e4sidentin f\u00fcr j\u00fcdisches Leben und Antisemitismusfragen in Rheinland-Pfalz. Wir freuen uns auf die Zusammenarbeit!<\/p>\n\n\n\nngg_shortcode_0_placeholder\n","protected":false},"excerpt":{"rendered":"<p>Am vergangenen Donnerstag, dem 31. M\u00e4rz 2022, fand der erste parlamentarische Abend dieser Legislaturperiode im Landtag Rheinland-Pfalz in Mainz statt, zu dem die \u201eLandesarbeitsgemeinschaft der Gedenkst\u00e4tten und Erinnerungsinitiativen zur NS-Zeit in Rheinland-Pfalz\u201c (LAG RLP) eingeladen hatte. Mehr als 70 Parlamentarier*innen, Regierungsmitglieder und Mitarbeiter*innen aus den Ministerien sowie Vertreter*innen der Religionsgemeinschaften&#8230;<\/p>\n<p> <a class=\"continue-reading-link\" href=\"https:\/\/www.haus-des-erinnerns-mainz.de\/index.php\/2022\/04\/05\/parlamentarischer-abend-der-lag-rlp\/\"><span>Weiterlesen<\/span><i class=\"crycon-right-dir\"><\/i><\/a> <\/p>\n","protected":false},"author":4,"featured_media":0,"comment_status":"open","ping_status":"open","sticky":false,"template":"","format":"standard","meta":{"episode_type":"audio","audio_file":"","podmotor_file_id":"","podmotor_episode_id":"","cover_image":"","cover_image_id":"","duration":"","filesize":"","filesize_raw":"","date_recorded":"","explicit":"","block":"","ngg_post_thumbnail":0,"_price":"","_stock":"","_tribe_ticket_header":"","_tribe_default_ticket_provider":"","_tribe_ticket_capacity":"0","_ticket_start_date":"","_ticket_end_date":"","_tribe_ticket_show_description":"","_tribe_ticket_show_not_going":false,"_tribe_ticket_use_global_stock":"","_tribe_ticket_global_stock_level":"","_global_stock_mode":"","_global_stock_cap":"","_tribe_rsvp_for_event":"","_tribe_ticket_going_count":"","_tribe_ticket_not_going_count":"","_tribe_tickets_list":"[]","_tribe_ticket_has_attendee_info_fields":false,"footnotes":""},"categories":[75,1,87],"tags":[29,371,368,366,367,364,369,370,365],"series":[547],"class_list":["post-5013","post","type-post","status-publish","format-standard","hentry","category-aktuelles","category-allgemein","category-nachberichte","tag-antisemitismus","tag-dieter-burgard","tag-dreyer","tag-erinnerungsarbeit","tag-hering","tag-lag","tag-landtagspraesident","tag-ministerpraesidentin","tag-parlamentarischer-abend","series-haus-des-erinnerns"],"episode_featured_image":false,"episode_player_image":"https:\/\/www.haus-des-erinnerns-mainz.de\/wp-content\/plugins\/seriously-simple-podcasting\/assets\/images\/no-album-art.png","download_link":"","player_link":"","audio_player":false,"episode_data":{"playerMode":"dark","subscribeUrls":[],"rssFeedUrl":"https:\/\/www.haus-des-erinnerns-mainz.de\/feed\/podcast\/haus-des-erinnerns","embedCode":"<blockquote class=\"wp-embedded-content\" data-secret=\"k2pxIkHXpd\"><a href=\"https:\/\/www.haus-des-erinnerns-mainz.de\/index.php\/2022\/04\/05\/parlamentarischer-abend-der-lag-rlp\/\">Parlamentarischer Abend der LAG RLP<\/a><\/blockquote><iframe sandbox=\"allow-scripts\" security=\"restricted\" src=\"https:\/\/www.haus-des-erinnerns-mainz.de\/index.php\/2022\/04\/05\/parlamentarischer-abend-der-lag-rlp\/embed\/#?secret=k2pxIkHXpd\" width=\"500\" height=\"350\" title=\"&#8222;Parlamentarischer Abend der LAG RLP&#8220; &#8211; Haus des Erinnerns\" data-secret=\"k2pxIkHXpd\" frameborder=\"0\" marginwidth=\"0\" marginheight=\"0\" scrolling=\"no\" class=\"wp-embedded-content\"><\/iframe><script type=\"text\/javascript\">\n\/* <![CDATA[ *\/\n\/*! This file is auto-generated *\/\n!function(d,l){\"use strict\";l.querySelector&&d.addEventListener&&\"undefined\"!=typeof URL&&(d.wp=d.wp||{},d.wp.receiveEmbedMessage||(d.wp.receiveEmbedMessage=function(e){var t=e.data;if((t||t.secret||t.message||t.value)&&!\/[^a-zA-Z0-9]\/.test(t.secret)){for(var s,r,n,a=l.querySelectorAll('iframe[data-secret=\"'+t.secret+'\"]'),o=l.querySelectorAll('blockquote[data-secret=\"'+t.secret+'\"]'),c=new RegExp(\"^https?:$\",\"i\"),i=0;i<o.length;i++)o[i].style.display=\"none\";for(i=0;i<a.length;i++)s=a[i],e.source===s.contentWindow&&(s.removeAttribute(\"style\"),\"height\"===t.message?(1e3<(r=parseInt(t.value,10))?r=1e3:~~r<200&&(r=200),s.height=r):\"link\"===t.message&&(r=new URL(s.getAttribute(\"src\")),n=new URL(t.value),c.test(n.protocol))&&n.host===r.host&&l.activeElement===s&&(d.top.location.href=t.value))}},d.addEventListener(\"message\",d.wp.receiveEmbedMessage,!1),l.addEventListener(\"DOMContentLoaded\",function(){for(var e,t,s=l.querySelectorAll(\"iframe.wp-embedded-content\"),r=0;r<s.length;r++)(t=(e=s[r]).getAttribute(\"data-secret\"))||(t=Math.random().toString(36).substring(2,12),e.src+=\"#?secret=\"+t,e.setAttribute(\"data-secret\",t)),e.contentWindow.postMessage({message:\"ready\",secret:t},\"*\")},!1)))}(window,document);\n\/* ]]> *\/\n<\/script>\n"},"_links":{"self":[{"href":"https:\/\/www.haus-des-erinnerns-mainz.de\/index.php\/wp-json\/wp\/v2\/posts\/5013","targetHints":{"allow":["GET"]}}],"collection":[{"href":"https:\/\/www.haus-des-erinnerns-mainz.de\/index.php\/wp-json\/wp\/v2\/posts"}],"about":[{"href":"https:\/\/www.haus-des-erinnerns-mainz.de\/index.php\/wp-json\/wp\/v2\/types\/post"}],"author":[{"embeddable":true,"href":"https:\/\/www.haus-des-erinnerns-mainz.de\/index.php\/wp-json\/wp\/v2\/users\/4"}],"replies":[{"embeddable":true,"href":"https:\/\/www.haus-des-erinnerns-mainz.de\/index.php\/wp-json\/wp\/v2\/comments?post=5013"}],"version-history":[{"count":6,"href":"https:\/\/www.haus-des-erinnerns-mainz.de\/index.php\/wp-json\/wp\/v2\/posts\/5013\/revisions"}],"predecessor-version":[{"id":5553,"href":"https:\/\/www.haus-des-erinnerns-mainz.de\/index.php\/wp-json\/wp\/v2\/posts\/5013\/revisions\/5553"}],"wp:attachment":[{"href":"https:\/\/www.haus-des-erinnerns-mainz.de\/index.php\/wp-json\/wp\/v2\/media?parent=5013"}],"wp:term":[{"taxonomy":"category","embeddable":true,"href":"https:\/\/www.haus-des-erinnerns-mainz.de\/index.php\/wp-json\/wp\/v2\/categories?post=5013"},{"taxonomy":"post_tag","embeddable":true,"href":"https:\/\/www.haus-des-erinnerns-mainz.de\/index.php\/wp-json\/wp\/v2\/tags?post=5013"},{"taxonomy":"series","embeddable":true,"href":"https:\/\/www.haus-des-erinnerns-mainz.de\/index.php\/wp-json\/wp\/v2\/series?post=5013"}],"curies":[{"name":"wp","href":"https:\/\/api.w.org\/{rel}","templated":true}]}}