{"id":4965,"date":"2022-03-22T15:35:20","date_gmt":"2022-03-22T14:35:20","guid":{"rendered":"https:\/\/www.haus-des-erinnerns-mainz.de\/?p=4965"},"modified":"2022-03-22T15:35:22","modified_gmt":"2022-03-22T14:35:22","slug":"projektstart-you-are-what-you-keep","status":"publish","type":"post","link":"https:\/\/www.haus-des-erinnerns-mainz.de\/index.php\/2022\/03\/22\/projektstart-you-are-what-you-keep\/","title":{"rendered":"Projektstart: You are what you keep."},"content":{"rendered":"\n<figure class=\"wp-block-image size-large is-resized\"><img loading=\"lazy\" decoding=\"async\" src=\"https:\/\/www.haus-des-erinnerns-mainz.de\/wp-content\/uploads\/2022\/03\/IMG_3071-1024x1024.jpg\" alt=\"\" class=\"wp-image-4966\" width=\"512\" height=\"512\" srcset=\"https:\/\/www.haus-des-erinnerns-mainz.de\/wp-content\/uploads\/2022\/03\/IMG_3071-1024x1024.jpg 1024w, https:\/\/www.haus-des-erinnerns-mainz.de\/wp-content\/uploads\/2022\/03\/IMG_3071-300x300.jpg 300w, https:\/\/www.haus-des-erinnerns-mainz.de\/wp-content\/uploads\/2022\/03\/IMG_3071-150x150.jpg 150w, https:\/\/www.haus-des-erinnerns-mainz.de\/wp-content\/uploads\/2022\/03\/IMG_3071-768x768.jpg 768w, https:\/\/www.haus-des-erinnerns-mainz.de\/wp-content\/uploads\/2022\/03\/IMG_3071-1536x1536.jpg 1536w, https:\/\/www.haus-des-erinnerns-mainz.de\/wp-content\/uploads\/2022\/03\/IMG_3071-2048x2048.jpg 2048w\" sizes=\"auto, (max-width: 512px) 100vw, 512px\" \/><\/figure>\n\n\n\n<p><strong>Gestern, am 21. M\u00e4rz 2022, gab es den Startschuss zu unserem neuen Kooperationsprojekt mit dem Fachbereich Gestaltung der Hochschule Mainz: You are what you keep.<\/strong><\/p>\n\n\n\n<p>Studierende werden sich im Rahmen dieses Projektes kritisch mit dem Standort der Hochschule in der Holzstra\u00dfe 36 in Mainz auseinandersetzen. Ihre Aufgabe der Bachelor-Thesis wird es sein, einen szenografisch-kuratorischen ErinnerungsTransferRaum f\u00fcr ihre Hochschule zu schaffen. Betreut werden die Studierenden bei ihren Abschlussarbeiten durch Prof. Wolf Gutjahr und Dr. Cornelia Dold. <\/p>\n\n\n\n<p>2021 feierte die Hochschule Mainz ihr 25-j\u00e4hriges Bestehen mit den drei Fachbereichen Wirtschaft, Technik und Gestaltung. Bezieht man jedoch die Vorg\u00e4ngerinstitutionen mit in ein, so fand und findet Gestaltungslehre in Mainz seit gut 265 Jahren an verschiedenen Standorten statt; so auch in der Holzstra\u00dfe 36.<\/p>\n\n\n\n<div class=\"wp-block-image is-style-zoooom\"><figure class=\"alignleft size-large is-resized\"><img loading=\"lazy\" decoding=\"async\" src=\"https:\/\/www.haus-des-erinnerns-mainz.de\/wp-content\/uploads\/2022\/03\/14597758-60EA-43ED-8632-609516F56406-1024x1024.jpg\" alt=\"\" class=\"wp-image-4974\" width=\"512\" height=\"512\" srcset=\"https:\/\/www.haus-des-erinnerns-mainz.de\/wp-content\/uploads\/2022\/03\/14597758-60EA-43ED-8632-609516F56406-1024x1024.jpg 1024w, https:\/\/www.haus-des-erinnerns-mainz.de\/wp-content\/uploads\/2022\/03\/14597758-60EA-43ED-8632-609516F56406-300x300.jpg 300w, https:\/\/www.haus-des-erinnerns-mainz.de\/wp-content\/uploads\/2022\/03\/14597758-60EA-43ED-8632-609516F56406-150x150.jpg 150w, https:\/\/www.haus-des-erinnerns-mainz.de\/wp-content\/uploads\/2022\/03\/14597758-60EA-43ED-8632-609516F56406-768x768.jpg 768w, https:\/\/www.haus-des-erinnerns-mainz.de\/wp-content\/uploads\/2022\/03\/14597758-60EA-43ED-8632-609516F56406.jpg 1440w\" sizes=\"auto, (max-width: 512px) 100vw, 512px\" \/><\/figure><\/div>\n\n\n\n<p><strong>Dort befand sich unter anderem ab 1940 die nationalsozialistische \u201eAdolf-Hitler-Bauschule\u201c, deren Geschichte zeigt, wie sehr Gestaltungslehre politisch missbraucht werden kann.<\/strong> Das Gel\u00e4nde in der Holzstra\u00dfe war zudem Startpunkt des Fackelzuges zur nationalsozialistischen B\u00fccherverbrennung in Mainz am 23. Juni 1933. Diese wurde ma\u00dfgeblich von Studierenden des in der Holzstra\u00dfe ans\u00e4ssigen P\u00e4dagogischen Instituts | Au\u00dfenstelle TU Darmstadt organisiert. Noch wissenschaftlich aufzuarbeitende Archivbest\u00e4nde aus dieser Zeit befinden sich durch den Einsatz der Architekturhistorikerin Prof. Dr. Regine Stephan in der Hochschulbibliothek auf dem Campus. <\/p>\n\n\n\n<p>Gerade der anstehende Umzug des Fachbereichs Gestaltung auf dem Campus in der Lucy-Hillebrand-Stra\u00dfe im Jahr 2024, f\u00fchrte zu der Idee dieses Kooperationsprojektes, in dessen Zuge sich Studierende intensiv mit der Geschichte ihrer eigenen Hochschule auseinandersetzen; ehe die Spuren dieses Geb\u00e4udes verloren gehen und in Vergessenheit geraten. <\/p>\n\n\n\n<p>Die in der Lehre vermittelte und f\u00fcr Student*innen so wichtige gesellschaftliche Verantwortung und gelebte Auseinandersetzung mit dem eigenen allt\u00e4glichen Kontext und der damit verbundene Transfer aus der Vergangenheit in unsere Gegenwart und Zukunft wird durch das Verlassen des historischen Standortes nicht einfacher. Das Projekt ErinnerungsTransferRaum l\u00e4dt dazu ein, sich dieser Verantwortung am Beispiel der Historie der Holzstra\u00dfe 36 mit entwerferischen Mitteln zu stellen. <\/p>\n\n\n\n<p>Am Ende dieses Projektes steht die Ausstellung dieser Entw\u00fcrfe im LUX Pavillon \u2013 geplant ist eine Vernissage am Freitag, dem 17. Juni 2022. <\/p>\n","protected":false},"excerpt":{"rendered":"<p>Gestern, am 21. M\u00e4rz 2022, gab es den Startschuss zu unserem neuen Kooperationsprojekt mit dem Fachbereich Gestaltung der Hochschule Mainz: You are what you keep. Studierende werden sich im Rahmen dieses Projektes kritisch mit dem Standort der Hochschule in der Holzstra\u00dfe 36 in Mainz auseinandersetzen. Ihre Aufgabe der Bachelor-Thesis wird&#8230;<\/p>\n<p> <a class=\"continue-reading-link\" href=\"https:\/\/www.haus-des-erinnerns-mainz.de\/index.php\/2022\/03\/22\/projektstart-you-are-what-you-keep\/\"><span>Weiterlesen<\/span><i class=\"crycon-right-dir\"><\/i><\/a> <\/p>\n","protected":false},"author":4,"featured_media":4966,"comment_status":"closed","ping_status":"closed","sticky":false,"template":"","format":"standard","meta":{"episode_type":"audio","audio_file":"","podmotor_file_id":"","podmotor_episode_id":"","cover_image":"","cover_image_id":"","duration":"","filesize":"","filesize_raw":"","date_recorded":"","explicit":"","block":"","ngg_post_thumbnail":0,"_price":"","_stock":"","_tribe_ticket_header":"","_tribe_default_ticket_provider":"","_tribe_ticket_capacity":"0","_ticket_start_date":"","_ticket_end_date":"","_tribe_ticket_show_description":"","_tribe_ticket_show_not_going":false,"_tribe_ticket_use_global_stock":"","_tribe_ticket_global_stock_level":"","_global_stock_mode":"","_global_stock_cap":"","_tribe_rsvp_for_event":"","_tribe_ticket_going_count":"","_tribe_ticket_not_going_count":"","_tribe_tickets_list":"[]","_tribe_ticket_has_attendee_info_fields":false,"footnotes":""},"categories":[75,1],"tags":[],"series":[547],"class_list":["post-4965","post","type-post","status-publish","format-standard","has-post-thumbnail","hentry","category-aktuelles","category-allgemein","series-haus-des-erinnerns"],"episode_featured_image":"https:\/\/www.haus-des-erinnerns-mainz.de\/wp-content\/uploads\/2022\/03\/IMG_3071-scaled.jpg","episode_player_image":"https:\/\/www.haus-des-erinnerns-mainz.de\/wp-content\/plugins\/seriously-simple-podcasting\/assets\/images\/no-album-art.png","download_link":"","player_link":"","audio_player":false,"episode_data":{"playerMode":"dark","subscribeUrls":[],"rssFeedUrl":"https:\/\/www.haus-des-erinnerns-mainz.de\/feed\/podcast\/haus-des-erinnerns","embedCode":"<blockquote class=\"wp-embedded-content\" data-secret=\"br6Da6R1W0\"><a href=\"https:\/\/www.haus-des-erinnerns-mainz.de\/index.php\/2022\/03\/22\/projektstart-you-are-what-you-keep\/\">Projektstart: You are what you keep.<\/a><\/blockquote><iframe sandbox=\"allow-scripts\" security=\"restricted\" src=\"https:\/\/www.haus-des-erinnerns-mainz.de\/index.php\/2022\/03\/22\/projektstart-you-are-what-you-keep\/embed\/#?secret=br6Da6R1W0\" width=\"500\" height=\"350\" title=\"&#8222;Projektstart: You are what you keep.&#8220; &#8211; Haus des Erinnerns\" data-secret=\"br6Da6R1W0\" frameborder=\"0\" marginwidth=\"0\" marginheight=\"0\" scrolling=\"no\" class=\"wp-embedded-content\"><\/iframe><script type=\"text\/javascript\">\n\/* <![CDATA[ *\/\n\/*! This file is auto-generated *\/\n!function(d,l){\"use strict\";l.querySelector&&d.addEventListener&&\"undefined\"!=typeof URL&&(d.wp=d.wp||{},d.wp.receiveEmbedMessage||(d.wp.receiveEmbedMessage=function(e){var t=e.data;if((t||t.secret||t.message||t.value)&&!\/[^a-zA-Z0-9]\/.test(t.secret)){for(var s,r,n,a=l.querySelectorAll('iframe[data-secret=\"'+t.secret+'\"]'),o=l.querySelectorAll('blockquote[data-secret=\"'+t.secret+'\"]'),c=new RegExp(\"^https?:$\",\"i\"),i=0;i<o.length;i++)o[i].style.display=\"none\";for(i=0;i<a.length;i++)s=a[i],e.source===s.contentWindow&&(s.removeAttribute(\"style\"),\"height\"===t.message?(1e3<(r=parseInt(t.value,10))?r=1e3:~~r<200&&(r=200),s.height=r):\"link\"===t.message&&(r=new URL(s.getAttribute(\"src\")),n=new URL(t.value),c.test(n.protocol))&&n.host===r.host&&l.activeElement===s&&(d.top.location.href=t.value))}},d.addEventListener(\"message\",d.wp.receiveEmbedMessage,!1),l.addEventListener(\"DOMContentLoaded\",function(){for(var e,t,s=l.querySelectorAll(\"iframe.wp-embedded-content\"),r=0;r<s.length;r++)(t=(e=s[r]).getAttribute(\"data-secret\"))||(t=Math.random().toString(36).substring(2,12),e.src+=\"#?secret=\"+t,e.setAttribute(\"data-secret\",t)),e.contentWindow.postMessage({message:\"ready\",secret:t},\"*\")},!1)))}(window,document);\n\/* ]]> *\/\n<\/script>\n"},"_links":{"self":[{"href":"https:\/\/www.haus-des-erinnerns-mainz.de\/index.php\/wp-json\/wp\/v2\/posts\/4965","targetHints":{"allow":["GET"]}}],"collection":[{"href":"https:\/\/www.haus-des-erinnerns-mainz.de\/index.php\/wp-json\/wp\/v2\/posts"}],"about":[{"href":"https:\/\/www.haus-des-erinnerns-mainz.de\/index.php\/wp-json\/wp\/v2\/types\/post"}],"author":[{"embeddable":true,"href":"https:\/\/www.haus-des-erinnerns-mainz.de\/index.php\/wp-json\/wp\/v2\/users\/4"}],"replies":[{"embeddable":true,"href":"https:\/\/www.haus-des-erinnerns-mainz.de\/index.php\/wp-json\/wp\/v2\/comments?post=4965"}],"version-history":[{"count":7,"href":"https:\/\/www.haus-des-erinnerns-mainz.de\/index.php\/wp-json\/wp\/v2\/posts\/4965\/revisions"}],"predecessor-version":[{"id":4977,"href":"https:\/\/www.haus-des-erinnerns-mainz.de\/index.php\/wp-json\/wp\/v2\/posts\/4965\/revisions\/4977"}],"wp:featuredmedia":[{"embeddable":true,"href":"https:\/\/www.haus-des-erinnerns-mainz.de\/index.php\/wp-json\/wp\/v2\/media\/4966"}],"wp:attachment":[{"href":"https:\/\/www.haus-des-erinnerns-mainz.de\/index.php\/wp-json\/wp\/v2\/media?parent=4965"}],"wp:term":[{"taxonomy":"category","embeddable":true,"href":"https:\/\/www.haus-des-erinnerns-mainz.de\/index.php\/wp-json\/wp\/v2\/categories?post=4965"},{"taxonomy":"post_tag","embeddable":true,"href":"https:\/\/www.haus-des-erinnerns-mainz.de\/index.php\/wp-json\/wp\/v2\/tags?post=4965"},{"taxonomy":"series","embeddable":true,"href":"https:\/\/www.haus-des-erinnerns-mainz.de\/index.php\/wp-json\/wp\/v2\/series?post=4965"}],"curies":[{"name":"wp","href":"https:\/\/api.w.org\/{rel}","templated":true}]}}