{"id":4840,"date":"2022-02-07T16:21:57","date_gmt":"2022-02-07T15:21:57","guid":{"rendered":"https:\/\/www.haus-des-erinnerns-mainz.de\/?p=4840"},"modified":"2022-02-11T13:16:17","modified_gmt":"2022-02-11T12:16:17","slug":"vortragsabend-und-ausstellungseroeffnung-das-leben-war-jetzt-draussen-und-ich-war-dort-drinnen-zwangsterilisation-und-ermordung-im-rahmen-der-ns-euthanasie","status":"publish","type":"post","link":"https:\/\/www.haus-des-erinnerns-mainz.de\/index.php\/2022\/02\/07\/vortragsabend-und-ausstellungseroeffnung-das-leben-war-jetzt-draussen-und-ich-war-dort-drinnen-zwangsterilisation-und-ermordung-im-rahmen-der-ns-euthanasie\/","title":{"rendered":"Vortragsabend und Ausstellungser\u00f6ffnung zur NS-\u201aEuthanasie\u2018"},"content":{"rendered":"\n<p><strong>\u201e\u201aDas Leben war jetzt draussen, und ich war dort drinnen.\u2018 Zwangsterilisation und Ermordung im Rahmen der NS-\u201aEuthanasie\u2018 und ihre Opfer in Mainz und Rheinhessen\u201d<\/strong><\/p>\n\n\n\n<p>Bereits zum f\u00fcnften Mal konnten 2022 die \u201eMainzer Erinnerungswochen\u201c mit verschiedenen Veranstaltungen stattfinden. Den diesj\u00e4hrigen Schwerpunkt der Mainzer Erinnerungswochen legte <a href=\"https:\/\/www.ente-bagdad.de\/nachrichtenleser\/mainzer-erinnerungswochen-2022.html\">FC Ente Bagdad<\/a> auf die \u201eLeidensgeschichte der Menschen, die aufgrund ihrer k\u00f6rperlichen, geistigen und psychischen Behinderungen in der Zeit des Nationalsozialismus ausgegrenzt und gedem\u00fctigt wurden\u201c. <\/p>\n\n\n\n<p>Zur Auftaktveranstaltung unter dem Titel \u201eDas Leben war jetzt drau\u00dfen und ich war dort drinnen\u201c luden FC Ente Bagdad, der 1. FSV Mainz 05, der Landessportbund RLP, die Akademie Erbacher Hof und das Haus des Erinnerns \u2013 f\u00fcr Demokratie und Akzeptanz Mainz am 23. Januar in das Haus am Dom. Renate Rosenau, P\u00e4dagogin und Historikerin aus Alzey, vermittelte den 60 Anwesenden in einem anderthalbst\u00fcndigen Vortrag das komplexe Thema der NS-\u201aEuthanasie\u2018. Nach einer generellen Einf\u00fchrung in die Ideologie sogenannter \u201aRassentheorien\u2018 und deren Verbreitung bis zur Zeit des Nationalsozialismus, erl\u00e4uterte Rosenau die verschiedenen zeitlichen Abl\u00e4ufe, die letztendlich in der Ermordung von \u00fcber 70.000 Menschen m\u00fcndeten. Anhand regionaler Biografien wurde die Vielf\u00e4ltigkeit der Verfolgungsgr\u00fcnde und der Ausgrenzung und Ermordung deutlich. Eine zentrale Rolle spielte f\u00fcr die hiesige Region die T\u00f6tungsanstalt in Hadamar bei Limburg, in die die meisten Verfolgten aus Rheinhessen \u00fcberf\u00fchrt wurden. Auch \u00fcber die Aufarbeitung und juristische Verfolgung der T\u00e4ter*innen in der Bundesrepublik informierte Rosenau, die zudem im Anschluss zahlreiche Fragen aus dem Publikum beantworten konnte. <\/p>\n\n\n\n<p>Nach zweij\u00e4hriger, pandemiebedingter Pause, bot sich den Anwesenden ebenfalls die M\u00f6glichkeit, die Ausstellung \u201e\u201aDas Leben war jetzt draussen, und ich war dort drinnen.\u2018 Zwangsterilisation und Ermordung im Rahmen der NS-\u201aEuthanasie\u2018 und ihre Opfer in Mainz und Rheinhessen\u201d des Haus des Erinnerns auf Roll-Ups im Haus am Dom anzuschauen, bevor sie in den darauffolgenden Wochen im Haus des Erinnerns zu sehen war. <\/p>\n\n\n\n<p>Die Ausstellung kann \u00fcber das Haus des Erinnerns ausgeliehen werden. Einen Einblick in die Ausstellung erh\u00e4lt man auf unserer <a href=\"https:\/\/www.haus-des-erinnerns-mainz.de\/index.php\/projekte-ausstellungen\/ausstellung\/\">Homepage<\/a>. Einen ausf\u00fchrlichen Veranstaltungsbericht sowie einen \u00dcberblick \u00fcber die Mainzer Erinnerungswochen finden sich auf der Homepage von <a href=\"https:\/\/www.ente-bagdad.de\/nachrichtenleser\/vortrag-zur-toetungsanstalt-hadamar.html\">FC Ente Bagdad<\/a>.<\/p>\n\n\n\nngg_shortcode_0_placeholder\n","protected":false},"excerpt":{"rendered":"<p>\u201e\u201aDas Leben war jetzt draussen, und ich war dort drinnen.\u2018 Zwangsterilisation und Ermordung im Rahmen der NS-\u201aEuthanasie\u2018 und ihre Opfer in Mainz und Rheinhessen\u201d Bereits zum f\u00fcnften Mal konnten 2022 die \u201eMainzer Erinnerungswochen\u201c mit verschiedenen Veranstaltungen stattfinden. Den diesj\u00e4hrigen Schwerpunkt der Mainzer Erinnerungswochen legte FC Ente Bagdad auf die \u201eLeidensgeschichte&#8230;<\/p>\n<p> <a class=\"continue-reading-link\" href=\"https:\/\/www.haus-des-erinnerns-mainz.de\/index.php\/2022\/02\/07\/vortragsabend-und-ausstellungseroeffnung-das-leben-war-jetzt-draussen-und-ich-war-dort-drinnen-zwangsterilisation-und-ermordung-im-rahmen-der-ns-euthanasie\/\"><span>Weiterlesen<\/span><i class=\"crycon-right-dir\"><\/i><\/a> <\/p>\n","protected":false},"author":4,"featured_media":0,"comment_status":"open","ping_status":"open","sticky":false,"template":"","format":"standard","meta":{"episode_type":"audio","audio_file":"","podmotor_file_id":"","podmotor_episode_id":"","cover_image":"","cover_image_id":"","duration":"","filesize":"","filesize_raw":"","date_recorded":"","explicit":"","block":"","ngg_post_thumbnail":0,"_price":"","_stock":"","_tribe_ticket_header":"","_tribe_default_ticket_provider":"","_tribe_ticket_capacity":"0","_ticket_start_date":"","_ticket_end_date":"","_tribe_ticket_show_description":"","_tribe_ticket_show_not_going":false,"_tribe_ticket_use_global_stock":"","_tribe_ticket_global_stock_level":"","_global_stock_mode":"","_global_stock_cap":"","_tribe_rsvp_for_event":"","_tribe_ticket_going_count":"","_tribe_ticket_not_going_count":"","_tribe_tickets_list":"[]","_tribe_ticket_has_attendee_info_fields":false,"footnotes":""},"categories":[75,87],"tags":[96,341,137,342,122,12],"series":[547],"class_list":["post-4840","post","type-post","status-publish","format-standard","hentry","category-aktuelles","category-nachberichte","tag-ausstellung","tag-erinnerungswochen","tag-euthanasie","tag-fc-ente-bagdad","tag-nationalsozialismus","tag-vortrag","series-haus-des-erinnerns"],"episode_featured_image":false,"episode_player_image":"https:\/\/www.haus-des-erinnerns-mainz.de\/wp-content\/plugins\/seriously-simple-podcasting\/assets\/images\/no-album-art.png","download_link":"","player_link":"","audio_player":false,"episode_data":{"playerMode":"dark","subscribeUrls":[],"rssFeedUrl":"https:\/\/www.haus-des-erinnerns-mainz.de\/feed\/podcast\/haus-des-erinnerns","embedCode":"<blockquote class=\"wp-embedded-content\" data-secret=\"ATXdYeVseN\"><a href=\"https:\/\/www.haus-des-erinnerns-mainz.de\/index.php\/2022\/02\/07\/vortragsabend-und-ausstellungseroeffnung-das-leben-war-jetzt-draussen-und-ich-war-dort-drinnen-zwangsterilisation-und-ermordung-im-rahmen-der-ns-euthanasie\/\">Vortragsabend und Ausstellungser\u00f6ffnung zur NS-\u201aEuthanasie\u2018<\/a><\/blockquote><iframe sandbox=\"allow-scripts\" security=\"restricted\" src=\"https:\/\/www.haus-des-erinnerns-mainz.de\/index.php\/2022\/02\/07\/vortragsabend-und-ausstellungseroeffnung-das-leben-war-jetzt-draussen-und-ich-war-dort-drinnen-zwangsterilisation-und-ermordung-im-rahmen-der-ns-euthanasie\/embed\/#?secret=ATXdYeVseN\" width=\"500\" height=\"350\" title=\"&#8222;Vortragsabend und Ausstellungser\u00f6ffnung zur NS-\u201aEuthanasie\u2018&#8220; &#8211; Haus des Erinnerns\" data-secret=\"ATXdYeVseN\" frameborder=\"0\" marginwidth=\"0\" marginheight=\"0\" scrolling=\"no\" class=\"wp-embedded-content\"><\/iframe><script type=\"text\/javascript\">\n\/* <![CDATA[ *\/\n\/*! This file is auto-generated *\/\n!function(d,l){\"use strict\";l.querySelector&&d.addEventListener&&\"undefined\"!=typeof URL&&(d.wp=d.wp||{},d.wp.receiveEmbedMessage||(d.wp.receiveEmbedMessage=function(e){var t=e.data;if((t||t.secret||t.message||t.value)&&!\/[^a-zA-Z0-9]\/.test(t.secret)){for(var s,r,n,a=l.querySelectorAll('iframe[data-secret=\"'+t.secret+'\"]'),o=l.querySelectorAll('blockquote[data-secret=\"'+t.secret+'\"]'),c=new RegExp(\"^https?:$\",\"i\"),i=0;i<o.length;i++)o[i].style.display=\"none\";for(i=0;i<a.length;i++)s=a[i],e.source===s.contentWindow&&(s.removeAttribute(\"style\"),\"height\"===t.message?(1e3<(r=parseInt(t.value,10))?r=1e3:~~r<200&&(r=200),s.height=r):\"link\"===t.message&&(r=new URL(s.getAttribute(\"src\")),n=new URL(t.value),c.test(n.protocol))&&n.host===r.host&&l.activeElement===s&&(d.top.location.href=t.value))}},d.addEventListener(\"message\",d.wp.receiveEmbedMessage,!1),l.addEventListener(\"DOMContentLoaded\",function(){for(var e,t,s=l.querySelectorAll(\"iframe.wp-embedded-content\"),r=0;r<s.length;r++)(t=(e=s[r]).getAttribute(\"data-secret\"))||(t=Math.random().toString(36).substring(2,12),e.src+=\"#?secret=\"+t,e.setAttribute(\"data-secret\",t)),e.contentWindow.postMessage({message:\"ready\",secret:t},\"*\")},!1)))}(window,document);\n\/* ]]> *\/\n<\/script>\n"},"_links":{"self":[{"href":"https:\/\/www.haus-des-erinnerns-mainz.de\/index.php\/wp-json\/wp\/v2\/posts\/4840","targetHints":{"allow":["GET"]}}],"collection":[{"href":"https:\/\/www.haus-des-erinnerns-mainz.de\/index.php\/wp-json\/wp\/v2\/posts"}],"about":[{"href":"https:\/\/www.haus-des-erinnerns-mainz.de\/index.php\/wp-json\/wp\/v2\/types\/post"}],"author":[{"embeddable":true,"href":"https:\/\/www.haus-des-erinnerns-mainz.de\/index.php\/wp-json\/wp\/v2\/users\/4"}],"replies":[{"embeddable":true,"href":"https:\/\/www.haus-des-erinnerns-mainz.de\/index.php\/wp-json\/wp\/v2\/comments?post=4840"}],"version-history":[{"count":6,"href":"https:\/\/www.haus-des-erinnerns-mainz.de\/index.php\/wp-json\/wp\/v2\/posts\/4840\/revisions"}],"predecessor-version":[{"id":4880,"href":"https:\/\/www.haus-des-erinnerns-mainz.de\/index.php\/wp-json\/wp\/v2\/posts\/4840\/revisions\/4880"}],"wp:attachment":[{"href":"https:\/\/www.haus-des-erinnerns-mainz.de\/index.php\/wp-json\/wp\/v2\/media?parent=4840"}],"wp:term":[{"taxonomy":"category","embeddable":true,"href":"https:\/\/www.haus-des-erinnerns-mainz.de\/index.php\/wp-json\/wp\/v2\/categories?post=4840"},{"taxonomy":"post_tag","embeddable":true,"href":"https:\/\/www.haus-des-erinnerns-mainz.de\/index.php\/wp-json\/wp\/v2\/tags?post=4840"},{"taxonomy":"series","embeddable":true,"href":"https:\/\/www.haus-des-erinnerns-mainz.de\/index.php\/wp-json\/wp\/v2\/series?post=4840"}],"curies":[{"name":"wp","href":"https:\/\/api.w.org\/{rel}","templated":true}]}}