{"id":4816,"date":"2022-01-27T10:47:16","date_gmt":"2022-01-27T09:47:16","guid":{"rendered":"https:\/\/www.haus-des-erinnerns-mainz.de\/?p=4816"},"modified":"2023-03-09T15:32:25","modified_gmt":"2023-03-09T14:32:25","slug":"gedenktag-27-januar-2022","status":"publish","type":"post","link":"https:\/\/www.haus-des-erinnerns-mainz.de\/index.php\/2022\/01\/27\/gedenktag-27-januar-2022\/","title":{"rendered":"Gedenktag 27. Januar 2022"},"content":{"rendered":"\n<figure class=\"wp-block-image size-large\"><img loading=\"lazy\" decoding=\"async\" width=\"1024\" height=\"684\" src=\"https:\/\/www.haus-des-erinnerns-mainz.de\/wp-content\/uploads\/2021\/05\/DSC_5890-1024x684.jpg\" alt=\"\" class=\"wp-image-3647\" srcset=\"https:\/\/www.haus-des-erinnerns-mainz.de\/wp-content\/uploads\/2021\/05\/DSC_5890-1024x684.jpg 1024w, https:\/\/www.haus-des-erinnerns-mainz.de\/wp-content\/uploads\/2021\/05\/DSC_5890-300x200.jpg 300w, https:\/\/www.haus-des-erinnerns-mainz.de\/wp-content\/uploads\/2021\/05\/DSC_5890-768x513.jpg 768w, https:\/\/www.haus-des-erinnerns-mainz.de\/wp-content\/uploads\/2021\/05\/DSC_5890-1536x1025.jpg 1536w, https:\/\/www.haus-des-erinnerns-mainz.de\/wp-content\/uploads\/2021\/05\/DSC_5890-2048x1367.jpg 2048w, https:\/\/www.haus-des-erinnerns-mainz.de\/wp-content\/uploads\/2021\/05\/DSC_5890-150x100.jpg 150w\" sizes=\"auto, (max-width: 1024px) 100vw, 1024px\" \/><\/figure>\n\n\n\n<p>In Erinnerung an die Befreiung des Konzentrationslagers Auschwitz durch die Rote Armee am 27. Januar 1945, ist seit 1996 der 27. Januar bundesweiter Gedenktag an die Opfer des Nationalsozialismus in Deutschland. Als zentraler Gedenkort der Landeshauptstadt Mainz f\u00fcr die Opfer der nationalsozialistischen Diktatur, erinnern wir in unserem \u201eRaum der Namen\u201c der Mainzer Opfer. Die Namen aller Opfer der NS-\u201aEuthanasie\u2018, aller Mainzer Sinti*, aller Mainzer J\u00fcdinnen*Juden und aller Menschen, die aufgrund ihrer politischen Einstellung ermordet wurden, werde hier audiovisuell sichtbar gemacht. Bisher wurden so \u00fcber 1.700 Namen h\u00f6r- und sichtbar gemacht. Auch weitere Namen sollen fortw\u00e4hrend erg\u00e4nzt werden, um m\u00f6glichst allen Opfergruppen von Mainz diesen Gedenkort zu widmen.<\/p>\n\n\n\n<p>Besonders dem Schicksal der ersten Deportationen und Ermordungen von s\u00fcdwestdeutschen J\u00fcdinnen*Juden wird in diesem Jahr mit einer <a href=\"https:\/\/www.gurs1940.de\/de\/\">Ausstellung<\/a> im Foyer des Abgeordnetenhauses des rheinland-pf\u00e4lzischen Landtags gedacht. Bereits im Oktober 1940 wurden mehr als 6.500 J\u00fcdinnen*Juden aus Baden, der Pfalz und dem Saarland mit den ersten planm\u00e4\u00dfig organisierten Sammeltransporten ins s\u00fcdfranz\u00f6sische Gurs deportiert. Die Ausstellung \u201eGurs 1940. Die Deportation und Ermordung der s\u00fcdwestdeutschen J\u00fcdinnen und Juden\u201c ist bis zum 11. Februar in Mainz zu sehen. Ab dem 14. September ist sie dann in der <a href=\"https:\/\/www.gedenkstaette-osthofen-rlp.de\/osthofen\/aktuelles\/veranstaltungen\/detailseite-veranstaltungen?tx_pgevents_pi1%5Baction%5D=show&amp;tx_pgevents_pi1%5Bbookable%5D=0&amp;tx_pgevents_pi1%5Bcontroller%5D=Date&amp;tx_pgevents_pi1%5Bevent%5D=2174&amp;tx_pgevents_pi1%5BeventId%5D=1000001740&amp;cHash=237602891f09ae81bf7382d77ddcf7a3\">Gedenkst\u00e4tte KZ Osthofen<\/a> zu sehen. Auch in diesem Jahr beteiligt sich unser Haus ebenfalls am vielf\u00e4ltigen Programm des Landtags Rheinland-Pfalz rund um den 27. Januar. Noch bis zum 4. Februar ist die Ausstellung \u201e\u201aDas Leben war jetzt drau\u00dfen, und ich war dort drinnen.\u2018 Zwangsterilisation und Ermordung im Rahmen der NS-\u201aEuthanasie\u2018 und ihre Opfer in Mainz und Rheinhessen\u201d im Haus des Erinnerns zu sehen. Nach vorheriger Anmeldung an cornelia.dold[at]haus-des-erinnerns-mainz.de ist eine Besichtigung m\u00f6glich.<\/p>\n","protected":false},"excerpt":{"rendered":"<p>In Erinnerung an die Befreiung des Konzentrationslagers Auschwitz durch die Rote Armee am 27. Januar 1945, ist seit 1996 der 27. Januar bundesweiter Gedenktag an die Opfer des Nationalsozialismus in Deutschland. Als zentraler Gedenkort der Landeshauptstadt Mainz f\u00fcr die Opfer der nationalsozialistischen Diktatur, erinnern wir in unserem \u201eRaum der Namen\u201c&#8230;<\/p>\n<p> <a class=\"continue-reading-link\" href=\"https:\/\/www.haus-des-erinnerns-mainz.de\/index.php\/2022\/01\/27\/gedenktag-27-januar-2022\/\"><span>Weiterlesen<\/span><i class=\"crycon-right-dir\"><\/i><\/a> <\/p>\n","protected":false},"author":4,"featured_media":0,"comment_status":"closed","ping_status":"closed","sticky":false,"template":"","format":"standard","meta":{"episode_type":"audio","audio_file":"","podmotor_file_id":"","podmotor_episode_id":"","cover_image":"","cover_image_id":"","duration":"","filesize":"","filesize_raw":"","date_recorded":"","explicit":"","block":"","ngg_post_thumbnail":0,"_price":"","_stock":"","_tribe_ticket_header":"","_tribe_default_ticket_provider":"","_tribe_ticket_capacity":"0","_ticket_start_date":"","_ticket_end_date":"","_tribe_ticket_show_description":"","_tribe_ticket_show_not_going":false,"_tribe_ticket_use_global_stock":"","_tribe_ticket_global_stock_level":"","_global_stock_mode":"","_global_stock_cap":"","_tribe_rsvp_for_event":"","_tribe_ticket_going_count":"","_tribe_ticket_not_going_count":"","_tribe_tickets_list":"[]","_tribe_ticket_has_attendee_info_fields":false,"footnotes":""},"categories":[75],"tags":[335,336,252],"series":[547],"class_list":["post-4816","post","type-post","status-publish","format-standard","hentry","category-aktuelles","tag-27-januar","tag-erinnern","tag-gedenken","series-haus-des-erinnerns"],"episode_featured_image":false,"episode_player_image":"https:\/\/www.haus-des-erinnerns-mainz.de\/wp-content\/plugins\/seriously-simple-podcasting\/assets\/images\/no-album-art.png","download_link":"","player_link":"","audio_player":false,"episode_data":{"playerMode":"dark","subscribeUrls":[],"rssFeedUrl":"https:\/\/www.haus-des-erinnerns-mainz.de\/feed\/podcast\/haus-des-erinnerns","embedCode":"<blockquote class=\"wp-embedded-content\" data-secret=\"rk5ZuBgB75\"><a href=\"https:\/\/www.haus-des-erinnerns-mainz.de\/index.php\/2022\/01\/27\/gedenktag-27-januar-2022\/\">Gedenktag 27. Januar 2022<\/a><\/blockquote><iframe sandbox=\"allow-scripts\" security=\"restricted\" src=\"https:\/\/www.haus-des-erinnerns-mainz.de\/index.php\/2022\/01\/27\/gedenktag-27-januar-2022\/embed\/#?secret=rk5ZuBgB75\" width=\"500\" height=\"350\" title=\"&#8222;Gedenktag 27. Januar 2022&#8220; &#8211; Haus des Erinnerns\" data-secret=\"rk5ZuBgB75\" frameborder=\"0\" marginwidth=\"0\" marginheight=\"0\" scrolling=\"no\" class=\"wp-embedded-content\"><\/iframe><script type=\"text\/javascript\">\n\/* <![CDATA[ *\/\n\/*! This file is auto-generated *\/\n!function(d,l){\"use strict\";l.querySelector&&d.addEventListener&&\"undefined\"!=typeof URL&&(d.wp=d.wp||{},d.wp.receiveEmbedMessage||(d.wp.receiveEmbedMessage=function(e){var t=e.data;if((t||t.secret||t.message||t.value)&&!\/[^a-zA-Z0-9]\/.test(t.secret)){for(var s,r,n,a=l.querySelectorAll('iframe[data-secret=\"'+t.secret+'\"]'),o=l.querySelectorAll('blockquote[data-secret=\"'+t.secret+'\"]'),c=new RegExp(\"^https?:$\",\"i\"),i=0;i<o.length;i++)o[i].style.display=\"none\";for(i=0;i<a.length;i++)s=a[i],e.source===s.contentWindow&&(s.removeAttribute(\"style\"),\"height\"===t.message?(1e3<(r=parseInt(t.value,10))?r=1e3:~~r<200&&(r=200),s.height=r):\"link\"===t.message&&(r=new URL(s.getAttribute(\"src\")),n=new URL(t.value),c.test(n.protocol))&&n.host===r.host&&l.activeElement===s&&(d.top.location.href=t.value))}},d.addEventListener(\"message\",d.wp.receiveEmbedMessage,!1),l.addEventListener(\"DOMContentLoaded\",function(){for(var e,t,s=l.querySelectorAll(\"iframe.wp-embedded-content\"),r=0;r<s.length;r++)(t=(e=s[r]).getAttribute(\"data-secret\"))||(t=Math.random().toString(36).substring(2,12),e.src+=\"#?secret=\"+t,e.setAttribute(\"data-secret\",t)),e.contentWindow.postMessage({message:\"ready\",secret:t},\"*\")},!1)))}(window,document);\n\/* ]]> *\/\n<\/script>\n"},"_links":{"self":[{"href":"https:\/\/www.haus-des-erinnerns-mainz.de\/index.php\/wp-json\/wp\/v2\/posts\/4816","targetHints":{"allow":["GET"]}}],"collection":[{"href":"https:\/\/www.haus-des-erinnerns-mainz.de\/index.php\/wp-json\/wp\/v2\/posts"}],"about":[{"href":"https:\/\/www.haus-des-erinnerns-mainz.de\/index.php\/wp-json\/wp\/v2\/types\/post"}],"author":[{"embeddable":true,"href":"https:\/\/www.haus-des-erinnerns-mainz.de\/index.php\/wp-json\/wp\/v2\/users\/4"}],"replies":[{"embeddable":true,"href":"https:\/\/www.haus-des-erinnerns-mainz.de\/index.php\/wp-json\/wp\/v2\/comments?post=4816"}],"version-history":[{"count":4,"href":"https:\/\/www.haus-des-erinnerns-mainz.de\/index.php\/wp-json\/wp\/v2\/posts\/4816\/revisions"}],"predecessor-version":[{"id":5970,"href":"https:\/\/www.haus-des-erinnerns-mainz.de\/index.php\/wp-json\/wp\/v2\/posts\/4816\/revisions\/5970"}],"wp:attachment":[{"href":"https:\/\/www.haus-des-erinnerns-mainz.de\/index.php\/wp-json\/wp\/v2\/media?parent=4816"}],"wp:term":[{"taxonomy":"category","embeddable":true,"href":"https:\/\/www.haus-des-erinnerns-mainz.de\/index.php\/wp-json\/wp\/v2\/categories?post=4816"},{"taxonomy":"post_tag","embeddable":true,"href":"https:\/\/www.haus-des-erinnerns-mainz.de\/index.php\/wp-json\/wp\/v2\/tags?post=4816"},{"taxonomy":"series","embeddable":true,"href":"https:\/\/www.haus-des-erinnerns-mainz.de\/index.php\/wp-json\/wp\/v2\/series?post=4816"}],"curies":[{"name":"wp","href":"https:\/\/api.w.org\/{rel}","templated":true}]}}