{"id":4780,"date":"2022-01-24T14:10:35","date_gmt":"2022-01-24T13:10:35","guid":{"rendered":"https:\/\/www.haus-des-erinnerns-mainz.de\/?p=4780"},"modified":"2022-01-24T14:10:37","modified_gmt":"2022-01-24T13:10:37","slug":"ad-demokratiekonferenz","status":"publish","type":"post","link":"https:\/\/www.haus-des-erinnerns-mainz.de\/index.php\/2022\/01\/24\/ad-demokratiekonferenz\/","title":{"rendered":"Jugendforum Mainz: Neue AG Demokratiekonferenz"},"content":{"rendered":"\n<p>Das Jugendforum Mainz bietet eine neue Arbeitsgruppe, die sich mit der Planung einer stadtweiten Demokratiekonferenz f\u00fcr junge Menschen besch\u00e4ftigt. Interessierte k\u00f6nnen sich jederzeit anschlie\u00dfen und ihre eigenen Ideen einbringen: <\/p>\n\n\n\n<p><strong>Es ist so weit!<\/strong>\u00a0Die Planung einer \u201eJugenddemokratiekonferenz\u201c in Mainz hat begonnen. Diese soll allen Jugendlichen, die sich beteiligen m\u00f6chten, eine Plattform bieten und Sichtbarkeit verschaffen. In unserer Arbeitsgruppe haben wir nun begonnen, die ersten Schritte und Gestaltungsm\u00f6glichkeiten sowie m\u00f6gliche Ergebnisse der Konferenz zu besprechen.<\/p>\n\n\n\n<p><strong>Hast du Lust, ein Projekt von und f\u00fcr Jugendliche mitzugestalten? Bei uns hast du die M\u00f6glichkeit, dich und deine Ideen einzubringen!<\/strong><\/p>\n\n\n\n<p>Alle Interessierten sind eingeladen, an unserer n\u00e4chsten Sitzung am\u00a0<strong>31.01.2022<\/strong>\u00a0um\u00a0<strong>17 Uhr<\/strong>\u00a0teilzunehmen. Melde dich gerne bei uns \u00fcber Instagram oder per Mail an\u00a0<a rel=\"noreferrer noopener\" href=\"mailto:jufo@haus-des-erinnerns-mainz.de\" target=\"_blank\">jufo[at]haus-des-erinnerns-mainz.de<\/a>.<\/p>\n\n\n\n<p>Wir freuen uns \u00fcber alle neuen Gesichter!<\/p>\n\n\n\n<figure class=\"wp-block-image size-large\"><img loading=\"lazy\" decoding=\"async\" width=\"1024\" height=\"154\" src=\"https:\/\/www.haus-des-erinnerns-mainz.de\/wp-content\/uploads\/2021\/09\/JuFo_LOGO_schwarz_Stand_8_2021_vektor-1024x154.png\" alt=\"\" class=\"wp-image-4622\" srcset=\"https:\/\/www.haus-des-erinnerns-mainz.de\/wp-content\/uploads\/2021\/09\/JuFo_LOGO_schwarz_Stand_8_2021_vektor-1024x154.png 1024w, https:\/\/www.haus-des-erinnerns-mainz.de\/wp-content\/uploads\/2021\/09\/JuFo_LOGO_schwarz_Stand_8_2021_vektor-300x45.png 300w, https:\/\/www.haus-des-erinnerns-mainz.de\/wp-content\/uploads\/2021\/09\/JuFo_LOGO_schwarz_Stand_8_2021_vektor-768x115.png 768w, https:\/\/www.haus-des-erinnerns-mainz.de\/wp-content\/uploads\/2021\/09\/JuFo_LOGO_schwarz_Stand_8_2021_vektor-1536x230.png 1536w, https:\/\/www.haus-des-erinnerns-mainz.de\/wp-content\/uploads\/2021\/09\/JuFo_LOGO_schwarz_Stand_8_2021_vektor-2048x307.png 2048w, https:\/\/www.haus-des-erinnerns-mainz.de\/wp-content\/uploads\/2021\/09\/JuFo_LOGO_schwarz_Stand_8_2021_vektor-150x23.png 150w, https:\/\/www.haus-des-erinnerns-mainz.de\/wp-content\/uploads\/2021\/09\/JuFo_LOGO_schwarz_Stand_8_2021_vektor-1200x180.png 1200w\" sizes=\"auto, (max-width: 1024px) 100vw, 1024px\" \/><\/figure>\n","protected":false},"excerpt":{"rendered":"<p>Das Jugendforum Mainz bietet eine neue Arbeitsgruppe, die sich mit der Planung einer stadtweiten Demokratiekonferenz f\u00fcr junge Menschen besch\u00e4ftigt. Interessierte k\u00f6nnen sich jederzeit anschlie\u00dfen und ihre eigenen Ideen einbringen: Es ist so weit!\u00a0Die Planung einer \u201eJugenddemokratiekonferenz\u201c in Mainz hat begonnen. Diese soll allen Jugendlichen, die sich beteiligen m\u00f6chten, eine Plattform&#8230;<\/p>\n<p> <a class=\"continue-reading-link\" href=\"https:\/\/www.haus-des-erinnerns-mainz.de\/index.php\/2022\/01\/24\/ad-demokratiekonferenz\/\"><span>Weiterlesen<\/span><i class=\"crycon-right-dir\"><\/i><\/a> <\/p>\n","protected":false},"author":4,"featured_media":4781,"comment_status":"closed","ping_status":"closed","sticky":false,"template":"","format":"standard","meta":{"episode_type":"audio","audio_file":"","podmotor_file_id":"","podmotor_episode_id":"","cover_image":"","cover_image_id":"","duration":"","filesize":"","filesize_raw":"","date_recorded":"","explicit":"","block":"","ngg_post_thumbnail":0,"_price":"","_stock":"","_tribe_ticket_header":"","_tribe_default_ticket_provider":"","_tribe_ticket_capacity":"0","_ticket_start_date":"","_ticket_end_date":"","_tribe_ticket_show_description":"","_tribe_ticket_show_not_going":false,"_tribe_ticket_use_global_stock":"","_tribe_ticket_global_stock_level":"","_global_stock_mode":"","_global_stock_cap":"","_tribe_rsvp_for_event":"","_tribe_ticket_going_count":"","_tribe_ticket_not_going_count":"","_tribe_tickets_list":"[]","_tribe_ticket_has_attendee_info_fields":false,"footnotes":""},"categories":[75,1,219],"tags":[331,109,238,294,288],"series":[547],"class_list":["post-4780","post","type-post","status-publish","format-standard","has-post-thumbnail","hentry","category-aktuelles","category-allgemein","category-jugendforum","tag-arbeitsgruppe","tag-demokratie","tag-jugendforum","tag-jugendforummainz","tag-partizipation","series-haus-des-erinnerns"],"episode_featured_image":"https:\/\/www.haus-des-erinnerns-mainz.de\/wp-content\/uploads\/2022\/01\/Jugendforum_Logo_Hintergund_gelb.jpg","episode_player_image":"https:\/\/www.haus-des-erinnerns-mainz.de\/wp-content\/plugins\/seriously-simple-podcasting\/assets\/images\/no-album-art.png","download_link":"","player_link":"","audio_player":false,"episode_data":{"playerMode":"dark","subscribeUrls":[],"rssFeedUrl":"https:\/\/www.haus-des-erinnerns-mainz.de\/feed\/podcast\/haus-des-erinnerns","embedCode":"<blockquote class=\"wp-embedded-content\" data-secret=\"QqsrBba9BT\"><a href=\"https:\/\/www.haus-des-erinnerns-mainz.de\/index.php\/2022\/01\/24\/ad-demokratiekonferenz\/\">Jugendforum Mainz: Neue AG Demokratiekonferenz<\/a><\/blockquote><iframe sandbox=\"allow-scripts\" security=\"restricted\" src=\"https:\/\/www.haus-des-erinnerns-mainz.de\/index.php\/2022\/01\/24\/ad-demokratiekonferenz\/embed\/#?secret=QqsrBba9BT\" width=\"500\" height=\"350\" title=\"&#8222;Jugendforum Mainz: Neue AG Demokratiekonferenz&#8220; &#8211; Haus des Erinnerns\" data-secret=\"QqsrBba9BT\" frameborder=\"0\" marginwidth=\"0\" marginheight=\"0\" scrolling=\"no\" class=\"wp-embedded-content\"><\/iframe><script type=\"text\/javascript\">\n\/* <![CDATA[ *\/\n\/*! This file is auto-generated *\/\n!function(d,l){\"use strict\";l.querySelector&&d.addEventListener&&\"undefined\"!=typeof URL&&(d.wp=d.wp||{},d.wp.receiveEmbedMessage||(d.wp.receiveEmbedMessage=function(e){var t=e.data;if((t||t.secret||t.message||t.value)&&!\/[^a-zA-Z0-9]\/.test(t.secret)){for(var s,r,n,a=l.querySelectorAll('iframe[data-secret=\"'+t.secret+'\"]'),o=l.querySelectorAll('blockquote[data-secret=\"'+t.secret+'\"]'),c=new RegExp(\"^https?:$\",\"i\"),i=0;i<o.length;i++)o[i].style.display=\"none\";for(i=0;i<a.length;i++)s=a[i],e.source===s.contentWindow&&(s.removeAttribute(\"style\"),\"height\"===t.message?(1e3<(r=parseInt(t.value,10))?r=1e3:~~r<200&&(r=200),s.height=r):\"link\"===t.message&&(r=new URL(s.getAttribute(\"src\")),n=new URL(t.value),c.test(n.protocol))&&n.host===r.host&&l.activeElement===s&&(d.top.location.href=t.value))}},d.addEventListener(\"message\",d.wp.receiveEmbedMessage,!1),l.addEventListener(\"DOMContentLoaded\",function(){for(var e,t,s=l.querySelectorAll(\"iframe.wp-embedded-content\"),r=0;r<s.length;r++)(t=(e=s[r]).getAttribute(\"data-secret\"))||(t=Math.random().toString(36).substring(2,12),e.src+=\"#?secret=\"+t,e.setAttribute(\"data-secret\",t)),e.contentWindow.postMessage({message:\"ready\",secret:t},\"*\")},!1)))}(window,document);\n\/* ]]> *\/\n<\/script>\n"},"_links":{"self":[{"href":"https:\/\/www.haus-des-erinnerns-mainz.de\/index.php\/wp-json\/wp\/v2\/posts\/4780","targetHints":{"allow":["GET"]}}],"collection":[{"href":"https:\/\/www.haus-des-erinnerns-mainz.de\/index.php\/wp-json\/wp\/v2\/posts"}],"about":[{"href":"https:\/\/www.haus-des-erinnerns-mainz.de\/index.php\/wp-json\/wp\/v2\/types\/post"}],"author":[{"embeddable":true,"href":"https:\/\/www.haus-des-erinnerns-mainz.de\/index.php\/wp-json\/wp\/v2\/users\/4"}],"replies":[{"embeddable":true,"href":"https:\/\/www.haus-des-erinnerns-mainz.de\/index.php\/wp-json\/wp\/v2\/comments?post=4780"}],"version-history":[{"count":2,"href":"https:\/\/www.haus-des-erinnerns-mainz.de\/index.php\/wp-json\/wp\/v2\/posts\/4780\/revisions"}],"predecessor-version":[{"id":4814,"href":"https:\/\/www.haus-des-erinnerns-mainz.de\/index.php\/wp-json\/wp\/v2\/posts\/4780\/revisions\/4814"}],"wp:featuredmedia":[{"embeddable":true,"href":"https:\/\/www.haus-des-erinnerns-mainz.de\/index.php\/wp-json\/wp\/v2\/media\/4781"}],"wp:attachment":[{"href":"https:\/\/www.haus-des-erinnerns-mainz.de\/index.php\/wp-json\/wp\/v2\/media?parent=4780"}],"wp:term":[{"taxonomy":"category","embeddable":true,"href":"https:\/\/www.haus-des-erinnerns-mainz.de\/index.php\/wp-json\/wp\/v2\/categories?post=4780"},{"taxonomy":"post_tag","embeddable":true,"href":"https:\/\/www.haus-des-erinnerns-mainz.de\/index.php\/wp-json\/wp\/v2\/tags?post=4780"},{"taxonomy":"series","embeddable":true,"href":"https:\/\/www.haus-des-erinnerns-mainz.de\/index.php\/wp-json\/wp\/v2\/series?post=4780"}],"curies":[{"name":"wp","href":"https:\/\/api.w.org\/{rel}","templated":true}]}}