{"id":4764,"date":"2022-01-14T15:55:30","date_gmt":"2022-01-14T14:55:30","guid":{"rendered":"https:\/\/www.haus-des-erinnerns-mainz.de\/?p=4764"},"modified":"2022-01-14T15:55:33","modified_gmt":"2022-01-14T14:55:33","slug":"zeitsichten-fotoausstellung-zu-rheinland-pfaelzischen-erinnerungsorten","status":"publish","type":"post","link":"https:\/\/www.haus-des-erinnerns-mainz.de\/index.php\/2022\/01\/14\/zeitsichten-fotoausstellung-zu-rheinland-pfaelzischen-erinnerungsorten\/","title":{"rendered":"ZeitSichten \u2013 Fotoausstellung zu rheinland-pf\u00e4lzischen Erinnerungsorten"},"content":{"rendered":"\n<p>Die Nationalsozialisten errichteten gleich zu Beginn ihrer Herrschaft etwa 100 sogenannte fr\u00fche Konzentrationslager. Viele dieser oft kurzzeitigen Folterst\u00e4tten sind heute vergessen und von den unvorstellbaren Bedingungen in den sp\u00e4teren Konzentrationslagern im \u00f6ffentlichen Bewusstsein \u00fcberlagert. Doch in den fr\u00fchen KZs begann die unmenschliche Barbarei, die in einem durchorganisierten millionenfachen Massenmord endete.<\/p>\n\n\n\n<p><strong>Die Fotoausstellung ZeitSichten m\u00f6chte genau hier ansetzen und fordert die Betrachter*innen dazu auf, sich n\u00e4her mit diesen fr\u00fchen Zeugnissen des Terrors zu besch\u00e4ftigen.<\/strong><\/p>\n\n\n\n<p>Der Neustadter K\u00fcnstler und Journalist Christian Martischius hat daf\u00fcr die Gedenkst\u00e4tten in Osthofen und Neustadt mit der Kamera besucht. Oft sind es die kleinen Details und nicht die gro\u00dfen Ansichten, die Martischius dort auf seinen Bildern festh\u00e4lt, und die, verst\u00e4rkt durch das Spiel mit langen Belichtungszeiten, zu einer intensiven Auseinandersetzung mit dem Motiv f\u00fchren.<\/p>\n\n\n\n<p><strong>Die Ausstellung wird zwischen dem 10. Januar und dem 6. Februar im Schaufenster des \u201eHaus des Erinnerns \u2013 f\u00fcr Demokratie und Akzeptanz Mainz\u201c nach au\u00dfen hin \u00f6ffentlich pr\u00e4sentiert.<\/strong><\/p>\n\n\n\n<p>Veranstaltende: Haus des Erinnerns \u2013 f\u00fcr Demokratie und Akzeptanz Mainz und Landeszentrale f\u00fcr politische Bildung Rheinland-Pfalz<\/p>\n","protected":false},"excerpt":{"rendered":"<p>Die Nationalsozialisten errichteten gleich zu Beginn ihrer Herrschaft etwa 100 sogenannte fr\u00fche Konzentrationslager. Viele dieser oft kurzzeitigen Folterst\u00e4tten sind heute vergessen und von den unvorstellbaren Bedingungen in den sp\u00e4teren Konzentrationslagern im \u00f6ffentlichen Bewusstsein \u00fcberlagert. Doch in den fr\u00fchen KZs begann die unmenschliche Barbarei, die in einem durchorganisierten millionenfachen Massenmord endete&#8230;.<\/p>\n<p> <a class=\"continue-reading-link\" href=\"https:\/\/www.haus-des-erinnerns-mainz.de\/index.php\/2022\/01\/14\/zeitsichten-fotoausstellung-zu-rheinland-pfaelzischen-erinnerungsorten\/\"><span>Weiterlesen<\/span><i class=\"crycon-right-dir\"><\/i><\/a> <\/p>\n","protected":false},"author":4,"featured_media":4765,"comment_status":"open","ping_status":"open","sticky":false,"template":"","format":"standard","meta":{"episode_type":"audio","audio_file":"","podmotor_file_id":"","podmotor_episode_id":"","cover_image":"","cover_image_id":"","duration":"","filesize":"","filesize_raw":"","date_recorded":"","explicit":"","block":"","ngg_post_thumbnail":0,"_price":"","_stock":"","_tribe_ticket_header":"","_tribe_default_ticket_provider":"","_tribe_ticket_capacity":"0","_ticket_start_date":"","_ticket_end_date":"","_tribe_ticket_show_description":"","_tribe_ticket_show_not_going":false,"_tribe_ticket_use_global_stock":"","_tribe_ticket_global_stock_level":"","_global_stock_mode":"","_global_stock_cap":"","_tribe_rsvp_for_event":"","_tribe_ticket_going_count":"","_tribe_ticket_not_going_count":"","_tribe_tickets_list":"[]","_tribe_ticket_has_attendee_info_fields":false,"footnotes":""},"categories":[75,1,329],"tags":[96,297,122,296],"series":[547],"class_list":["post-4764","post","type-post","status-publish","format-standard","has-post-thumbnail","hentry","category-aktuelles","category-allgemein","category-termin-2022","tag-ausstellung","tag-kunst","tag-nationalsozialismus","tag-schaufenster","series-haus-des-erinnerns"],"episode_featured_image":"https:\/\/www.haus-des-erinnerns-mainz.de\/wp-content\/uploads\/2022\/01\/ZeitSichten_Christian_Martischius-1.jpg","episode_player_image":"https:\/\/www.haus-des-erinnerns-mainz.de\/wp-content\/plugins\/seriously-simple-podcasting\/assets\/images\/no-album-art.png","download_link":"","player_link":"","audio_player":false,"episode_data":{"playerMode":"dark","subscribeUrls":[],"rssFeedUrl":"https:\/\/www.haus-des-erinnerns-mainz.de\/feed\/podcast\/haus-des-erinnerns","embedCode":"<blockquote class=\"wp-embedded-content\" data-secret=\"AGglnC3RAz\"><a href=\"https:\/\/www.haus-des-erinnerns-mainz.de\/index.php\/2022\/01\/14\/zeitsichten-fotoausstellung-zu-rheinland-pfaelzischen-erinnerungsorten\/\">ZeitSichten \u2013 Fotoausstellung zu rheinland-pf\u00e4lzischen Erinnerungsorten<\/a><\/blockquote><iframe sandbox=\"allow-scripts\" security=\"restricted\" src=\"https:\/\/www.haus-des-erinnerns-mainz.de\/index.php\/2022\/01\/14\/zeitsichten-fotoausstellung-zu-rheinland-pfaelzischen-erinnerungsorten\/embed\/#?secret=AGglnC3RAz\" width=\"500\" height=\"350\" title=\"&#8222;ZeitSichten \u2013 Fotoausstellung zu rheinland-pf\u00e4lzischen Erinnerungsorten&#8220; &#8211; Haus des Erinnerns\" data-secret=\"AGglnC3RAz\" frameborder=\"0\" marginwidth=\"0\" marginheight=\"0\" scrolling=\"no\" class=\"wp-embedded-content\"><\/iframe><script type=\"text\/javascript\">\n\/* <![CDATA[ *\/\n\/*! This file is auto-generated *\/\n!function(d,l){\"use strict\";l.querySelector&&d.addEventListener&&\"undefined\"!=typeof URL&&(d.wp=d.wp||{},d.wp.receiveEmbedMessage||(d.wp.receiveEmbedMessage=function(e){var t=e.data;if((t||t.secret||t.message||t.value)&&!\/[^a-zA-Z0-9]\/.test(t.secret)){for(var s,r,n,a=l.querySelectorAll('iframe[data-secret=\"'+t.secret+'\"]'),o=l.querySelectorAll('blockquote[data-secret=\"'+t.secret+'\"]'),c=new RegExp(\"^https?:$\",\"i\"),i=0;i<o.length;i++)o[i].style.display=\"none\";for(i=0;i<a.length;i++)s=a[i],e.source===s.contentWindow&&(s.removeAttribute(\"style\"),\"height\"===t.message?(1e3<(r=parseInt(t.value,10))?r=1e3:~~r<200&&(r=200),s.height=r):\"link\"===t.message&&(r=new URL(s.getAttribute(\"src\")),n=new URL(t.value),c.test(n.protocol))&&n.host===r.host&&l.activeElement===s&&(d.top.location.href=t.value))}},d.addEventListener(\"message\",d.wp.receiveEmbedMessage,!1),l.addEventListener(\"DOMContentLoaded\",function(){for(var e,t,s=l.querySelectorAll(\"iframe.wp-embedded-content\"),r=0;r<s.length;r++)(t=(e=s[r]).getAttribute(\"data-secret\"))||(t=Math.random().toString(36).substring(2,12),e.src+=\"#?secret=\"+t,e.setAttribute(\"data-secret\",t)),e.contentWindow.postMessage({message:\"ready\",secret:t},\"*\")},!1)))}(window,document);\n\/* ]]> *\/\n<\/script>\n"},"_links":{"self":[{"href":"https:\/\/www.haus-des-erinnerns-mainz.de\/index.php\/wp-json\/wp\/v2\/posts\/4764","targetHints":{"allow":["GET"]}}],"collection":[{"href":"https:\/\/www.haus-des-erinnerns-mainz.de\/index.php\/wp-json\/wp\/v2\/posts"}],"about":[{"href":"https:\/\/www.haus-des-erinnerns-mainz.de\/index.php\/wp-json\/wp\/v2\/types\/post"}],"author":[{"embeddable":true,"href":"https:\/\/www.haus-des-erinnerns-mainz.de\/index.php\/wp-json\/wp\/v2\/users\/4"}],"replies":[{"embeddable":true,"href":"https:\/\/www.haus-des-erinnerns-mainz.de\/index.php\/wp-json\/wp\/v2\/comments?post=4764"}],"version-history":[{"count":1,"href":"https:\/\/www.haus-des-erinnerns-mainz.de\/index.php\/wp-json\/wp\/v2\/posts\/4764\/revisions"}],"predecessor-version":[{"id":4766,"href":"https:\/\/www.haus-des-erinnerns-mainz.de\/index.php\/wp-json\/wp\/v2\/posts\/4764\/revisions\/4766"}],"wp:featuredmedia":[{"embeddable":true,"href":"https:\/\/www.haus-des-erinnerns-mainz.de\/index.php\/wp-json\/wp\/v2\/media\/4765"}],"wp:attachment":[{"href":"https:\/\/www.haus-des-erinnerns-mainz.de\/index.php\/wp-json\/wp\/v2\/media?parent=4764"}],"wp:term":[{"taxonomy":"category","embeddable":true,"href":"https:\/\/www.haus-des-erinnerns-mainz.de\/index.php\/wp-json\/wp\/v2\/categories?post=4764"},{"taxonomy":"post_tag","embeddable":true,"href":"https:\/\/www.haus-des-erinnerns-mainz.de\/index.php\/wp-json\/wp\/v2\/tags?post=4764"},{"taxonomy":"series","embeddable":true,"href":"https:\/\/www.haus-des-erinnerns-mainz.de\/index.php\/wp-json\/wp\/v2\/series?post=4764"}],"curies":[{"name":"wp","href":"https:\/\/api.w.org\/{rel}","templated":true}]}}