{"id":4679,"date":"2021-11-11T11:44:15","date_gmt":"2021-11-11T10:44:15","guid":{"rendered":"https:\/\/www.haus-des-erinnerns-mainz.de\/?p=4679"},"modified":"2021-11-15T10:56:06","modified_gmt":"2021-11-15T09:56:06","slug":"beitrag-ueber-zeitzeugin-henriette-kretz","status":"publish","type":"post","link":"https:\/\/www.haus-des-erinnerns-mainz.de\/index.php\/2021\/11\/11\/beitrag-ueber-zeitzeugin-henriette-kretz\/","title":{"rendered":"Beitrag \u00fcber Zeitzeugin Henriette Kretz"},"content":{"rendered":"\n<p>Am 9. November 2021 begr\u00fc\u00dften wir die Zeitzeugin Henriette Kretz in unserem Haus. Die Landesschau Rheinland-Pfalz begleitete ihren Besuch und berichtete auch \u00fcber die anschlie\u00dfende Buchvorstellung in den Mainzer Kammerspielen. Im Austausch mit Henriette Kretz stellte der Autor Reiner Engelmann dort sein neues Buch \u201eHass und Vers\u00f6hnung&#8220; vor.<\/p>\n\n\n\n<iframe loading=\"lazy\" src=\"https:\/\/www.ardmediathek.de\/embed\/Y3JpZDovL3N3ci5kZS9hZXgvbzE1NjI1Nzk\" width=\"640\" height=\"420\" allowfullscreen=\"\" frameborder=\"0\" scrolling=\"no\"><\/iframe>\n\n\n\n<p>Die Zeitzeugin Henriette Kretz wurde 1934 in Stanis\u0142aw\u00f3w, heute Iwano-Frankiwsk, Ukraine, geboren und wuchs als Einzelkind in einer j\u00fcdischen Familie auf. Die Verfolgung ihrer Familie begann unmittelbar mit dem deutschen \u00dcberfall auf Polen im September 1939. Henriette Kretz \u00fcberlebte die deutsche Judenverfolgung in verschiedenen Verstecken. Als die Familie nach einem Verrat abgef\u00fchrt wurde, wehrte sich ihr Vater und hie\u00df seine Tochter wegzulaufen. Im Rennen h\u00f6rte sie zwei Sch\u00fcsse und wie die Schreie ihrer Eltern verstummten. Sie schaffte es, allein unentdeckt zu einem katholischen Waisenhaus zu gelangen und dort bis Kriegsende unterzuschl\u00fcpfen.<\/p>\n\n\n\n<p><\/p>\n","protected":false},"excerpt":{"rendered":"<p>Am 9. November 2021 begr\u00fc\u00dften wir die Zeitzeugin Henriette Kretz in unserem Haus. Die Landesschau Rheinland-Pfalz begleitete ihren Besuch und berichtete auch \u00fcber die anschlie\u00dfende Buchvorstellung in den Mainzer Kammerspielen. Im Austausch mit Henriette Kretz stellte der Autor Reiner Engelmann dort sein neues Buch \u201eHass und Vers\u00f6hnung&#8220; vor. Die Zeitzeugin&#8230;<\/p>\n<p> <a class=\"continue-reading-link\" href=\"https:\/\/www.haus-des-erinnerns-mainz.de\/index.php\/2021\/11\/11\/beitrag-ueber-zeitzeugin-henriette-kretz\/\"><span>Weiterlesen<\/span><i class=\"crycon-right-dir\"><\/i><\/a> <\/p>\n","protected":false},"author":4,"featured_media":4703,"comment_status":"open","ping_status":"open","sticky":false,"template":"","format":"standard","meta":{"episode_type":"audio","audio_file":"","podmotor_file_id":"","podmotor_episode_id":"","cover_image":"","cover_image_id":"","duration":"","filesize":"","filesize_raw":"","date_recorded":"","explicit":"","block":"","ngg_post_thumbnail":0,"_price":"","_stock":"","_tribe_ticket_header":"","_tribe_default_ticket_provider":"","_tribe_ticket_capacity":"0","_ticket_start_date":"","_ticket_end_date":"","_tribe_ticket_show_description":"","_tribe_ticket_show_not_going":false,"_tribe_ticket_use_global_stock":"","_tribe_ticket_global_stock_level":"","_global_stock_mode":"","_global_stock_cap":"","_tribe_rsvp_for_event":"","_tribe_ticket_going_count":"","_tribe_ticket_not_going_count":"","_tribe_tickets_list":"[]","_tribe_ticket_has_attendee_info_fields":false,"footnotes":""},"categories":[75,1],"tags":[5,49,16,14,122,12,321,92],"series":[547],"class_list":["post-4679","post","type-post","status-publish","format-standard","has-post-thumbnail","hentry","category-aktuelles","category-allgemein","tag-buchvorstellung","tag-diskussion","tag-frauen","tag-lesung","tag-nationalsozialismus","tag-vortrag","tag-zeitzeugen","tag-zeitzeugengespraech","series-haus-des-erinnerns"],"episode_featured_image":"https:\/\/www.haus-des-erinnerns-mainz.de\/wp-content\/uploads\/2021\/11\/IMG_5944-scaled.jpg","episode_player_image":"https:\/\/www.haus-des-erinnerns-mainz.de\/wp-content\/plugins\/seriously-simple-podcasting\/assets\/images\/no-album-art.png","download_link":"","player_link":"","audio_player":false,"episode_data":{"playerMode":"dark","subscribeUrls":[],"rssFeedUrl":"https:\/\/www.haus-des-erinnerns-mainz.de\/feed\/podcast\/haus-des-erinnerns","embedCode":"<blockquote class=\"wp-embedded-content\" data-secret=\"NUWH9GCZna\"><a href=\"https:\/\/www.haus-des-erinnerns-mainz.de\/index.php\/2021\/11\/11\/beitrag-ueber-zeitzeugin-henriette-kretz\/\">Beitrag \u00fcber Zeitzeugin Henriette Kretz<\/a><\/blockquote><iframe sandbox=\"allow-scripts\" security=\"restricted\" src=\"https:\/\/www.haus-des-erinnerns-mainz.de\/index.php\/2021\/11\/11\/beitrag-ueber-zeitzeugin-henriette-kretz\/embed\/#?secret=NUWH9GCZna\" width=\"500\" height=\"350\" title=\"&#8222;Beitrag \u00fcber Zeitzeugin Henriette Kretz&#8220; &#8211; Haus des Erinnerns\" data-secret=\"NUWH9GCZna\" frameborder=\"0\" marginwidth=\"0\" marginheight=\"0\" scrolling=\"no\" class=\"wp-embedded-content\"><\/iframe><script type=\"text\/javascript\">\n\/* <![CDATA[ *\/\n\/*! This file is auto-generated *\/\n!function(d,l){\"use strict\";l.querySelector&&d.addEventListener&&\"undefined\"!=typeof URL&&(d.wp=d.wp||{},d.wp.receiveEmbedMessage||(d.wp.receiveEmbedMessage=function(e){var t=e.data;if((t||t.secret||t.message||t.value)&&!\/[^a-zA-Z0-9]\/.test(t.secret)){for(var s,r,n,a=l.querySelectorAll('iframe[data-secret=\"'+t.secret+'\"]'),o=l.querySelectorAll('blockquote[data-secret=\"'+t.secret+'\"]'),c=new RegExp(\"^https?:$\",\"i\"),i=0;i<o.length;i++)o[i].style.display=\"none\";for(i=0;i<a.length;i++)s=a[i],e.source===s.contentWindow&&(s.removeAttribute(\"style\"),\"height\"===t.message?(1e3<(r=parseInt(t.value,10))?r=1e3:~~r<200&&(r=200),s.height=r):\"link\"===t.message&&(r=new URL(s.getAttribute(\"src\")),n=new URL(t.value),c.test(n.protocol))&&n.host===r.host&&l.activeElement===s&&(d.top.location.href=t.value))}},d.addEventListener(\"message\",d.wp.receiveEmbedMessage,!1),l.addEventListener(\"DOMContentLoaded\",function(){for(var e,t,s=l.querySelectorAll(\"iframe.wp-embedded-content\"),r=0;r<s.length;r++)(t=(e=s[r]).getAttribute(\"data-secret\"))||(t=Math.random().toString(36).substring(2,12),e.src+=\"#?secret=\"+t,e.setAttribute(\"data-secret\",t)),e.contentWindow.postMessage({message:\"ready\",secret:t},\"*\")},!1)))}(window,document);\n\/* ]]> *\/\n<\/script>\n"},"_links":{"self":[{"href":"https:\/\/www.haus-des-erinnerns-mainz.de\/index.php\/wp-json\/wp\/v2\/posts\/4679","targetHints":{"allow":["GET"]}}],"collection":[{"href":"https:\/\/www.haus-des-erinnerns-mainz.de\/index.php\/wp-json\/wp\/v2\/posts"}],"about":[{"href":"https:\/\/www.haus-des-erinnerns-mainz.de\/index.php\/wp-json\/wp\/v2\/types\/post"}],"author":[{"embeddable":true,"href":"https:\/\/www.haus-des-erinnerns-mainz.de\/index.php\/wp-json\/wp\/v2\/users\/4"}],"replies":[{"embeddable":true,"href":"https:\/\/www.haus-des-erinnerns-mainz.de\/index.php\/wp-json\/wp\/v2\/comments?post=4679"}],"version-history":[{"count":7,"href":"https:\/\/www.haus-des-erinnerns-mainz.de\/index.php\/wp-json\/wp\/v2\/posts\/4679\/revisions"}],"predecessor-version":[{"id":4716,"href":"https:\/\/www.haus-des-erinnerns-mainz.de\/index.php\/wp-json\/wp\/v2\/posts\/4679\/revisions\/4716"}],"wp:featuredmedia":[{"embeddable":true,"href":"https:\/\/www.haus-des-erinnerns-mainz.de\/index.php\/wp-json\/wp\/v2\/media\/4703"}],"wp:attachment":[{"href":"https:\/\/www.haus-des-erinnerns-mainz.de\/index.php\/wp-json\/wp\/v2\/media?parent=4679"}],"wp:term":[{"taxonomy":"category","embeddable":true,"href":"https:\/\/www.haus-des-erinnerns-mainz.de\/index.php\/wp-json\/wp\/v2\/categories?post=4679"},{"taxonomy":"post_tag","embeddable":true,"href":"https:\/\/www.haus-des-erinnerns-mainz.de\/index.php\/wp-json\/wp\/v2\/tags?post=4679"},{"taxonomy":"series","embeddable":true,"href":"https:\/\/www.haus-des-erinnerns-mainz.de\/index.php\/wp-json\/wp\/v2\/series?post=4679"}],"curies":[{"name":"wp","href":"https:\/\/api.w.org\/{rel}","templated":true}]}}