{"id":4654,"date":"2021-11-03T10:46:05","date_gmt":"2021-11-03T09:46:05","guid":{"rendered":"https:\/\/www.haus-des-erinnerns-mainz.de\/?p=4654"},"modified":"2021-11-03T10:46:09","modified_gmt":"2021-11-03T09:46:09","slug":"jugendforum-mainz-treffen","status":"publish","type":"post","link":"https:\/\/www.haus-des-erinnerns-mainz.de\/index.php\/2021\/11\/03\/jugendforum-mainz-treffen\/","title":{"rendered":"Jugendforum Mainz: N\u00e4chstes Treffen am 8.11.2021"},"content":{"rendered":"\n<p>Am 8.11.2021 trifft sich das Jugendforum Mainz digital ab 17.00 Uhr. Alle Interessierten sind herzlich zu dem Treffen eingeladen. Anmeldungen zu den Treffen sind jederzeit per Mail an jufo[at]haus-des-erinnerns-mainz.de oder \u00fcber Instagram unter\u00a0<a href=\"https:\/\/www.instagram.com\/hde_jufo_mainz\/\">@hde_jufo_mainz<\/a> m\u00f6glich.<\/p>\n\n\n\n<p>Das Jugendforum (JuFo) vertritt die Interessen von allen Kindern und Jugendlichen aus Mainz. Ziel ist es, dass ihr euch im JuFo mit anderen austauschen k\u00f6nnt und die M\u00f6glichkeit erhaltet, eigene Projekte umzusetzen. Wir helfen euch bei der Umsetzung und der Finanzierung.&nbsp;<strong>Alle aktuellen Veranstaltungen und Termine findet ihr&nbsp;<a href=\"https:\/\/www.haus-des-erinnerns-mainz.de\/wp-admin\/post.php?post=2486&amp;action=edit\">hier<\/a>.<\/strong><\/p>\n\n\n\n<p><strong>Das JuFo wird von euch f\u00fcr euch gestaltet<\/strong>: Das hei\u00dft, wir bieten euch einen Raum und finanzielle und organisatorische Unters\u00fctzung. Alles andere bestimmt ihr. Gemeinsam mit den anderen entscheidet ihr, \u00fcber welche Themen ihr sprechen wollt, welche Projekte umgesetzt werden sollen, wann ihr euch treffen m\u00f6chtet, \u2026<\/p>\n\n\n\n<p>Das Jugendforum steht allen offen, die Interesse haben, mitzumachen. Ihr d\u00fcrft selbst entscheiden, wann, wie oft und durch was ihr euch beteiligen wollt.\u00a0<strong>Ihr habt Interesse am Jugendforum?<\/strong>\u00a0Meldet euch bei uns oder kommt zum n\u00e4chsten Treffen.\u00a0<\/p>\n\n\n\n<figure class=\"wp-block-image size-large\"><img loading=\"lazy\" decoding=\"async\" width=\"1024\" height=\"154\" src=\"https:\/\/www.haus-des-erinnerns-mainz.de\/wp-content\/uploads\/2021\/09\/JuFo_LOGO_schwarz_Stand_8_2021_vektor-1024x154.png\" alt=\"\" class=\"wp-image-4622\" srcset=\"https:\/\/www.haus-des-erinnerns-mainz.de\/wp-content\/uploads\/2021\/09\/JuFo_LOGO_schwarz_Stand_8_2021_vektor-1024x154.png 1024w, https:\/\/www.haus-des-erinnerns-mainz.de\/wp-content\/uploads\/2021\/09\/JuFo_LOGO_schwarz_Stand_8_2021_vektor-300x45.png 300w, https:\/\/www.haus-des-erinnerns-mainz.de\/wp-content\/uploads\/2021\/09\/JuFo_LOGO_schwarz_Stand_8_2021_vektor-768x115.png 768w, https:\/\/www.haus-des-erinnerns-mainz.de\/wp-content\/uploads\/2021\/09\/JuFo_LOGO_schwarz_Stand_8_2021_vektor-1536x230.png 1536w, https:\/\/www.haus-des-erinnerns-mainz.de\/wp-content\/uploads\/2021\/09\/JuFo_LOGO_schwarz_Stand_8_2021_vektor-2048x307.png 2048w, https:\/\/www.haus-des-erinnerns-mainz.de\/wp-content\/uploads\/2021\/09\/JuFo_LOGO_schwarz_Stand_8_2021_vektor-150x23.png 150w, https:\/\/www.haus-des-erinnerns-mainz.de\/wp-content\/uploads\/2021\/09\/JuFo_LOGO_schwarz_Stand_8_2021_vektor-1200x180.png 1200w\" sizes=\"auto, (max-width: 1024px) 100vw, 1024px\" \/><\/figure>\n","protected":false},"excerpt":{"rendered":"<p>Am 8.11.2021 trifft sich das Jugendforum Mainz digital ab 17.00 Uhr. Alle Interessierten sind herzlich zu dem Treffen eingeladen. Anmeldungen zu den Treffen sind jederzeit per Mail an jufo[at]haus-des-erinnerns-mainz.de oder \u00fcber Instagram unter\u00a0@hde_jufo_mainz m\u00f6glich. Das Jugendforum (JuFo) vertritt die Interessen von allen Kindern und Jugendlichen aus Mainz. Ziel ist es,&#8230;<\/p>\n<p> <a class=\"continue-reading-link\" href=\"https:\/\/www.haus-des-erinnerns-mainz.de\/index.php\/2021\/11\/03\/jugendforum-mainz-treffen\/\"><span>Weiterlesen<\/span><i class=\"crycon-right-dir\"><\/i><\/a> <\/p>\n","protected":false},"author":4,"featured_media":4622,"comment_status":"open","ping_status":"open","sticky":false,"template":"","format":"standard","meta":{"episode_type":"audio","audio_file":"","podmotor_file_id":"","podmotor_episode_id":"","cover_image":"","cover_image_id":"","duration":"","filesize":"","filesize_raw":"","date_recorded":"","explicit":"","block":"","ngg_post_thumbnail":0,"_price":"","_stock":"","_tribe_ticket_header":"","_tribe_default_ticket_provider":"","_tribe_ticket_capacity":"0","_ticket_start_date":"","_ticket_end_date":"","_tribe_ticket_show_description":"","_tribe_ticket_show_not_going":false,"_tribe_ticket_use_global_stock":"","_tribe_ticket_global_stock_level":"","_global_stock_mode":"","_global_stock_cap":"","_tribe_rsvp_for_event":"","_tribe_ticket_going_count":"","_tribe_ticket_not_going_count":"","_tribe_tickets_list":"[]","_tribe_ticket_has_attendee_info_fields":false,"footnotes":""},"categories":[75],"tags":[319,109,238,294,288],"series":[547],"class_list":["post-4654","post","type-post","status-publish","format-standard","has-post-thumbnail","hentry","category-aktuelles","tag-beteiligung","tag-demokratie","tag-jugendforum","tag-jugendforummainz","tag-partizipation","series-haus-des-erinnerns"],"episode_featured_image":"https:\/\/www.haus-des-erinnerns-mainz.de\/wp-content\/uploads\/2021\/09\/JuFo_LOGO_schwarz_Stand_8_2021_vektor.png","episode_player_image":"https:\/\/www.haus-des-erinnerns-mainz.de\/wp-content\/plugins\/seriously-simple-podcasting\/assets\/images\/no-album-art.png","download_link":"","player_link":"","audio_player":false,"episode_data":{"playerMode":"dark","subscribeUrls":[],"rssFeedUrl":"https:\/\/www.haus-des-erinnerns-mainz.de\/feed\/podcast\/haus-des-erinnerns","embedCode":"<blockquote class=\"wp-embedded-content\" data-secret=\"O9tkyrUfkF\"><a href=\"https:\/\/www.haus-des-erinnerns-mainz.de\/index.php\/2021\/11\/03\/jugendforum-mainz-treffen\/\">Jugendforum Mainz: N\u00e4chstes Treffen am 8.11.2021<\/a><\/blockquote><iframe sandbox=\"allow-scripts\" security=\"restricted\" src=\"https:\/\/www.haus-des-erinnerns-mainz.de\/index.php\/2021\/11\/03\/jugendforum-mainz-treffen\/embed\/#?secret=O9tkyrUfkF\" width=\"500\" height=\"350\" title=\"&#8222;Jugendforum Mainz: N\u00e4chstes Treffen am 8.11.2021&#8220; &#8211; Haus des Erinnerns\" data-secret=\"O9tkyrUfkF\" frameborder=\"0\" marginwidth=\"0\" marginheight=\"0\" scrolling=\"no\" class=\"wp-embedded-content\"><\/iframe><script type=\"text\/javascript\">\n\/* <![CDATA[ *\/\n\/*! This file is auto-generated *\/\n!function(d,l){\"use strict\";l.querySelector&&d.addEventListener&&\"undefined\"!=typeof URL&&(d.wp=d.wp||{},d.wp.receiveEmbedMessage||(d.wp.receiveEmbedMessage=function(e){var t=e.data;if((t||t.secret||t.message||t.value)&&!\/[^a-zA-Z0-9]\/.test(t.secret)){for(var s,r,n,a=l.querySelectorAll('iframe[data-secret=\"'+t.secret+'\"]'),o=l.querySelectorAll('blockquote[data-secret=\"'+t.secret+'\"]'),c=new RegExp(\"^https?:$\",\"i\"),i=0;i<o.length;i++)o[i].style.display=\"none\";for(i=0;i<a.length;i++)s=a[i],e.source===s.contentWindow&&(s.removeAttribute(\"style\"),\"height\"===t.message?(1e3<(r=parseInt(t.value,10))?r=1e3:~~r<200&&(r=200),s.height=r):\"link\"===t.message&&(r=new URL(s.getAttribute(\"src\")),n=new URL(t.value),c.test(n.protocol))&&n.host===r.host&&l.activeElement===s&&(d.top.location.href=t.value))}},d.addEventListener(\"message\",d.wp.receiveEmbedMessage,!1),l.addEventListener(\"DOMContentLoaded\",function(){for(var e,t,s=l.querySelectorAll(\"iframe.wp-embedded-content\"),r=0;r<s.length;r++)(t=(e=s[r]).getAttribute(\"data-secret\"))||(t=Math.random().toString(36).substring(2,12),e.src+=\"#?secret=\"+t,e.setAttribute(\"data-secret\",t)),e.contentWindow.postMessage({message:\"ready\",secret:t},\"*\")},!1)))}(window,document);\n\/* ]]> *\/\n<\/script>\n"},"_links":{"self":[{"href":"https:\/\/www.haus-des-erinnerns-mainz.de\/index.php\/wp-json\/wp\/v2\/posts\/4654","targetHints":{"allow":["GET"]}}],"collection":[{"href":"https:\/\/www.haus-des-erinnerns-mainz.de\/index.php\/wp-json\/wp\/v2\/posts"}],"about":[{"href":"https:\/\/www.haus-des-erinnerns-mainz.de\/index.php\/wp-json\/wp\/v2\/types\/post"}],"author":[{"embeddable":true,"href":"https:\/\/www.haus-des-erinnerns-mainz.de\/index.php\/wp-json\/wp\/v2\/users\/4"}],"replies":[{"embeddable":true,"href":"https:\/\/www.haus-des-erinnerns-mainz.de\/index.php\/wp-json\/wp\/v2\/comments?post=4654"}],"version-history":[{"count":3,"href":"https:\/\/www.haus-des-erinnerns-mainz.de\/index.php\/wp-json\/wp\/v2\/posts\/4654\/revisions"}],"predecessor-version":[{"id":4657,"href":"https:\/\/www.haus-des-erinnerns-mainz.de\/index.php\/wp-json\/wp\/v2\/posts\/4654\/revisions\/4657"}],"wp:featuredmedia":[{"embeddable":true,"href":"https:\/\/www.haus-des-erinnerns-mainz.de\/index.php\/wp-json\/wp\/v2\/media\/4622"}],"wp:attachment":[{"href":"https:\/\/www.haus-des-erinnerns-mainz.de\/index.php\/wp-json\/wp\/v2\/media?parent=4654"}],"wp:term":[{"taxonomy":"category","embeddable":true,"href":"https:\/\/www.haus-des-erinnerns-mainz.de\/index.php\/wp-json\/wp\/v2\/categories?post=4654"},{"taxonomy":"post_tag","embeddable":true,"href":"https:\/\/www.haus-des-erinnerns-mainz.de\/index.php\/wp-json\/wp\/v2\/tags?post=4654"},{"taxonomy":"series","embeddable":true,"href":"https:\/\/www.haus-des-erinnerns-mainz.de\/index.php\/wp-json\/wp\/v2\/series?post=4654"}],"curies":[{"name":"wp","href":"https:\/\/api.w.org\/{rel}","templated":true}]}}