{"id":4265,"date":"2021-08-18T11:06:29","date_gmt":"2021-08-18T09:06:29","guid":{"rendered":"https:\/\/www.haus-des-erinnerns-mainz.de\/?p=4265"},"modified":"2021-08-18T11:06:31","modified_gmt":"2021-08-18T09:06:31","slug":"podiumsdiskussion","status":"publish","type":"post","link":"https:\/\/www.haus-des-erinnerns-mainz.de\/index.php\/2021\/08\/18\/podiumsdiskussion\/","title":{"rendered":"Podiumsdiskussion zur Bundestagswahl"},"content":{"rendered":"\n<p>In Kooperation mit dem Stadtjugendring veranstaltet unser <a href=\"https:\/\/www.haus-des-erinnerns-mainz.de\/index.php\/projekte-ausstellungen\/projekte\/jugendforum\/\">Jugendforum Mainz<\/a> am 2. September 2021 um 19.00 Uhr eine Podiumsdiskussion zur Bundestagswahl im Alten Postlager:<\/p>\n\n\n\n<p>Gemeinsam mit den Mainzer Kandidierenden f\u00fcr die Bundestagswahl wollen wir \u00fcber die Themen sprechen, die die Jugendlichen aktuell besch\u00e4ftigen und die (m\u00f6glicherweise) auch bei der Bundestagswahl beziehungsweise f\u00fcr die Regierung danach von Bedeutung sein sollten. Mit dabei sind Daniel Baldy (SPD), eine Vertretung f\u00fcr Ursula Groden-Kranich (CDU), Tabea R\u00f6\u00dfner (B\u00fcndnis 90\/Die Gr\u00fcnen), Friedrich Sartorius (FDP) sowie Tupac Orellana (DIE LINKE).<\/p>\n\n\n\n<p>Die Veranstaltung richtet sich insbesondere an junge W\u00e4hler*innen.<\/p>\n\n\n\n<p>Weitere Informationen finden sich auf der <a href=\"http:\/\/sjr-mainz.de\/ueberblick-der-aktivitaeten-im-stadtjugendring\/\">Stadtjugendring-<\/a>Homepage. <\/p>\n\n\n\n<figure class=\"wp-block-image size-large\"><img loading=\"lazy\" decoding=\"async\" width=\"1024\" height=\"536\" src=\"https:\/\/www.haus-des-erinnerns-mainz.de\/wp-content\/uploads\/2021\/08\/Veranstaltung_BTW_Savethedate_quer-1024x536.jpg\" alt=\"\" class=\"wp-image-4267\" srcset=\"https:\/\/www.haus-des-erinnerns-mainz.de\/wp-content\/uploads\/2021\/08\/Veranstaltung_BTW_Savethedate_quer-1024x536.jpg 1024w, https:\/\/www.haus-des-erinnerns-mainz.de\/wp-content\/uploads\/2021\/08\/Veranstaltung_BTW_Savethedate_quer-300x157.jpg 300w, https:\/\/www.haus-des-erinnerns-mainz.de\/wp-content\/uploads\/2021\/08\/Veranstaltung_BTW_Savethedate_quer-768x402.jpg 768w, https:\/\/www.haus-des-erinnerns-mainz.de\/wp-content\/uploads\/2021\/08\/Veranstaltung_BTW_Savethedate_quer-150x79.jpg 150w, https:\/\/www.haus-des-erinnerns-mainz.de\/wp-content\/uploads\/2021\/08\/Veranstaltung_BTW_Savethedate_quer.jpg 1200w\" sizes=\"auto, (max-width: 1024px) 100vw, 1024px\" \/><\/figure>\n","protected":false},"excerpt":{"rendered":"<p>In Kooperation mit dem Stadtjugendring veranstaltet unser Jugendforum Mainz am 2. September 2021 um 19.00 Uhr eine Podiumsdiskussion zur Bundestagswahl im Alten Postlager: Gemeinsam mit den Mainzer Kandidierenden f\u00fcr die Bundestagswahl wollen wir \u00fcber die Themen sprechen, die die Jugendlichen aktuell besch\u00e4ftigen und die (m\u00f6glicherweise) auch bei der Bundestagswahl beziehungsweise&#8230;<\/p>\n<p> <a class=\"continue-reading-link\" href=\"https:\/\/www.haus-des-erinnerns-mainz.de\/index.php\/2021\/08\/18\/podiumsdiskussion\/\"><span>Weiterlesen<\/span><i class=\"crycon-right-dir\"><\/i><\/a> <\/p>\n","protected":false},"author":4,"featured_media":4266,"comment_status":"closed","ping_status":"closed","sticky":false,"template":"","format":"standard","meta":{"episode_type":"audio","audio_file":"","podmotor_file_id":"","podmotor_episode_id":"","cover_image":"","cover_image_id":"","duration":"","filesize":"","filesize_raw":"","date_recorded":"","explicit":"","block":"","ngg_post_thumbnail":0,"_price":"","_stock":"","_tribe_ticket_header":"","_tribe_default_ticket_provider":"","_tribe_ticket_capacity":"0","_ticket_start_date":"","_ticket_end_date":"","_tribe_ticket_show_description":"","_tribe_ticket_show_not_going":false,"_tribe_ticket_use_global_stock":"","_tribe_ticket_global_stock_level":"","_global_stock_mode":"","_global_stock_cap":"","_tribe_rsvp_for_event":"","_tribe_ticket_going_count":"","_tribe_ticket_not_going_count":"","_tribe_tickets_list":"[]","_tribe_ticket_has_attendee_info_fields":false,"footnotes":""},"categories":[75,1],"tags":[109,238,274,275,91],"series":[547],"class_list":["post-4265","post","type-post","status-publish","format-standard","has-post-thumbnail","hentry","category-aktuelles","category-allgemein","tag-demokratie","tag-jugendforum","tag-podiumsdiskussion","tag-politik","tag-veranstaltung","series-haus-des-erinnerns"],"episode_featured_image":"https:\/\/www.haus-des-erinnerns-mainz.de\/wp-content\/uploads\/2021\/08\/Veranstaltung_BTW_Savethedate.jpg","episode_player_image":"https:\/\/www.haus-des-erinnerns-mainz.de\/wp-content\/plugins\/seriously-simple-podcasting\/assets\/images\/no-album-art.png","download_link":"","player_link":"","audio_player":false,"episode_data":{"playerMode":"dark","subscribeUrls":[],"rssFeedUrl":"https:\/\/www.haus-des-erinnerns-mainz.de\/feed\/podcast\/haus-des-erinnerns","embedCode":"<blockquote class=\"wp-embedded-content\" data-secret=\"zlqRmXycMM\"><a href=\"https:\/\/www.haus-des-erinnerns-mainz.de\/index.php\/2021\/08\/18\/podiumsdiskussion\/\">Podiumsdiskussion zur Bundestagswahl<\/a><\/blockquote><iframe sandbox=\"allow-scripts\" security=\"restricted\" src=\"https:\/\/www.haus-des-erinnerns-mainz.de\/index.php\/2021\/08\/18\/podiumsdiskussion\/embed\/#?secret=zlqRmXycMM\" width=\"500\" height=\"350\" title=\"&#8222;Podiumsdiskussion zur Bundestagswahl&#8220; &#8211; Haus des Erinnerns\" data-secret=\"zlqRmXycMM\" frameborder=\"0\" marginwidth=\"0\" marginheight=\"0\" scrolling=\"no\" class=\"wp-embedded-content\"><\/iframe><script type=\"text\/javascript\">\n\/* <![CDATA[ *\/\n\/*! This file is auto-generated *\/\n!function(d,l){\"use strict\";l.querySelector&&d.addEventListener&&\"undefined\"!=typeof URL&&(d.wp=d.wp||{},d.wp.receiveEmbedMessage||(d.wp.receiveEmbedMessage=function(e){var t=e.data;if((t||t.secret||t.message||t.value)&&!\/[^a-zA-Z0-9]\/.test(t.secret)){for(var s,r,n,a=l.querySelectorAll('iframe[data-secret=\"'+t.secret+'\"]'),o=l.querySelectorAll('blockquote[data-secret=\"'+t.secret+'\"]'),c=new RegExp(\"^https?:$\",\"i\"),i=0;i<o.length;i++)o[i].style.display=\"none\";for(i=0;i<a.length;i++)s=a[i],e.source===s.contentWindow&&(s.removeAttribute(\"style\"),\"height\"===t.message?(1e3<(r=parseInt(t.value,10))?r=1e3:~~r<200&&(r=200),s.height=r):\"link\"===t.message&&(r=new URL(s.getAttribute(\"src\")),n=new URL(t.value),c.test(n.protocol))&&n.host===r.host&&l.activeElement===s&&(d.top.location.href=t.value))}},d.addEventListener(\"message\",d.wp.receiveEmbedMessage,!1),l.addEventListener(\"DOMContentLoaded\",function(){for(var e,t,s=l.querySelectorAll(\"iframe.wp-embedded-content\"),r=0;r<s.length;r++)(t=(e=s[r]).getAttribute(\"data-secret\"))||(t=Math.random().toString(36).substring(2,12),e.src+=\"#?secret=\"+t,e.setAttribute(\"data-secret\",t)),e.contentWindow.postMessage({message:\"ready\",secret:t},\"*\")},!1)))}(window,document);\n\/* ]]> *\/\n<\/script>\n"},"_links":{"self":[{"href":"https:\/\/www.haus-des-erinnerns-mainz.de\/index.php\/wp-json\/wp\/v2\/posts\/4265","targetHints":{"allow":["GET"]}}],"collection":[{"href":"https:\/\/www.haus-des-erinnerns-mainz.de\/index.php\/wp-json\/wp\/v2\/posts"}],"about":[{"href":"https:\/\/www.haus-des-erinnerns-mainz.de\/index.php\/wp-json\/wp\/v2\/types\/post"}],"author":[{"embeddable":true,"href":"https:\/\/www.haus-des-erinnerns-mainz.de\/index.php\/wp-json\/wp\/v2\/users\/4"}],"replies":[{"embeddable":true,"href":"https:\/\/www.haus-des-erinnerns-mainz.de\/index.php\/wp-json\/wp\/v2\/comments?post=4265"}],"version-history":[{"count":2,"href":"https:\/\/www.haus-des-erinnerns-mainz.de\/index.php\/wp-json\/wp\/v2\/posts\/4265\/revisions"}],"predecessor-version":[{"id":4269,"href":"https:\/\/www.haus-des-erinnerns-mainz.de\/index.php\/wp-json\/wp\/v2\/posts\/4265\/revisions\/4269"}],"wp:featuredmedia":[{"embeddable":true,"href":"https:\/\/www.haus-des-erinnerns-mainz.de\/index.php\/wp-json\/wp\/v2\/media\/4266"}],"wp:attachment":[{"href":"https:\/\/www.haus-des-erinnerns-mainz.de\/index.php\/wp-json\/wp\/v2\/media?parent=4265"}],"wp:term":[{"taxonomy":"category","embeddable":true,"href":"https:\/\/www.haus-des-erinnerns-mainz.de\/index.php\/wp-json\/wp\/v2\/categories?post=4265"},{"taxonomy":"post_tag","embeddable":true,"href":"https:\/\/www.haus-des-erinnerns-mainz.de\/index.php\/wp-json\/wp\/v2\/tags?post=4265"},{"taxonomy":"series","embeddable":true,"href":"https:\/\/www.haus-des-erinnerns-mainz.de\/index.php\/wp-json\/wp\/v2\/series?post=4265"}],"curies":[{"name":"wp","href":"https:\/\/api.w.org\/{rel}","templated":true}]}}