{"id":4126,"date":"2021-08-04T14:58:52","date_gmt":"2021-08-04T12:58:52","guid":{"rendered":"https:\/\/www.haus-des-erinnerns-mainz.de\/?p=4126"},"modified":"2021-08-04T14:58:54","modified_gmt":"2021-08-04T12:58:54","slug":"neue-interviewreihe-1700-jahre","status":"publish","type":"post","link":"https:\/\/www.haus-des-erinnerns-mainz.de\/index.php\/2021\/08\/04\/neue-interviewreihe-1700-jahre\/","title":{"rendered":"Neue Interviewreihe \u201e1700 Jahre\u201d"},"content":{"rendered":"\n<p>Seit 1700 Jahren leben J\u00fcdinnen*Juden nachweislich auf dem Gebiet des heutigen Deutschlands. Anl\u00e4sslich des bedeutenden Erbes sowie der historischen und gegenw\u00e4rtigen Vielf\u00e4ltigkeit j\u00fcdischen Lebens wurde 2021 als Festjahr<strong>\u00a0\u201e1700 Jahre j\u00fcdisches Leben in Deutschland\u201d\u00a0<\/strong>ausgerufen. Bundesweit werden in diesem Festjahr unz\u00e4hlige Veranstaltungen und Projekte ausgerichtet, die j\u00fcdisches Leben sichtbar machen und dessen Geschichte w\u00fcrdigen.<\/p>\n\n\n\n<figure class=\"wp-block-image size-large\"><img loading=\"lazy\" decoding=\"async\" width=\"989\" height=\"192\" src=\"https:\/\/www.haus-des-erinnerns-mainz.de\/wp-content\/uploads\/2021\/08\/Logo_1700_Jahre_Entwurf1.jpg\" alt=\"\" class=\"wp-image-4128\" srcset=\"https:\/\/www.haus-des-erinnerns-mainz.de\/wp-content\/uploads\/2021\/08\/Logo_1700_Jahre_Entwurf1.jpg 989w, https:\/\/www.haus-des-erinnerns-mainz.de\/wp-content\/uploads\/2021\/08\/Logo_1700_Jahre_Entwurf1-300x58.jpg 300w, https:\/\/www.haus-des-erinnerns-mainz.de\/wp-content\/uploads\/2021\/08\/Logo_1700_Jahre_Entwurf1-768x149.jpg 768w, https:\/\/www.haus-des-erinnerns-mainz.de\/wp-content\/uploads\/2021\/08\/Logo_1700_Jahre_Entwurf1-150x29.jpg 150w\" sizes=\"auto, (max-width: 989px) 100vw, 989px\" \/><\/figure>\n\n\n\n<p>Auch das \u201eHaus des Erinnerns \u2013 f\u00fcr Demokratie und Akzeptanz Mainz\u201d begeht das Festjahr \u201e1700 Jahre j\u00fcdisches Leben in Deutschland\u201d mit eigenen Veranstaltungen und Kampagnen.\u00a0<strong>Wir freuen uns, auch unsere Interviewreihe \u201e1700 Jahre\u201d anl\u00e4sslich des Festjahres ins Leben rufen zu k\u00f6nnen.<\/strong>\u00a0Die Reihe widmet sich Pers\u00f6nlichkeiten und Initiativen, die uns in den kommenden Wochen einen Einblick in das vielf\u00e4ltige j\u00fcdische Leben in Deutschland geben werden. Verschiedene regionale und \u00fcberregionale Interviewpartner*innen werden mit uns im Zuge der Reihe sprechen \u2013 \u00fcber ihr pers\u00f6nliches Engagement, \u00fcber Aufkl\u00e4rungsarbeit und j\u00fcdisches Leben, aber auch \u00fcber j\u00fcdische K\u00fcche und Alltagsleben.<\/p>\n\n\n\n<p>Alle Interviews werden schriftlich auf unserer Homepage <a href=\"https:\/\/www.haus-des-erinnerns-mainz.de\/index.php\/projekte-ausstellungen\/projekte\/1700-jahre\/\">hier <\/a>ver\u00f6ffentlicht. \u00dcber unsere <a href=\"https:\/\/twitter.com\/HdE_Mainz\">Twitter<\/a>&#8211; und <a href=\"https:\/\/twitter.com\/HdE_Mainz\">Instagram<\/a>-Accounts sowie unseren Newsletter informieren wir regelm\u00e4\u00dfig \u00fcber neu ver\u00f6ffentlichte Interviews. <\/p>\n","protected":false},"excerpt":{"rendered":"<p>Seit 1700 Jahren leben J\u00fcdinnen*Juden nachweislich auf dem Gebiet des heutigen Deutschlands. Anl\u00e4sslich des bedeutenden Erbes sowie der historischen und gegenw\u00e4rtigen Vielf\u00e4ltigkeit j\u00fcdischen Lebens wurde 2021 als Festjahr\u00a0\u201e1700 Jahre j\u00fcdisches Leben in Deutschland\u201d\u00a0ausgerufen. Bundesweit werden in diesem Festjahr unz\u00e4hlige Veranstaltungen und Projekte ausgerichtet, die j\u00fcdisches Leben sichtbar machen und dessen&#8230;<\/p>\n<p> <a class=\"continue-reading-link\" href=\"https:\/\/www.haus-des-erinnerns-mainz.de\/index.php\/2021\/08\/04\/neue-interviewreihe-1700-jahre\/\"><span>Weiterlesen<\/span><i class=\"crycon-right-dir\"><\/i><\/a> <\/p>\n","protected":false},"author":4,"featured_media":4127,"comment_status":"closed","ping_status":"closed","sticky":false,"template":"","format":"standard","meta":{"episode_type":"audio","audio_file":"","podmotor_file_id":"","podmotor_episode_id":"","cover_image":"","cover_image_id":"","duration":"","filesize":"","filesize_raw":"","date_recorded":"","explicit":"","block":"","ngg_post_thumbnail":0,"_price":"","_stock":"","_tribe_ticket_header":"","_tribe_default_ticket_provider":"","_tribe_ticket_capacity":"0","_ticket_start_date":"","_ticket_end_date":"","_tribe_ticket_show_description":"","_tribe_ticket_show_not_going":false,"_tribe_ticket_use_global_stock":"","_tribe_ticket_global_stock_level":"","_global_stock_mode":"","_global_stock_cap":"","_tribe_rsvp_for_event":"","_tribe_ticket_going_count":"","_tribe_ticket_not_going_count":"","_tribe_tickets_list":"[]","_tribe_ticket_has_attendee_info_fields":false,"footnotes":""},"categories":[75,1],"tags":[269,268,266,267,270,262],"series":[547],"class_list":["post-4126","post","type-post","status-publish","format-standard","has-post-thumbnail","hentry","category-aktuelles","category-allgemein","tag-1700-jahre","tag-festjahr","tag-interview","tag-interviewreihe","tag-judentum","tag-juedisches-leben","series-haus-des-erinnerns"],"episode_featured_image":"https:\/\/www.haus-des-erinnerns-mainz.de\/wp-content\/uploads\/2021\/08\/Ankuendigung_Titel.jpg","episode_player_image":"https:\/\/www.haus-des-erinnerns-mainz.de\/wp-content\/plugins\/seriously-simple-podcasting\/assets\/images\/no-album-art.png","download_link":"","player_link":"","audio_player":false,"episode_data":{"playerMode":"dark","subscribeUrls":[],"rssFeedUrl":"https:\/\/www.haus-des-erinnerns-mainz.de\/feed\/podcast\/haus-des-erinnerns","embedCode":"<blockquote class=\"wp-embedded-content\" data-secret=\"wCBA7FtDFy\"><a href=\"https:\/\/www.haus-des-erinnerns-mainz.de\/index.php\/2021\/08\/04\/neue-interviewreihe-1700-jahre\/\">Neue Interviewreihe \u201e1700 Jahre\u201d<\/a><\/blockquote><iframe sandbox=\"allow-scripts\" security=\"restricted\" src=\"https:\/\/www.haus-des-erinnerns-mainz.de\/index.php\/2021\/08\/04\/neue-interviewreihe-1700-jahre\/embed\/#?secret=wCBA7FtDFy\" width=\"500\" height=\"350\" title=\"&#8222;Neue Interviewreihe \u201e1700 Jahre\u201d&#8220; &#8211; Haus des Erinnerns\" data-secret=\"wCBA7FtDFy\" frameborder=\"0\" marginwidth=\"0\" marginheight=\"0\" scrolling=\"no\" class=\"wp-embedded-content\"><\/iframe><script type=\"text\/javascript\">\n\/* <![CDATA[ *\/\n\/*! This file is auto-generated *\/\n!function(d,l){\"use strict\";l.querySelector&&d.addEventListener&&\"undefined\"!=typeof URL&&(d.wp=d.wp||{},d.wp.receiveEmbedMessage||(d.wp.receiveEmbedMessage=function(e){var t=e.data;if((t||t.secret||t.message||t.value)&&!\/[^a-zA-Z0-9]\/.test(t.secret)){for(var s,r,n,a=l.querySelectorAll('iframe[data-secret=\"'+t.secret+'\"]'),o=l.querySelectorAll('blockquote[data-secret=\"'+t.secret+'\"]'),c=new RegExp(\"^https?:$\",\"i\"),i=0;i<o.length;i++)o[i].style.display=\"none\";for(i=0;i<a.length;i++)s=a[i],e.source===s.contentWindow&&(s.removeAttribute(\"style\"),\"height\"===t.message?(1e3<(r=parseInt(t.value,10))?r=1e3:~~r<200&&(r=200),s.height=r):\"link\"===t.message&&(r=new URL(s.getAttribute(\"src\")),n=new URL(t.value),c.test(n.protocol))&&n.host===r.host&&l.activeElement===s&&(d.top.location.href=t.value))}},d.addEventListener(\"message\",d.wp.receiveEmbedMessage,!1),l.addEventListener(\"DOMContentLoaded\",function(){for(var e,t,s=l.querySelectorAll(\"iframe.wp-embedded-content\"),r=0;r<s.length;r++)(t=(e=s[r]).getAttribute(\"data-secret\"))||(t=Math.random().toString(36).substring(2,12),e.src+=\"#?secret=\"+t,e.setAttribute(\"data-secret\",t)),e.contentWindow.postMessage({message:\"ready\",secret:t},\"*\")},!1)))}(window,document);\n\/* ]]> *\/\n<\/script>\n"},"_links":{"self":[{"href":"https:\/\/www.haus-des-erinnerns-mainz.de\/index.php\/wp-json\/wp\/v2\/posts\/4126","targetHints":{"allow":["GET"]}}],"collection":[{"href":"https:\/\/www.haus-des-erinnerns-mainz.de\/index.php\/wp-json\/wp\/v2\/posts"}],"about":[{"href":"https:\/\/www.haus-des-erinnerns-mainz.de\/index.php\/wp-json\/wp\/v2\/types\/post"}],"author":[{"embeddable":true,"href":"https:\/\/www.haus-des-erinnerns-mainz.de\/index.php\/wp-json\/wp\/v2\/users\/4"}],"replies":[{"embeddable":true,"href":"https:\/\/www.haus-des-erinnerns-mainz.de\/index.php\/wp-json\/wp\/v2\/comments?post=4126"}],"version-history":[{"count":1,"href":"https:\/\/www.haus-des-erinnerns-mainz.de\/index.php\/wp-json\/wp\/v2\/posts\/4126\/revisions"}],"predecessor-version":[{"id":4129,"href":"https:\/\/www.haus-des-erinnerns-mainz.de\/index.php\/wp-json\/wp\/v2\/posts\/4126\/revisions\/4129"}],"wp:featuredmedia":[{"embeddable":true,"href":"https:\/\/www.haus-des-erinnerns-mainz.de\/index.php\/wp-json\/wp\/v2\/media\/4127"}],"wp:attachment":[{"href":"https:\/\/www.haus-des-erinnerns-mainz.de\/index.php\/wp-json\/wp\/v2\/media?parent=4126"}],"wp:term":[{"taxonomy":"category","embeddable":true,"href":"https:\/\/www.haus-des-erinnerns-mainz.de\/index.php\/wp-json\/wp\/v2\/categories?post=4126"},{"taxonomy":"post_tag","embeddable":true,"href":"https:\/\/www.haus-des-erinnerns-mainz.de\/index.php\/wp-json\/wp\/v2\/tags?post=4126"},{"taxonomy":"series","embeddable":true,"href":"https:\/\/www.haus-des-erinnerns-mainz.de\/index.php\/wp-json\/wp\/v2\/series?post=4126"}],"curies":[{"name":"wp","href":"https:\/\/api.w.org\/{rel}","templated":true}]}}