{"id":4051,"date":"2021-07-22T08:40:46","date_gmt":"2021-07-22T06:40:46","guid":{"rendered":"https:\/\/www.haus-des-erinnerns-mainz.de\/?p=4051"},"modified":"2021-07-22T10:34:34","modified_gmt":"2021-07-22T08:34:34","slug":"historisches-mainz-neue-stele-zum-gedenken","status":"publish","type":"post","link":"https:\/\/www.haus-des-erinnerns-mainz.de\/index.php\/2021\/07\/22\/historisches-mainz-neue-stele-zum-gedenken\/","title":{"rendered":"\u201eHistorisches Mainz\u201c: Neue Stele zum Gedenken"},"content":{"rendered":"\n<br>\n\n\n\n<figure class=\"wp-block-image size-large\"><img loading=\"lazy\" decoding=\"async\" width=\"1024\" height=\"1024\" src=\"https:\/\/www.haus-des-erinnerns-mainz.de\/wp-content\/uploads\/2021\/07\/20210721_1654031-1024x1024.jpg\" alt=\"\" class=\"wp-image-4052\" srcset=\"https:\/\/www.haus-des-erinnerns-mainz.de\/wp-content\/uploads\/2021\/07\/20210721_1654031-1024x1024.jpg 1024w, https:\/\/www.haus-des-erinnerns-mainz.de\/wp-content\/uploads\/2021\/07\/20210721_1654031-300x300.jpg 300w, https:\/\/www.haus-des-erinnerns-mainz.de\/wp-content\/uploads\/2021\/07\/20210721_1654031-150x150.jpg 150w, https:\/\/www.haus-des-erinnerns-mainz.de\/wp-content\/uploads\/2021\/07\/20210721_1654031-768x768.jpg 768w, https:\/\/www.haus-des-erinnerns-mainz.de\/wp-content\/uploads\/2021\/07\/20210721_1654031-1536x1536.jpg 1536w, https:\/\/www.haus-des-erinnerns-mainz.de\/wp-content\/uploads\/2021\/07\/20210721_1654031-2048x2048.jpg 2048w\" sizes=\"auto, (max-width: 1024px) 100vw, 1024px\" \/><figcaption><sup>Foto: Die neu enth\u00fcllte Gedenkstele auf dem Ernst-Ludwig-Platz in Mainz (\u00a9 HdE)<\/sup><\/figcaption><\/figure>\n\n\n\n<br>\n\n\n\n<p>Gestern, am 21. Juli 2021, wurde auf dem Ernst-Ludwig-Platz in Mainz eine neue Stele zum Gedenken an die Verfolgung von Menschen aufgrund ihrer geschlechtlichen Identit\u00e4t und\/oder sexuellen Orientierung in der Zeit des Nationalsozialismus und der Nachkriegszeit enth\u00fcllt. <\/p>\n\n\n\n<p>Der Mainzer Stadtrat hatte in einer Sitzung am 13. Februar 2019 einstimmig beschlossen, die Reihe \u201eHistorisches Mainz\u201c um eine Gedenkstele f\u00fcr diese Opfergruppe zu erweitern. Das Besondere an dieser neuen Stele ist, dass sie einen Bezug zu der Beibehaltung des \u00a7 175 StGB in der Nachkriegszeit herstellt. Dabei bildet sie bundesweit den ersten Erinnerungsort, an dem allen Opfern mit LSBTIQ-Hintergrund gleichzeitig gedacht wird. <\/p>\n\n\n\n<p>Gemeinsam mit Mainzer Vereinen und Initiativen aus dem LSBTIQ-Bereich sowie auch der Stiftung \u201eHaus des Erinnerns \u2013 f\u00fcr Demokratie und Akzeptanz Mainz\u201c wurde in \u00dcbereinstimmung mit dem Land Rheinland-Pfalz eine geeignete Inschrift f\u00fcr die Gedenkstele erarbeitet. <\/p>\n\n\n\n\n\n<div class=\"wp-block-image\"><figure class=\"alignleft size-large is-resized\"><img loading=\"lazy\" decoding=\"async\" src=\"https:\/\/www.haus-des-erinnerns-mainz.de\/wp-content\/uploads\/2021\/05\/Quotes_Beginn_grau-1024x855.png\" alt=\"\" class=\"wp-image-3601\" width=\"85\" height=\"70\" srcset=\"https:\/\/www.haus-des-erinnerns-mainz.de\/wp-content\/uploads\/2021\/05\/Quotes_Beginn_grau-1024x855.png 1024w, https:\/\/www.haus-des-erinnerns-mainz.de\/wp-content\/uploads\/2021\/05\/Quotes_Beginn_grau-300x250.png 300w, https:\/\/www.haus-des-erinnerns-mainz.de\/wp-content\/uploads\/2021\/05\/Quotes_Beginn_grau-768x641.png 768w, https:\/\/www.haus-des-erinnerns-mainz.de\/wp-content\/uploads\/2021\/05\/Quotes_Beginn_grau-1536x1282.png 1536w, https:\/\/www.haus-des-erinnerns-mainz.de\/wp-content\/uploads\/2021\/05\/Quotes_Beginn_grau-150x125.png 150w, https:\/\/www.haus-des-erinnerns-mainz.de\/wp-content\/uploads\/2021\/05\/Quotes_Beginn_grau.png 1960w\" sizes=\"auto, (max-width: 85px) 100vw, 85px\" \/><\/figure><\/div>\n\n\n\n<p class=\"has-background\" style=\"background-color:#aec2d4\">Totgeschlagen. Totgeschwiegen.<br>M\u00e4nner, die M\u00e4nner liebten, Frauen, die Frauen liebten, und Menschen, deren Geschlechtsidentit\u00e4t nicht der vorherrschenden Norm entsprach, wurden in der nationalsozialistischen Diktatur erniedrigt, verfolg und ermordet. In der jungen Bundesrepublik sind die Verbrechen an ihnen verschwiegen worden. Schwule M\u00e4nner wurden in Anwendung des verfehlten \u00a7 175 Strafgesetzbuch weiterhin von Polizei und Justiz strafrechtlich belangt und verurteilt. Frauen konnten keine lesbische Beziehung eingehen, ohne schwerwiegende Nachteile wie die fehlende Existenzsicherung oder den Verlust der Kinder zu riskieren. Menschen, deren Lebensf\u00fchrung, sexuelle Orientierung und gelebte Geschlechtsidentit\u00e4t nicht den gesellschaftlichen Normen entsprachen, wurden verachtet, diskriminiert und ausgegrenzt. <br>Wir erinnern an alle Menschen, denen f\u00fcr ihre Art zu lieben und zu leben gro\u00dfes Leid angetan wurde oder die daf\u00fcr sterben mussten. In vielen Staaten geschieht das noch immer. Auch in der Bundesrepublik gibt es bis heute Einstellungen, Strukturen und Gesetze, die Lesben, Schwule, Bisexuelle, Transidente, intergeschlechtliche und Queere (LSBTIQ) benachteiligen. Nur unser fortw\u00e4hrender Einsatz hilft, dies zu ver\u00e4ndern. Die Menschenrechte brauchen stets und \u00fcberall unseren Schutz, damit wir alle frei und selbstbestimmt leben k\u00f6nnen.\u201c<\/p>\n\n\n\n<br>\n\n\n\n<p>Bei der Enth\u00fcllung sprachen Oberb\u00fcrgermeister Michael Ebling, Landtagspr\u00e4sident Hendrik Hering, Familienstaatsministerin Katharina Binz sowie Joachim Schulte, Sprecher von Queernet Rheinland-Pfalz. Dabei machten sie alle deutlich, dass diese neue Gedenkstelle Ort der Erinnerung und Mahnung zugleich ist. Katharina Binz: \u201eDie Gedenkstele ist damit zugleich Erinnerung an die Opfer staatlichen Handelns aber auch Mahnung an den Staat. Die Universalit\u00e4t der Menschenrechte f\u00fcr lesbische, schwule, bisexuelle, transidente, intergeschlechtliche und nichtbin\u00e4re Menschen darf in Deutschland nie wieder in Frage stehen.\u201c Zugleich verwiesen alle Redner*innen auf die Verst\u00f6\u00dfe gegen die Menschenrechte und die fortdauernde Ausgrenzung und Verfolgung von LSBTIQ-Personen in europ\u00e4ischen Nachbarstaaten wie Polen oder Ungarn. Nun wurde die neue Gedenkstele auf dem Ernst-Ludwig-Platz gemeinsam enth\u00fcllt. Gerade dieser gew\u00e4hlte Ort \u2013 vor den Geb\u00e4uden des Land- und Amtsgerichtes \u2013 steht f\u00fcr das Weiterwirken des \u00a7 175 in der Bundesrepublik sowie die Beteiligung der Justiz \u00fcber die Strafgerichtsbarkeit mit erfolgten Verurteilungen nach \u00a7 175 StGB. <\/p>\n\n\n\nngg_shortcode_0_placeholder\n\n\n\n<p>Die Forschung zur Verfolgung von Menschen aufgrund ihrer geschlechtlichen Identit\u00e4t und\/oder sexuellen Orientierung durch das NS-Regime steht erst am Anfang. Die Stiftung \u201eHaus des Erinnerns \u2013 f\u00fcr Demokratie und Akzeptanz Mainz\u201c hat mit Dr. Kirsten Pl\u00f6tz eine renommierte Historikerin auf diesem Themengebiet engagiert, um ein Forschungsprojekt f\u00fcr diese Opfergruppe aus Mainz durchzuf\u00fchren. Noch in diesem Jahr soll das Projekt mit der Erstellung eines wissenschaftlichen Faltblattes zu der neu enth\u00fcllten Gedenkstele der \u00d6ffentlichkeit zug\u00e4nglich gemacht werden. Zudem sieht die Landeshauptstadt Mainz vor, gemeinsam mit der Stiftung \u201eHaus des Erinnerns \u2013 f\u00fcr Demokratie und Akzeptanz Mainz\u201c den Pfad der Erinnerung um den neuen Gedenkort zu erweitern und neu aufzulegen. <\/p>\n","protected":false},"excerpt":{"rendered":"<p>Gestern, am 21. Juli 2021, wurde auf dem Ernst-Ludwig-Platz in Mainz eine neue Stele zum Gedenken an die Verfolgung von Menschen aufgrund ihrer geschlechtlichen Identit\u00e4t und\/oder sexuellen Orientierung in der Zeit des Nationalsozialismus und der Nachkriegszeit enth\u00fcllt. Der Mainzer Stadtrat hatte in einer Sitzung am 13. Februar 2019 einstimmig beschlossen,&#8230;<\/p>\n<p> <a class=\"continue-reading-link\" href=\"https:\/\/www.haus-des-erinnerns-mainz.de\/index.php\/2021\/07\/22\/historisches-mainz-neue-stele-zum-gedenken\/\"><span>Weiterlesen<\/span><i class=\"crycon-right-dir\"><\/i><\/a> <\/p>\n","protected":false},"author":4,"featured_media":4052,"comment_status":"closed","ping_status":"closed","sticky":false,"template":"","format":"standard","meta":{"episode_type":"audio","audio_file":"","podmotor_file_id":"","podmotor_episode_id":"","cover_image":"","cover_image_id":"","duration":"","filesize":"","filesize_raw":"","date_recorded":"","explicit":"","block":"","ngg_post_thumbnail":0,"_price":"","_stock":"","_tribe_ticket_header":"","_tribe_default_ticket_provider":"","_tribe_ticket_capacity":"0","_ticket_start_date":"","_ticket_end_date":"","_tribe_ticket_show_description":"","_tribe_ticket_show_not_going":false,"_tribe_ticket_use_global_stock":"","_tribe_ticket_global_stock_level":"","_global_stock_mode":"","_global_stock_cap":"","_tribe_rsvp_for_event":"","_tribe_ticket_going_count":"","_tribe_ticket_not_going_count":"","_tribe_tickets_list":"[]","_tribe_ticket_has_attendee_info_fields":false,"footnotes":""},"categories":[75,1],"tags":[252,258,257],"series":[547],"class_list":["post-4051","post","type-post","status-publish","format-standard","has-post-thumbnail","hentry","category-aktuelles","category-allgemein","tag-gedenken","tag-historisches-mainz","tag-lsbtiq","series-haus-des-erinnerns"],"episode_featured_image":"https:\/\/www.haus-des-erinnerns-mainz.de\/wp-content\/uploads\/2021\/07\/20210721_1654031-scaled.jpg","episode_player_image":"https:\/\/www.haus-des-erinnerns-mainz.de\/wp-content\/plugins\/seriously-simple-podcasting\/assets\/images\/no-album-art.png","download_link":"","player_link":"","audio_player":false,"episode_data":{"playerMode":"dark","subscribeUrls":[],"rssFeedUrl":"https:\/\/www.haus-des-erinnerns-mainz.de\/feed\/podcast\/haus-des-erinnerns","embedCode":"<blockquote class=\"wp-embedded-content\" data-secret=\"tWRm2uLHRg\"><a href=\"https:\/\/www.haus-des-erinnerns-mainz.de\/index.php\/2021\/07\/22\/historisches-mainz-neue-stele-zum-gedenken\/\">\u201eHistorisches Mainz\u201c: Neue Stele zum Gedenken<\/a><\/blockquote><iframe sandbox=\"allow-scripts\" security=\"restricted\" src=\"https:\/\/www.haus-des-erinnerns-mainz.de\/index.php\/2021\/07\/22\/historisches-mainz-neue-stele-zum-gedenken\/embed\/#?secret=tWRm2uLHRg\" width=\"500\" height=\"350\" title=\"&#8222;\u201eHistorisches Mainz\u201c: Neue Stele zum Gedenken&#8220; &#8211; Haus des Erinnerns\" data-secret=\"tWRm2uLHRg\" frameborder=\"0\" marginwidth=\"0\" marginheight=\"0\" scrolling=\"no\" class=\"wp-embedded-content\"><\/iframe><script type=\"text\/javascript\">\n\/* <![CDATA[ *\/\n\/*! This file is auto-generated *\/\n!function(d,l){\"use strict\";l.querySelector&&d.addEventListener&&\"undefined\"!=typeof URL&&(d.wp=d.wp||{},d.wp.receiveEmbedMessage||(d.wp.receiveEmbedMessage=function(e){var t=e.data;if((t||t.secret||t.message||t.value)&&!\/[^a-zA-Z0-9]\/.test(t.secret)){for(var s,r,n,a=l.querySelectorAll('iframe[data-secret=\"'+t.secret+'\"]'),o=l.querySelectorAll('blockquote[data-secret=\"'+t.secret+'\"]'),c=new RegExp(\"^https?:$\",\"i\"),i=0;i<o.length;i++)o[i].style.display=\"none\";for(i=0;i<a.length;i++)s=a[i],e.source===s.contentWindow&&(s.removeAttribute(\"style\"),\"height\"===t.message?(1e3<(r=parseInt(t.value,10))?r=1e3:~~r<200&&(r=200),s.height=r):\"link\"===t.message&&(r=new URL(s.getAttribute(\"src\")),n=new URL(t.value),c.test(n.protocol))&&n.host===r.host&&l.activeElement===s&&(d.top.location.href=t.value))}},d.addEventListener(\"message\",d.wp.receiveEmbedMessage,!1),l.addEventListener(\"DOMContentLoaded\",function(){for(var e,t,s=l.querySelectorAll(\"iframe.wp-embedded-content\"),r=0;r<s.length;r++)(t=(e=s[r]).getAttribute(\"data-secret\"))||(t=Math.random().toString(36).substring(2,12),e.src+=\"#?secret=\"+t,e.setAttribute(\"data-secret\",t)),e.contentWindow.postMessage({message:\"ready\",secret:t},\"*\")},!1)))}(window,document);\n\/* ]]> *\/\n<\/script>\n"},"_links":{"self":[{"href":"https:\/\/www.haus-des-erinnerns-mainz.de\/index.php\/wp-json\/wp\/v2\/posts\/4051","targetHints":{"allow":["GET"]}}],"collection":[{"href":"https:\/\/www.haus-des-erinnerns-mainz.de\/index.php\/wp-json\/wp\/v2\/posts"}],"about":[{"href":"https:\/\/www.haus-des-erinnerns-mainz.de\/index.php\/wp-json\/wp\/v2\/types\/post"}],"author":[{"embeddable":true,"href":"https:\/\/www.haus-des-erinnerns-mainz.de\/index.php\/wp-json\/wp\/v2\/users\/4"}],"replies":[{"embeddable":true,"href":"https:\/\/www.haus-des-erinnerns-mainz.de\/index.php\/wp-json\/wp\/v2\/comments?post=4051"}],"version-history":[{"count":4,"href":"https:\/\/www.haus-des-erinnerns-mainz.de\/index.php\/wp-json\/wp\/v2\/posts\/4051\/revisions"}],"predecessor-version":[{"id":4064,"href":"https:\/\/www.haus-des-erinnerns-mainz.de\/index.php\/wp-json\/wp\/v2\/posts\/4051\/revisions\/4064"}],"wp:featuredmedia":[{"embeddable":true,"href":"https:\/\/www.haus-des-erinnerns-mainz.de\/index.php\/wp-json\/wp\/v2\/media\/4052"}],"wp:attachment":[{"href":"https:\/\/www.haus-des-erinnerns-mainz.de\/index.php\/wp-json\/wp\/v2\/media?parent=4051"}],"wp:term":[{"taxonomy":"category","embeddable":true,"href":"https:\/\/www.haus-des-erinnerns-mainz.de\/index.php\/wp-json\/wp\/v2\/categories?post=4051"},{"taxonomy":"post_tag","embeddable":true,"href":"https:\/\/www.haus-des-erinnerns-mainz.de\/index.php\/wp-json\/wp\/v2\/tags?post=4051"},{"taxonomy":"series","embeddable":true,"href":"https:\/\/www.haus-des-erinnerns-mainz.de\/index.php\/wp-json\/wp\/v2\/series?post=4051"}],"curies":[{"name":"wp","href":"https:\/\/api.w.org\/{rel}","templated":true}]}}