{"id":3842,"date":"2021-06-24T13:16:44","date_gmt":"2021-06-24T11:16:44","guid":{"rendered":"https:\/\/www.haus-des-erinnerns-mainz.de\/?p=3842"},"modified":"2021-06-24T13:18:07","modified_gmt":"2021-06-24T11:18:07","slug":"einladung-zur-buchvorstellung-8-juli","status":"publish","type":"post","link":"https:\/\/www.haus-des-erinnerns-mainz.de\/index.php\/2021\/06\/24\/einladung-zur-buchvorstellung-8-juli\/","title":{"rendered":"Einladung zur Buchvorstellung | 8. Juli"},"content":{"rendered":"\n<p><\/p>\n\n\n\n<div class=\"wp-block-image\"><figure class=\"aligncenter size-large\"><img loading=\"lazy\" decoding=\"async\" width=\"457\" height=\"648\" src=\"https:\/\/www.haus-des-erinnerns-mainz.de\/wp-content\/uploads\/2021\/06\/Titel_Walter-Gru\u0308nfeld_fu\u0308r-Wochenschau-Verlag_RZ_2021.jpg\" alt=\"\" class=\"wp-image-3686\" srcset=\"https:\/\/www.haus-des-erinnerns-mainz.de\/wp-content\/uploads\/2021\/06\/Titel_Walter-Gru\u0308nfeld_fu\u0308r-Wochenschau-Verlag_RZ_2021.jpg 457w, https:\/\/www.haus-des-erinnerns-mainz.de\/wp-content\/uploads\/2021\/06\/Titel_Walter-Gru\u0308nfeld_fu\u0308r-Wochenschau-Verlag_RZ_2021-212x300.jpg 212w, https:\/\/www.haus-des-erinnerns-mainz.de\/wp-content\/uploads\/2021\/06\/Titel_Walter-Gru\u0308nfeld_fu\u0308r-Wochenschau-Verlag_RZ_2021-106x150.jpg 106w\" sizes=\"auto, (max-width: 457px) 100vw, 457px\" \/><\/figure><\/div>\n\n\n\n<p><strong><em>\u201eWir waren zun\u00e4chst mal froh, dass wir noch lebten.\u201c Die Erinnerungen Walter Gr\u00fcnfelds an seine Kindheit und Jugend in Mainz<\/em><\/strong>, so lautet der Titel des ersten Bandes der Schriftenreihe \u201eErinnerungskultur und Demokratie\u201c, herausgegeben von der Stiftung \u201eHaus des Erinnerns \u2013 f\u00fcr Demokratie und Akzeptanz Mainz\u201c in Kooperation mit dem \u201eF\u00f6rderverein Projekt Osthofen e. V.\u201c sowie dem \u201eVerein f\u00fcr Sozialgeschichte Mainz e. V.\u201c. <strong>Am Donnerstag, dem 8. Juli 2021, um 19 Uhr stellen wir diesen Band in den Mainzer Kammerspielen \u00f6ffentlich vor.<\/strong><\/p>\n\n\n\n<p>Walter Gr\u00fcnfeld, 1921 in Darmstadt geboren, schrieb seine Erinnerungen Ende der 1990er-Jahre f\u00fcr seine Tochter und seine Enkel auf. Diese Erinnerungen reichen von seiner Kindheit und Jugend nach dem Ersten Weltkrieg, \u00fcber die Zeit der Weimarer Republik und der NS-Diktatur bis zur unmittelbaren Nachkriegszeit nach dem Zweiten Weltkrieg. Sie vermitteln exemplarische Einblicke in die Lebenssituation j\u00fcdischer Menschen, die sich mit Beginn der nationalsozialistischen Diktatur immer weiter verschlechterten \u2013 bis hin zum Verlust vieler Familienmitglieder und ganzer Freundeskreise in der Shoah. Walter Gr\u00fcnfelds Schilderungen, die er handschriftlich verfasste, sind gepr\u00e4gt von der Liebe und einer gewissen Wehmut in der Erinnerung an seine Heimat. Neben dem ganz pers\u00f6nlichen R\u00fcckblick zeichnet der historisch-politisch interessierte Walter Gr\u00fcnfeld zugleich ein authentisches Bild dieser Zeit. Erg\u00e4nzt werden die Erinnerungen durch umfangreiche Kommentare sowie zahlreiche zeithistorische Informationen.<\/p>\n\n\n\n<p>Die Edition Walter Gr\u00fcnfelds Erinnerungen bietet somit authentische Einblicke in den Alltag j\u00fcdischer Menschen in einer sich immer weiter verschlechternden Situation und zugleich in den zeitgeschichtlichen Kontext mit dem Fokus auf der NS-Diktatur in Mainz und Umgebung.<\/p>\n\n\n\n<p><strong><a href=\"https:\/\/www.haus-des-erinnerns-mainz.de\/wp-content\/uploads\/2021\/06\/HdE_Einladung_Buchvorstellung_Gru\u0308nfeld_RZ_online_2021-5.pdf\">Hier<\/a><\/strong> k\u00f6nnen Sie sich den Einladungsflyer mit genauem Programmablauf herunterladen.<\/p>\n\n\n\n<p><strong>Eine Teilnahme ist nur nach vorheriger Anmeldung m\u00f6glich. Bis zum 4. Juli 2021 k\u00f6nnen Sie sich f\u00fcr die Buchvorstellung bei <a href=\"mailto: cornelia.dold@haus-des-erinnerns-mainz.de\">cornelia.dold[at]haus-des-erinnerns-mainz.de<\/a>&nbsp;per Mail anmelden. Der Eintritt ist frei.<\/strong><\/p>\n\n\n\n<p><em>Eine gemeinsame Veranstaltung des Hauses des Erinnerns mit dem \u201eF\u00f6rderverein Projekt Osthofen e. V.\u201c, dem \u201eVerein f\u00fcr Sozialgeschichte Mainz e. V.\u201c den Mainzer Kammerspielen sowie der Landeshauptstadt Mainz.&nbsp;<\/em><\/p>\n\n\n\n<hr class=\"wp-block-separator is-style-wide\"\/>\n\n\n\n<p>Diese besonderen&nbsp;<strong>Coronaschutz-Regeln<\/strong> gelten aktuell beim Besuch der Mainzer Kammerspiele:<\/p>\n\n\n\n<ul class=\"wp-block-list\"><li><strong>Abstand&nbsp;<\/strong>und&nbsp;<strong>Maskenpflicht&nbsp;<\/strong>(am Platz kann die Maske abgenommen werden)<\/li><li><strong>Kontaktdaten&nbsp;<\/strong>werden erhoben<\/li><li>Selbstverst\u00e4ndlich sind alle unsere&nbsp;<strong>Mitarbeiter*innen und K\u00fcnstler*innen<\/strong> immer tagesaktuell <strong>getestet&nbsp;<\/strong>und achten auf strengste Einhaltung aller&nbsp;<strong>Hygienevorschriften<\/strong><\/li><li>Die&nbsp;<strong>Zuschauerzahl&nbsp;<\/strong>ist&nbsp;<strong>stark reduziert<\/strong>, bitte reservieren oder kaufen Sie rechtzeitig.<\/li><li>Besuch nur mit&nbsp;<strong>aktuellem negativen Testergebnis<\/strong>&nbsp;(max. 24 Std.),oder Nachweisen f\u00fcr folgenden Status:<strong>2 x geimpft<\/strong>&nbsp;(mind. 14 Tage),oder&nbsp;<strong>genesen&nbsp;<\/strong>(max. 6 Monate),oder <strong>fr\u00fcher genesen + 1 x geimpft<\/strong>&nbsp;(mind. 14 Tage)<\/li><\/ul>\n\n\n\n<p>Vor Ihren Vorstellungsbesuchen k\u00f6nnen Sie sich beliebig oft kostenlos in der&nbsp;<strong>kommunalen Teststelle&nbsp;im KUZ<\/strong>, oder bei der&nbsp;<strong>Teststelle im Hyatt Hotel<\/strong>, beide&nbsp;<strong>direkt neben unserem Theater<\/strong>, testen lassen. Bitte warten Sie au\u00dferhalb unseres Theaters, bis Sie Ihr negatives Testergebnis erhalten haben (ca. 15-20 Minuten).&nbsp;<strong>Terminvereinbarung&nbsp;<\/strong>unter:<\/p>\n\n\n\n<p>(KUZ):&nbsp;<a href=\"https:\/\/mainz.probatix.de\/de\/pick-slot\">www.mainz.probatix.de<\/a><\/p>\n\n\n\n<p>(HYATT):&nbsp;<a href=\"https:\/\/vivenu.com\/seller\/schnelltestzentrum-hyatt-regency-mainz-og5i\/burgertest-hyatt-mainz-cfm4\">www.vivenu.com<\/a><\/p>\n\n\n\n<p>Weitere Testm\u00f6glichkeiten finden Sie unter:&nbsp;<a href=\"http:\/\/www.mainz.de\/\">www.mainz.de<\/a><\/p>\n","protected":false},"excerpt":{"rendered":"<p>\u201eWir waren zun\u00e4chst mal froh, dass wir noch lebten.\u201c Die Erinnerungen Walter Gr\u00fcnfelds an seine Kindheit und Jugend in Mainz, so lautet der Titel des ersten Bandes der Schriftenreihe \u201eErinnerungskultur und Demokratie\u201c, herausgegeben von der Stiftung \u201eHaus des Erinnerns \u2013 f\u00fcr Demokratie und Akzeptanz Mainz\u201c in Kooperation mit dem \u201eF\u00f6rderverein&#8230;<\/p>\n<p> <a class=\"continue-reading-link\" href=\"https:\/\/www.haus-des-erinnerns-mainz.de\/index.php\/2021\/06\/24\/einladung-zur-buchvorstellung-8-juli\/\"><span>Weiterlesen<\/span><i class=\"crycon-right-dir\"><\/i><\/a> <\/p>\n","protected":false},"author":4,"featured_media":3686,"comment_status":"closed","ping_status":"closed","sticky":false,"template":"","format":"standard","meta":{"episode_type":"audio","audio_file":"","podmotor_file_id":"","podmotor_episode_id":"","cover_image":"","cover_image_id":"","duration":"","filesize":"","filesize_raw":"","date_recorded":"","explicit":"","block":"","ngg_post_thumbnail":0,"_price":"","_stock":"","_tribe_ticket_header":"","_tribe_default_ticket_provider":"","_tribe_ticket_capacity":"0","_ticket_start_date":"","_ticket_end_date":"","_tribe_ticket_show_description":"","_tribe_ticket_show_not_going":false,"_tribe_ticket_use_global_stock":"","_tribe_ticket_global_stock_level":"","_global_stock_mode":"","_global_stock_cap":"","_tribe_rsvp_for_event":"","_tribe_ticket_going_count":"","_tribe_ticket_not_going_count":"","_tribe_tickets_list":"[]","_tribe_ticket_has_attendee_info_fields":false,"footnotes":""},"categories":[75,1],"tags":[],"series":[547],"class_list":["post-3842","post","type-post","status-publish","format-standard","has-post-thumbnail","hentry","category-aktuelles","category-allgemein","series-haus-des-erinnerns"],"episode_featured_image":"https:\/\/www.haus-des-erinnerns-mainz.de\/wp-content\/uploads\/2021\/06\/Titel_Walter-Gru\u0308nfeld_fu\u0308r-Wochenschau-Verlag_RZ_2021.jpg","episode_player_image":"https:\/\/www.haus-des-erinnerns-mainz.de\/wp-content\/plugins\/seriously-simple-podcasting\/assets\/images\/no-album-art.png","download_link":"","player_link":"","audio_player":false,"episode_data":{"playerMode":"dark","subscribeUrls":[],"rssFeedUrl":"https:\/\/www.haus-des-erinnerns-mainz.de\/feed\/podcast\/haus-des-erinnerns","embedCode":"<blockquote class=\"wp-embedded-content\" data-secret=\"segIpXitXX\"><a href=\"https:\/\/www.haus-des-erinnerns-mainz.de\/index.php\/2021\/06\/24\/einladung-zur-buchvorstellung-8-juli\/\">Einladung zur Buchvorstellung | 8. Juli<\/a><\/blockquote><iframe sandbox=\"allow-scripts\" security=\"restricted\" src=\"https:\/\/www.haus-des-erinnerns-mainz.de\/index.php\/2021\/06\/24\/einladung-zur-buchvorstellung-8-juli\/embed\/#?secret=segIpXitXX\" width=\"500\" height=\"350\" title=\"&#8222;Einladung zur Buchvorstellung | 8. Juli&#8220; &#8211; Haus des Erinnerns\" data-secret=\"segIpXitXX\" frameborder=\"0\" marginwidth=\"0\" marginheight=\"0\" scrolling=\"no\" class=\"wp-embedded-content\"><\/iframe><script type=\"text\/javascript\">\n\/* <![CDATA[ *\/\n\/*! This file is auto-generated *\/\n!function(d,l){\"use strict\";l.querySelector&&d.addEventListener&&\"undefined\"!=typeof URL&&(d.wp=d.wp||{},d.wp.receiveEmbedMessage||(d.wp.receiveEmbedMessage=function(e){var t=e.data;if((t||t.secret||t.message||t.value)&&!\/[^a-zA-Z0-9]\/.test(t.secret)){for(var s,r,n,a=l.querySelectorAll('iframe[data-secret=\"'+t.secret+'\"]'),o=l.querySelectorAll('blockquote[data-secret=\"'+t.secret+'\"]'),c=new RegExp(\"^https?:$\",\"i\"),i=0;i<o.length;i++)o[i].style.display=\"none\";for(i=0;i<a.length;i++)s=a[i],e.source===s.contentWindow&&(s.removeAttribute(\"style\"),\"height\"===t.message?(1e3<(r=parseInt(t.value,10))?r=1e3:~~r<200&&(r=200),s.height=r):\"link\"===t.message&&(r=new URL(s.getAttribute(\"src\")),n=new URL(t.value),c.test(n.protocol))&&n.host===r.host&&l.activeElement===s&&(d.top.location.href=t.value))}},d.addEventListener(\"message\",d.wp.receiveEmbedMessage,!1),l.addEventListener(\"DOMContentLoaded\",function(){for(var e,t,s=l.querySelectorAll(\"iframe.wp-embedded-content\"),r=0;r<s.length;r++)(t=(e=s[r]).getAttribute(\"data-secret\"))||(t=Math.random().toString(36).substring(2,12),e.src+=\"#?secret=\"+t,e.setAttribute(\"data-secret\",t)),e.contentWindow.postMessage({message:\"ready\",secret:t},\"*\")},!1)))}(window,document);\n\/* ]]> *\/\n<\/script>\n"},"_links":{"self":[{"href":"https:\/\/www.haus-des-erinnerns-mainz.de\/index.php\/wp-json\/wp\/v2\/posts\/3842","targetHints":{"allow":["GET"]}}],"collection":[{"href":"https:\/\/www.haus-des-erinnerns-mainz.de\/index.php\/wp-json\/wp\/v2\/posts"}],"about":[{"href":"https:\/\/www.haus-des-erinnerns-mainz.de\/index.php\/wp-json\/wp\/v2\/types\/post"}],"author":[{"embeddable":true,"href":"https:\/\/www.haus-des-erinnerns-mainz.de\/index.php\/wp-json\/wp\/v2\/users\/4"}],"replies":[{"embeddable":true,"href":"https:\/\/www.haus-des-erinnerns-mainz.de\/index.php\/wp-json\/wp\/v2\/comments?post=3842"}],"version-history":[{"count":2,"href":"https:\/\/www.haus-des-erinnerns-mainz.de\/index.php\/wp-json\/wp\/v2\/posts\/3842\/revisions"}],"predecessor-version":[{"id":3844,"href":"https:\/\/www.haus-des-erinnerns-mainz.de\/index.php\/wp-json\/wp\/v2\/posts\/3842\/revisions\/3844"}],"wp:featuredmedia":[{"embeddable":true,"href":"https:\/\/www.haus-des-erinnerns-mainz.de\/index.php\/wp-json\/wp\/v2\/media\/3686"}],"wp:attachment":[{"href":"https:\/\/www.haus-des-erinnerns-mainz.de\/index.php\/wp-json\/wp\/v2\/media?parent=3842"}],"wp:term":[{"taxonomy":"category","embeddable":true,"href":"https:\/\/www.haus-des-erinnerns-mainz.de\/index.php\/wp-json\/wp\/v2\/categories?post=3842"},{"taxonomy":"post_tag","embeddable":true,"href":"https:\/\/www.haus-des-erinnerns-mainz.de\/index.php\/wp-json\/wp\/v2\/tags?post=3842"},{"taxonomy":"series","embeddable":true,"href":"https:\/\/www.haus-des-erinnerns-mainz.de\/index.php\/wp-json\/wp\/v2\/series?post=3842"}],"curies":[{"name":"wp","href":"https:\/\/api.w.org\/{rel}","templated":true}]}}